{"id":57090,"date":"2020-07-09T09:15:31","date_gmt":"2020-07-09T14:15:31","guid":{"rendered":"http:\/\/www.lospoliticosveracruz.com.mx\/?p=57090"},"modified":"2020-07-09T09:15:31","modified_gmt":"2020-07-09T14:15:31","slug":"el-ultimo-chance-de-cuic","status":"publish","type":"post","link":"https:\/\/lospoliticosveracruz.com.mx\/?p=57090","title":{"rendered":"\u00bfEl \u00faltimo chance de Cuic?"},"content":{"rendered":"<p><strong>Ricardo Ch\u00faa<\/strong><\/p>\n<p><em>Sale y Vale<\/em><\/p>\n<p>OJO&#8230; Despu\u00e9s del anuncio hecho por el gobernador, Cuitl\u00e1huac Garc\u00eda, de que sean los alcaldes que se encarguen de vigilar las medidas sanitarias en sus municipios para evitar m\u00e1s contagios del COVID-19&#8230; Por lo menos, se espera que el mandatario de MORENA se comporte ahora si como \u00abHombre de Estado\u00bb y no como candidato de partido pol\u00edtico&#8230; Y de una vez todas, SE RE\u00daNA con los alcaldes de Veracruz, hasta con los que se \u00abenferma\u00bb con tan s\u00f3lo con verlos&#8230; Para llegar a un acuerdo y establecer cercos sanitarios&#8230;<\/p>\n<p>Cuitl\u00e1huac debe realizar las mismas pol\u00edticas de di\u00e1logo e integraci\u00f3n con alcaldes de oposici\u00f3n&#8230; Tal como lo hace Enrique Alfaro, Mauricio Vila, Jaime Rodr\u00edguez y Diego Shinue&#8230; A pesar de que le \u00abduele hasta el h\u00edgado\u00bb que lo comparen con ellos&#8230; S\u00f3lo debe quitarse la \u00abvenda Morena de los ojos\u00bb y ver, los resultados favorables que han tenido esos Estados, donde hay acuerdos entre los gobernadores y mun\u00edcipes&#8230; No por nada, esas entidades tienen menos n\u00fameros de contagios de COVID que Veracruz&#8230;<\/p>\n<p>Esta, quiz\u00e1s, sea la \u00faltima oportunidad que tiene Cuitl\u00e1huac Garc\u00eda para poder convertirse en un gobernador constitucional, no en un mandatario sectario, que s\u00f3lo gobierna para los que piensan como \u00e9l&#8230; Que recuerde que m\u00e1s de 6 millones de veracruzanos, no votaron por \u00e9l&#8230; Adem\u00e1s est\u00e1 ocasi\u00f3n, no se le va a presentar dos veces, o aprovecha ahora para acordar y combatir con todo la pandemia del Coronavirus o deja que al Estado, se lo cargue \u00abel payaso\u00bb&#8230; Y en unos meses m\u00e1s, nada tenga que hacer en Veracruz&#8230; Depende de \u00e9l&#8230;.<\/p>\n<p>LOS ECOS DEL PRE-INFORME&#8230; Todav\u00eda le siguen dando con todo a Cuitl\u00e1huac Garc\u00eda en redes sociales por el Pre Informe que hizo por lo realizado en su administraci\u00f3n en los primeros 6 meses del 2020, evento que se llev\u00f3 a cabo el pasado lunes, en Xalapa, donde es oriundo el gobernador, aunque muchos dicen que naci\u00f3 en Acayucan&#8230; Las \u00abbenditas\u00bb redes se\u00f1alan que al menos, en los 18 meses que lleva de mandatario&#8230; NO HAY NINGUNA OBRA P\u00daBLICA que se le agradezca en la capital&#8230;. As\u00ed de duro y tupido los comentarios&#8230;<\/p>\n<p>Le se\u00f1alan que ah\u00ed est\u00e1n las encuestas que hablan sobre la seguridad y que la percepci\u00f3n ciudadana da a conocer que en el Estado, se ve a Veracruz como una entidad insegura para la inversi\u00f3n y sociedad&#8230; Que se est\u00e1 a merced de la delincuencia&#8230; Por eso, en los sondeos se\u00f1alan que Cuitl\u00e1huac tiene un \u00abgobierno opaco\u00bb en materia de seguridad&#8230;. Le ven muchas \u00absombras\u00bb y con los delitos de alto impacto como los femicidios ocurridos en los \u00faltimos d\u00edas&#8230; La situaci\u00f3n se le pone al gobernador muy canija&#8230; Y los reclamos no se hacen esperar&#8230;<\/p>\n<p>Ya que los cuestionamientos m\u00e1s graves al gobernador despu\u00e9s de su informe en redes sociales&#8230; Le exigen que indique d\u00f3nde est\u00e1n esas inversiones que dice hay en Veracruz&#8230; Si los grupos empresariales, se han ido del Estado a otros sitios como Quer\u00e9taro o Yucat\u00e1n&#8230; Y la \u00faltima fue la salida de la empresa espa\u00f1ola \u00abIberdrola\u00bb de Tuxpan, fue el acabose,.. Por eso, en materia de inversi\u00f3n p\u00fablica al gobierno de Cuitl\u00e1huac, lo llamaron INOPERANTE&#8230; Y lo que falta&#8230;<\/p>\n<p>Las mismas redes sociales que antes alababan la llegada de MORENA al poder en la entidad&#8230; Ahora indican que el gobierno estatal de Cuitl\u00e1huac s\u00f3lo luce por esc\u00e1ndalos y deuda p\u00fablica.. As\u00ed que aquel que le \u00abvendi\u00f3 la idea\u00bb de informar&#8230; A destiempo y qui\u00e9n sabe qu\u00e9&#8230; Debe ser el \u00abpeor enemigo\u00bb del Gobernador&#8230; El escarnio p\u00fablico que fue sometido, fue brutal&#8230; M\u00e1s que no se cuidaron los temas, el estilo, la dicci\u00f3n y la propia imagen&#8230; Le fue fatal a Cuitl\u00e1huac&#8230; Hasta donde hizo obra, lo criticaron porque s\u00f3lo fue a \u00abpintar\u00bb, no a construir&#8230;<\/p>\n<p>Adem\u00e1s las redes se\u00f1alaron que los pol\u00edticos que llegaron a Xalapa, abanderados por MORENA, sin experiencia y sin perfil para realizar pol\u00edticas p\u00fablicas, s\u00f3lo fueron a crear en fraccionamientos&#8230; Una nueva casta de ricos&#8230; Ya tienen status social alto, que gastan a manos llenas en restaurantes y plazas comerciales&#8230; As\u00ed que de este triunfo en las urnas, hace 2 a\u00f1os, s\u00f3lo lo celebran ellos&#8230; El pueblo que se \u00abjoda\u00bb, por eso es \u00abbueno\u00bb&#8230; Y eso que dec\u00edan \u00abcositas malas\u00bb de Duarte&#8230; Los jugadores cambian, el juego no&#8230; AMEN&#8230;<\/p>\n<p>EL ACUERDO BOQUE\u00d1O-MORENO&#8230; Un \u00abOJO\u00bb deber\u00edan poner por Boca del R\u00edo&#8230; Los mandamases de MORENA en Veracruz&#8230; Cuitl\u00e1huac Garc\u00eda, Eric Cisneros o m\u00ednimo el delegado nacional de este partido, Hugo Mart\u00ednez Lino&#8230; Ya que dentro del ayuntamiento boque\u00f1o, sus representantes en cabildo&#8230; Les est\u00e1n haciendo de \u00abChivo los tamales\u00bb&#8230; En este caso, son los regidores que llegaron por las sigla de Los Morenos en 2017&#8230;. No ven, ni se enteran de nada&#8230; Menos reportan a Xalapa&#8230;<\/p>\n<p>Al menos que el PAN que gobierna Boca del R\u00edo tenga \u00abacuerdos\u00bb en lo \u00aboscurito\u00bb con MORENA, se puede entender, que los representantes del partido en el poder del Estado&#8230; Muestren una postura dispersa y hasta d\u00f3cil con las autoridades municipales y no se comporten como oposici\u00f3n&#8230; De que sirva que G\u00f3mez Cazar\u00edn y Patrocinio, se anden \u00abpeleando\u00bb con los Yunes Azules&#8230; Si en Boca del R\u00edo, sus regidores \u00abMorenos\u00bb, pues, nom\u00e1s no&#8230; Aqu\u00ed a nadie se le obliga a ser opositor&#8230;<\/p>\n<p>El ejemplo a qu\u00e9 nos referimos sobre \u00e9ste tema, es que si Cuitl\u00e1huac se \u00abtir\u00f3\u00bb encima un pleito con el PAN por la Reforma Fiscal&#8230;. Ah\u00ed en Boca del R\u00edo, donde MORENA es oposici\u00f3n en el municipio, sus regidores, que deben de tener el respaldo de Cuitl\u00e1huac-Patrocinio&#8230; Misma situaci\u00f3n que en su momento vivieron en 2007, Jorge Reyes Leo y la enfermera, teniendo todo el apoyo de Fidel Herrera, fueron una oposici\u00f3n f\u00e9rrea a ChiquiYunes&#8230; Pero ahora con Humberto Morelli, los Morenos no se comportan as\u00ed&#8230;<\/p>\n<p>Por eso, hay grupos de militantes de MORENA molestos con sus regidores&#8230; Los se\u00f1alan de permitir que autoridades municipales panistas anden violando la Ley Electoral para tratar de posicionar rumbo a los comicios del 2021, a un cargo de elecci\u00f3n popular, ya sea diputaci\u00f3n local o federal, a uno de sus funcionarios locales, que anda entregando despensas con su tarjeta, desviando recursos del ayuntamiento, aprovechando la crisis econ\u00f3mica que se vive por la contingencia del COVID&#8230; Hasta ac\u00e1 no llega \u00abla mano\u00bb de Palacio de Gobierno&#8230; AMEN&#8230;<\/p>\n","protected":false},"excerpt":{"rendered":"<p>Ricardo Ch\u00faa Sale y Vale OJO&#8230; Despu\u00e9s del anuncio hecho por el gobernador, Cuitl\u00e1huac Garc\u00eda, de que sean los alcaldes que se encarguen de vigilar las medidas sanitarias en sus municipios para evitar m\u00e1s contagios del COVID-19&#8230; Por lo menos, se espera que el mandatario de MORENA se comporte ahora si como \u00abHombre de Estado\u00bb [&hellip;]<\/p>\n","protected":false},"author":2,"featured_media":0,"comment_status":"open","ping_status":"open","sticky":false,"template":"","format":"standard","meta":{"_jetpack_newsletter_access":"","_jetpack_dont_email_post_to_subs":false,"_jetpack_newsletter_tier_id":0,"_jetpack_memberships_contains_paywalled_content":false,"_jetpack_memberships_contains_paid_content":false,"footnotes":""},"categories":[70],"tags":[16673,1681,19110,9841,3023,14362,1026,13604,195],"class_list":["post-57090","post","type-post","status-publish","format-standard","hentry","category-de-opinion","tag-covid-19","tag-cuitlahuac-garcia","tag-diego-shinue","tag-enrique-alfaro","tag-jaime-rodriguez","tag-mauricio-vila","tag-morena","tag-ricardo-chua","tag-veracruz"],"jetpack_featured_media_url":"","jetpack_sharing_enabled":true,"jetpack_shortlink":"https:\/\/wp.me\/p4Qcd3-eQO","_links":{"self":[{"href":"https:\/\/lospoliticosveracruz.com.mx\/index.php?rest_route=\/wp\/v2\/posts\/57090","targetHints":{"allow":["GET"]}}],"collection":[{"href":"https:\/\/lospoliticosveracruz.com.mx\/index.php?rest_route=\/wp\/v2\/posts"}],"about":[{"href":"https:\/\/lospoliticosveracruz.com.mx\/index.php?rest_route=\/wp\/v2\/types\/post"}],"author":[{"embeddable":true,"href":"https:\/\/lospoliticosveracruz.com.mx\/index.php?rest_route=\/wp\/v2\/users\/2"}],"replies":[{"embeddable":true,"href":"https:\/\/lospoliticosveracruz.com.mx\/index.php?rest_route=%2Fwp%2Fv2%2Fcomments&post=57090"}],"version-history":[{"count":2,"href":"https:\/\/lospoliticosveracruz.com.mx\/index.php?rest_route=\/wp\/v2\/posts\/57090\/revisions"}],"predecessor-version":[{"id":57093,"href":"https:\/\/lospoliticosveracruz.com.mx\/index.php?rest_route=\/wp\/v2\/posts\/57090\/revisions\/57093"}],"wp:attachment":[{"href":"https:\/\/lospoliticosveracruz.com.mx\/index.php?rest_route=%2Fwp%2Fv2%2Fmedia&parent=57090"}],"wp:term":[{"taxonomy":"category","embeddable":true,"href":"https:\/\/lospoliticosveracruz.com.mx\/index.php?rest_route=%2Fwp%2Fv2%2Fcategories&post=57090"},{"taxonomy":"post_tag","embeddable":true,"href":"https:\/\/lospoliticosveracruz.com.mx\/index.php?rest_route=%2Fwp%2Fv2%2Ftags&post=57090"}],"curies":[{"name":"wp","href":"https:\/\/api.w.org\/{rel}","templated":true}]}}