{"id":57094,"date":"2020-07-09T11:41:07","date_gmt":"2020-07-09T16:41:07","guid":{"rendered":"http:\/\/www.lospoliticosveracruz.com.mx\/?p=57094"},"modified":"2020-07-09T11:41:07","modified_gmt":"2020-07-09T16:41:07","slug":"3-estrellitas-a-veracruz-en-materia-de-mejora-regulatoria","status":"publish","type":"post","link":"https:\/\/lospoliticosveracruz.com.mx\/?p=57094","title":{"rendered":"3 estrellitas a Veracruz en materia de Mejora Regulatoria"},"content":{"rendered":"<p>De acuerdo al Observatorio Nacional de Mejora Regulatoria (ONMR), el estado de Veracruz creci\u00f3 un 29 por ciento en el Indicador Subnacional de Mejora Regulatoria en comparaci\u00f3n con la evaluaci\u00f3n anterior, permitiendo que el estado avanzara tres lugares en la materia, coloc\u00e1ndolo en el lugar n\u00famero 15, por arriba de la media nacional.<\/p>\n<p>En este sentido, la Secretar\u00eda de Desarrollo Econ\u00f3mico y Portuario (SEDECOP), en coordinaci\u00f3n con la Comisi\u00f3n Nacional de Mejora Regulatoria (CONAMER), realiz\u00f3 virtualmente el Primer Encuentro de Mejora Regulatoria con municipios del estado, donde present\u00f3 una estrategia nacional como referencia para que los ayuntamientos generen normas claras, tr\u00e1mites y servicios simplificados.<\/p>\n<p>El titular de SEDECOP, Enrique Nach\u00f3n Garc\u00eda, exhort\u00f3 a las autoridades municipales a seguir sumando con esta cruzada, pues facilita la llegada de nuevas inversiones, otorga certeza a la ciudadan\u00eda e inhibe la corrupci\u00f3n.<\/p>\n<p>Por su parte, el Coordinador Nacional de Estados y Municipios de la CONAMER, Ram\u00f3n Archila Mar\u00edn, destac\u00f3 que los programas de la Comisi\u00f3n son una alternativa para que las alcald\u00edas hagan eficientes tr\u00e1mites y servicios sin la erogaci\u00f3n de recursos.<\/p>\n<p>Finalmente, presentaron los Programas Municipales, Sistema de Apertura R\u00e1pida de Empresas (SARE), Ventanilla de Construcci\u00f3n Simplificada (VECS) y Programa de Simplificaci\u00f3n de Cargas Administrativas (SIMPLIFICA).<\/p>\n<p>Participaron autoridades municipales de las diez regiones del estado; los diputados locales Jos\u00e9 Manuel Pozos Castro y Amado Jes\u00fas Cruz Malpica, la auditora General del \u00d3rgano de Fiscalizaci\u00f3n Superior, Delia Gonz\u00e1lez Cobos; as\u00ed como los directores de Enlace, Jorge Mart\u00ednez-Reding y del Programa Simplifica, Daniel Aranda Casta\u00f1eda de la CONAMER.<\/p>\n","protected":false},"excerpt":{"rendered":"<p>De acuerdo al Observatorio Nacional de Mejora Regulatoria (ONMR), el estado de Veracruz creci\u00f3 un 29 por ciento en el Indicador Subnacional de Mejora Regulatoria en comparaci\u00f3n con la evaluaci\u00f3n anterior, permitiendo que el estado avanzara tres lugares en la materia, coloc\u00e1ndolo en el lugar n\u00famero 15, por arriba de la media nacional. En este [&hellip;]<\/p>\n","protected":false},"author":2,"featured_media":0,"comment_status":"open","ping_status":"open","sticky":false,"template":"","format":"standard","meta":{"_jetpack_newsletter_access":"","_jetpack_dont_email_post_to_subs":false,"_jetpack_newsletter_tier_id":0,"_jetpack_memberships_contains_paywalled_content":false,"_jetpack_memberships_contains_paid_content":false,"footnotes":""},"categories":[73],"tags":[19111,19113,15865,19112,5102,195],"class_list":["post-57094","post","type-post","status-publish","format-standard","hentry","category-de-boleto","tag-comision-nacional-de-mejora-regulatoria","tag-conamer","tag-enrique-nachon-garcia","tag-ramon-archila-marin","tag-sedecop","tag-veracruz"],"jetpack_featured_media_url":"","jetpack_sharing_enabled":true,"jetpack_shortlink":"https:\/\/wp.me\/p4Qcd3-eQS","_links":{"self":[{"href":"https:\/\/lospoliticosveracruz.com.mx\/index.php?rest_route=\/wp\/v2\/posts\/57094","targetHints":{"allow":["GET"]}}],"collection":[{"href":"https:\/\/lospoliticosveracruz.com.mx\/index.php?rest_route=\/wp\/v2\/posts"}],"about":[{"href":"https:\/\/lospoliticosveracruz.com.mx\/index.php?rest_route=\/wp\/v2\/types\/post"}],"author":[{"embeddable":true,"href":"https:\/\/lospoliticosveracruz.com.mx\/index.php?rest_route=\/wp\/v2\/users\/2"}],"replies":[{"embeddable":true,"href":"https:\/\/lospoliticosveracruz.com.mx\/index.php?rest_route=%2Fwp%2Fv2%2Fcomments&post=57094"}],"version-history":[{"count":1,"href":"https:\/\/lospoliticosveracruz.com.mx\/index.php?rest_route=\/wp\/v2\/posts\/57094\/revisions"}],"predecessor-version":[{"id":57096,"href":"https:\/\/lospoliticosveracruz.com.mx\/index.php?rest_route=\/wp\/v2\/posts\/57094\/revisions\/57096"}],"wp:attachment":[{"href":"https:\/\/lospoliticosveracruz.com.mx\/index.php?rest_route=%2Fwp%2Fv2%2Fmedia&parent=57094"}],"wp:term":[{"taxonomy":"category","embeddable":true,"href":"https:\/\/lospoliticosveracruz.com.mx\/index.php?rest_route=%2Fwp%2Fv2%2Fcategories&post=57094"},{"taxonomy":"post_tag","embeddable":true,"href":"https:\/\/lospoliticosveracruz.com.mx\/index.php?rest_route=%2Fwp%2Fv2%2Ftags&post=57094"}],"curies":[{"name":"wp","href":"https:\/\/api.w.org\/{rel}","templated":true}]}}