{"id":57131,"date":"2020-07-09T23:10:45","date_gmt":"2020-07-10T04:10:45","guid":{"rendered":"http:\/\/www.lospoliticosveracruz.com.mx\/?p=57131"},"modified":"2020-07-09T23:11:15","modified_gmt":"2020-07-10T04:11:15","slug":"y-que-los-planta-cuic","status":"publish","type":"post","link":"https:\/\/lospoliticosveracruz.com.mx\/?p=57131","title":{"rendered":"\u00a1Y que los planta Cuic!"},"content":{"rendered":"<p>&nbsp;<\/p>\n<p>Con la plantaci\u00f3n de m\u00e1s de 800 \u00e1rboles en la localidad Santa Rita Laurel del municipio de Acayucan, mediante un sistema agroforestal, Veracruz se suma a la Jornada Nacional de Siembra de 100 millones de plantas, a cargo del programa \u201cSembrando Vida\u201d.<\/p>\n<p>Bajo el esquema de Milpa Intercalada entre Frutales (MIAF), las familias obtienen de su tierra alimentos saludables para el sustento regional, como lo pudo confirmar el gobernador Cuitl\u00e1huac Garc\u00eda Jim\u00e9nez, al supervisar este vivero que produce especies maderables y agroindustriales.<\/p>\n<p>Aqu\u00ed est\u00e1n exactamente reflejados los n\u00fameros, expres\u00f3 el mandatario: 67 mil 800 empleos permanentes; adem\u00e1s de asesor\u00eda t\u00e9cnica para la gente, con miras a levantar la econom\u00eda local al aprovechar los recursos.<\/p>\n<p>Por otra parte, el subsecretario de Planeaci\u00f3n, Evaluaci\u00f3n y Desarrollo Regional de la Secretar\u00eda de Bienestar (BIENESTAR), Javier May Rodr\u00edguez, se\u00f1al\u00f3 que el campo recibe una derrama de 339 millones de pesos mensuales dirigida a jornaleros.<\/p>\n<p>Cabe se\u00f1alar que, por cada 100 ejemplares plantados, 89 logran la plenitud; mientras que el resto son repuestos a trav\u00e9s de los viveros comunitarios y militares, en convenio tambi\u00e9n con la Secretar\u00eda de Medio Ambiente (SEDEMA).<\/p>\n<p>Acompa\u00f1ados por el delegado de Programas Federales para el Desarrollo, Manuel Huerta Ladr\u00f3n de Guevara; la titular de la SEDEMA, Roc\u00edo P\u00e9rez P\u00e9rez, y sembradores de la comunidad, el mandatario y el subsecretario plantaron \u00e1rboles de canela y apreciaron una muestra de la cosecha de frutales y cultivos agr\u00edcolas.<\/p>\n<p>Cabe destacar que con el modelo MAIF, los campesinos intercalan en las parcelas pi\u00f1a, guan\u00e1bana, nopal, caf\u00e9, pl\u00e1tano y cacao; mientras que los principales ejemplares forestales consisten en encino, cedro, guayac\u00e1n, caoba, nacaxtle y roble.<\/p>\n<p>\u201cTodo est\u00e1 planeado para que resulte en una producci\u00f3n efectiva y sea un proyecto sustentable; se est\u00e1 apostando a un programa que quede como legado de futuras generaciones\u201d, concluy\u00f3 el Gobernador.<\/p>\n","protected":false},"excerpt":{"rendered":"<p>&nbsp; Con la plantaci\u00f3n de m\u00e1s de 800 \u00e1rboles en la localidad Santa Rita Laurel del municipio de Acayucan, mediante un sistema agroforestal, Veracruz se suma a la Jornada Nacional de Siembra de 100 millones de plantas, a cargo del programa \u201cSembrando Vida\u201d. Bajo el esquema de Milpa Intercalada entre Frutales (MIAF), las familias obtienen [&hellip;]<\/p>\n","protected":false},"author":2,"featured_media":0,"comment_status":"open","ping_status":"open","sticky":false,"template":"","format":"standard","meta":{"_jetpack_newsletter_access":"","_jetpack_dont_email_post_to_subs":false,"_jetpack_newsletter_tier_id":0,"_jetpack_memberships_contains_paywalled_content":false,"_jetpack_memberships_contains_paid_content":false,"footnotes":""},"categories":[73],"tags":[103,17020,1563,19141,19139,1850,19140,15844,19138,1036,15923,195],"class_list":["post-57131","post","type-post","status-publish","format-standard","hentry","category-de-boleto","tag-acayucan","tag-bienestar","tag-cuitlahuac-garcia-jimenez","tag-javier-may-rodriguez","tag-jornada-nacional-de-siembra","tag-manuel-huerta-ladron-de-guevara","tag-milpa-intercalada-entre-frutales","tag-rocio-perez-perez","tag-santa-rita-laurel","tag-sedema","tag-sembrando-vida","tag-veracruz"],"jetpack_featured_media_url":"","jetpack_sharing_enabled":true,"jetpack_shortlink":"https:\/\/wp.me\/p4Qcd3-eRt","_links":{"self":[{"href":"https:\/\/lospoliticosveracruz.com.mx\/index.php?rest_route=\/wp\/v2\/posts\/57131","targetHints":{"allow":["GET"]}}],"collection":[{"href":"https:\/\/lospoliticosveracruz.com.mx\/index.php?rest_route=\/wp\/v2\/posts"}],"about":[{"href":"https:\/\/lospoliticosveracruz.com.mx\/index.php?rest_route=\/wp\/v2\/types\/post"}],"author":[{"embeddable":true,"href":"https:\/\/lospoliticosveracruz.com.mx\/index.php?rest_route=\/wp\/v2\/users\/2"}],"replies":[{"embeddable":true,"href":"https:\/\/lospoliticosveracruz.com.mx\/index.php?rest_route=%2Fwp%2Fv2%2Fcomments&post=57131"}],"version-history":[{"count":2,"href":"https:\/\/lospoliticosveracruz.com.mx\/index.php?rest_route=\/wp\/v2\/posts\/57131\/revisions"}],"predecessor-version":[{"id":57134,"href":"https:\/\/lospoliticosveracruz.com.mx\/index.php?rest_route=\/wp\/v2\/posts\/57131\/revisions\/57134"}],"wp:attachment":[{"href":"https:\/\/lospoliticosveracruz.com.mx\/index.php?rest_route=%2Fwp%2Fv2%2Fmedia&parent=57131"}],"wp:term":[{"taxonomy":"category","embeddable":true,"href":"https:\/\/lospoliticosveracruz.com.mx\/index.php?rest_route=%2Fwp%2Fv2%2Fcategories&post=57131"},{"taxonomy":"post_tag","embeddable":true,"href":"https:\/\/lospoliticosveracruz.com.mx\/index.php?rest_route=%2Fwp%2Fv2%2Ftags&post=57131"}],"curies":[{"name":"wp","href":"https:\/\/api.w.org\/{rel}","templated":true}]}}