{"id":57300,"date":"2020-07-14T17:14:57","date_gmt":"2020-07-14T22:14:57","guid":{"rendered":"http:\/\/www.lospoliticosveracruz.com.mx\/?p=57300"},"modified":"2020-07-14T17:14:57","modified_gmt":"2020-07-14T22:14:57","slug":"se-echara-palo-artistico","status":"publish","type":"post","link":"https:\/\/lospoliticosveracruz.com.mx\/?p=57300","title":{"rendered":"\u00a1Se echar\u00e1 Palo Art\u00edstico!"},"content":{"rendered":"<p>Con el prop\u00f3sito de acercar las expresiones art\u00edsticas a toda la poblaci\u00f3n y recuperar las jardineras del parque Benito Ju\u00e1rez para convertirlas en un espacio recreativo y de interacci\u00f3n, el Ayuntamiento de Xalapa realiz\u00f3 la donaci\u00f3n de un \u00e1rbol muerto al escultor Hermann August Seedorf de Colombres, quien lo convertir\u00e1 en una obra dedicada a la ciudadan\u00eda xalape\u00f1a.<\/p>\n<p>Se trata de un \u00e1rbol Grevillea, del cual el artista obtendr\u00e1 cinco tablones de entre 14 y 15 cent\u00edmetros por cuatro metros, para crear una obra modular titulada Fases.<\/p>\n<p>De acuerdo con Hermann August Seedorf, la escultura se compondr\u00e1 de siluetas humanas de distintos tama\u00f1os, con el objetivo de que la gente pueda comparar sus dimensiones contra la pieza, haciendo de este trabajo un atractivo interactivo para la sociedad.<\/p>\n<p>Explic\u00f3 que el t\u00edtulo propuesto hace referencia tanto a las fases del crecimiento humano como a las de la luna, ya que cada tabl\u00f3n incorporar\u00e1 elementos alusivos a este tema.<br \/>\nExpuso que aunque es una escultura de varias piezas en conjunto, cada una de ella se sustentar\u00e1 en solitario, tal como lo hace la humanidad.<br \/>\nEl jefe del Departamento de Biodiversidad y Cambio Clim\u00e1tico, Magdaleno Mendoza Hern\u00e1ndez, detall\u00f3 que el tronco pesa cuatro toneladas y se tom\u00f3 la decisi\u00f3n de donarlo para darle una segunda oportunidad de vida.<\/p>\n","protected":false},"excerpt":{"rendered":"<p>Con el prop\u00f3sito de acercar las expresiones art\u00edsticas a toda la poblaci\u00f3n y recuperar las jardineras del parque Benito Ju\u00e1rez para convertirlas en un espacio recreativo y de interacci\u00f3n, el Ayuntamiento de Xalapa realiz\u00f3 la donaci\u00f3n de un \u00e1rbol muerto al escultor Hermann August Seedorf de Colombres, quien lo convertir\u00e1 en una obra dedicada a [&hellip;]<\/p>\n","protected":false},"author":2,"featured_media":0,"comment_status":"open","ping_status":"open","sticky":false,"template":"","format":"standard","meta":{"_jetpack_newsletter_access":"","_jetpack_dont_email_post_to_subs":false,"_jetpack_newsletter_tier_id":0,"_jetpack_memberships_contains_paywalled_content":false,"_jetpack_memberships_contains_paid_content":false,"footnotes":""},"categories":[73],"tags":[1534,19192,19194,96],"class_list":["post-57300","post","type-post","status-publish","format-standard","hentry","category-de-boleto","tag-ayuntamiento-de-xalapa","tag-magdaleno-mendoza-hernandez","tag-segunda-oportunidad-de-vida","tag-xalapa"],"jetpack_featured_media_url":"","jetpack_sharing_enabled":true,"jetpack_shortlink":"https:\/\/wp.me\/p4Qcd3-eUc","_links":{"self":[{"href":"https:\/\/lospoliticosveracruz.com.mx\/index.php?rest_route=\/wp\/v2\/posts\/57300","targetHints":{"allow":["GET"]}}],"collection":[{"href":"https:\/\/lospoliticosveracruz.com.mx\/index.php?rest_route=\/wp\/v2\/posts"}],"about":[{"href":"https:\/\/lospoliticosveracruz.com.mx\/index.php?rest_route=\/wp\/v2\/types\/post"}],"author":[{"embeddable":true,"href":"https:\/\/lospoliticosveracruz.com.mx\/index.php?rest_route=\/wp\/v2\/users\/2"}],"replies":[{"embeddable":true,"href":"https:\/\/lospoliticosveracruz.com.mx\/index.php?rest_route=%2Fwp%2Fv2%2Fcomments&post=57300"}],"version-history":[{"count":1,"href":"https:\/\/lospoliticosveracruz.com.mx\/index.php?rest_route=\/wp\/v2\/posts\/57300\/revisions"}],"predecessor-version":[{"id":57302,"href":"https:\/\/lospoliticosveracruz.com.mx\/index.php?rest_route=\/wp\/v2\/posts\/57300\/revisions\/57302"}],"wp:attachment":[{"href":"https:\/\/lospoliticosveracruz.com.mx\/index.php?rest_route=%2Fwp%2Fv2%2Fmedia&parent=57300"}],"wp:term":[{"taxonomy":"category","embeddable":true,"href":"https:\/\/lospoliticosveracruz.com.mx\/index.php?rest_route=%2Fwp%2Fv2%2Fcategories&post=57300"},{"taxonomy":"post_tag","embeddable":true,"href":"https:\/\/lospoliticosveracruz.com.mx\/index.php?rest_route=%2Fwp%2Fv2%2Ftags&post=57300"}],"curies":[{"name":"wp","href":"https:\/\/api.w.org\/{rel}","templated":true}]}}