{"id":57345,"date":"2020-07-15T12:30:27","date_gmt":"2020-07-15T17:30:27","guid":{"rendered":"http:\/\/www.lospoliticosveracruz.com.mx\/?p=57345"},"modified":"2020-07-15T12:30:27","modified_gmt":"2020-07-15T17:30:27","slug":"pruebas-si-cierres-para-combatir-covid-no","status":"publish","type":"post","link":"https:\/\/lospoliticosveracruz.com.mx\/?p=57345","title":{"rendered":"Pruebas s\u00ed, cierres para combatir Covid no"},"content":{"rendered":"<p>&nbsp;<\/p>\n<p>El coronavirus ha rebasado al Gobierno de Veracruz que encabeza Cuitl\u00e1huac Garc\u00eda Jim\u00e9nez.<\/p>\n<p>El p\u00e9simo manejo de la pandemia por parte de las autoridades estatales de Salud ha llevado a una crisis econ\u00f3mica y social.<\/p>\n<p>La administraci\u00f3n morenista debe dejar de lado sus intereses electorales y trabajar de manera coordinada.<\/p>\n<p>El enemigo a vencer no es la oposici\u00f3n ni los partidos pol\u00edticos, sino la pandemia generada por el SARS-CoV2.<\/p>\n<p>Los datos oficiales as\u00ed lo demuestran. Hasta el corte de este martes, en el estado de Veracruz la cifra de casos positivos acumulados era de 14 mil 591 en 183 municipios.<\/p>\n<p>Pero, adem\u00e1s, hab\u00eda 3 mil 23 casos sospechosos en 147 localidades.<\/p>\n<p>Lo peor de todo es que el COVID-19 ha cobrado la vida de 2 mil 63 veracruzanos en 131 demarcaciones.<\/p>\n<p>Por ello, desde el Comit\u00e9 Ejecutivo Estatal del Partido de la Revoluci\u00f3n Democr\u00e1tica (PRD) exhortamos al Ejecutivo del Estado a cambiar de estrategia.<\/p>\n<p>No basta con s\u00f3lo cerrar las vialidades, ni impedir el paso de la poblaci\u00f3n al centro de las ciudades.<\/p>\n<p>Es necesario que el Gobierno del Estado aplique el mayor n\u00famero de pruebas para detectar el movimiento del virus.<\/p>\n<p>Tambi\u00e9n es fundamental que garantice la compra suficiente de insumos para el personal m\u00e9dico, adem\u00e1s de equipos necesarios para la atenci\u00f3n de los enfermos y para evitar que doctores, enfermeras, camilleros, as\u00ed como todos los trabajadores que laboran en hospitales se contagien.<\/p>\n<p>Aunado a ello, se debe garantizar la atenci\u00f3n hospitalaria y los medicamentos a todos los enfermos de c\u00e1ncer, VIH-Sida, diabetes, obesidad y enfermedades cr\u00f3nico-degenerativas.<\/p>\n<p>El Gobierno debe unificar los mensajes p\u00fablicos para evitar incurrir en contradicciones, desinformaci\u00f3n u opacidad, pues los veracruzanos no creen en los datos oficiales y cada d\u00eda aumenta la percepci\u00f3n de que la pandemia es m\u00e1s grave de lo que dice la Secretar\u00eda de Salud.<\/p>\n<p>La administraci\u00f3n estatal tambi\u00e9n debe admitir sus carencias y limitaciones, por lo que es necesario que sume la participaci\u00f3n amplia de la sociedad.<\/p>\n<p>A todo esto se suma el apoyo que plantean los sectores productivos de Veracruz como lo es posponer el pago de impuestos estatales, pues eso permitir\u00eda un respiro para el sector empresarial de manera que puedan mantener todos los empleos que generan.<\/p>\n<p>Finalmente pero no menos importante, ante la temporada invernal se debe prever la compra de vacunas suficientes para la poblaci\u00f3n que la requiera y particularmente los sectores vulnerables.<\/p>\n<p>Si el gobernador Cuitl\u00e1huac Garc\u00eda Jim\u00e9nez y la administraci\u00f3n que encabeza no asume su responsabilidad de manera plena, ser\u00e1 imposible acabar con la pandemia que est\u00e1 fuera de control.<\/p>\n","protected":false},"excerpt":{"rendered":"<p>&nbsp; El coronavirus ha rebasado al Gobierno de Veracruz que encabeza Cuitl\u00e1huac Garc\u00eda Jim\u00e9nez. El p\u00e9simo manejo de la pandemia por parte de las autoridades estatales de Salud ha llevado a una crisis econ\u00f3mica y social. La administraci\u00f3n morenista debe dejar de lado sus intereses electorales y trabajar de manera coordinada. El enemigo a vencer [&hellip;]<\/p>\n","protected":false},"author":2,"featured_media":0,"comment_status":"open","ping_status":"open","sticky":false,"template":"","format":"standard","meta":{"_jetpack_newsletter_access":"","_jetpack_dont_email_post_to_subs":false,"_jetpack_newsletter_tier_id":0,"_jetpack_memberships_contains_paywalled_content":false,"_jetpack_memberships_contains_paid_content":false,"footnotes":""},"categories":[73],"tags":[17829,1563,2932,1026,16929,107,15613],"class_list":["post-57345","post","type-post","status-publish","format-standard","hentry","category-de-boleto","tag-covid","tag-cuitlahuac-garcia-jimenez","tag-gobierno-de-veracruz","tag-morena","tag-pandemia","tag-prd","tag-transito-y-vialidad"],"jetpack_featured_media_url":"","jetpack_sharing_enabled":true,"jetpack_shortlink":"https:\/\/wp.me\/p4Qcd3-eUV","_links":{"self":[{"href":"https:\/\/lospoliticosveracruz.com.mx\/index.php?rest_route=\/wp\/v2\/posts\/57345","targetHints":{"allow":["GET"]}}],"collection":[{"href":"https:\/\/lospoliticosveracruz.com.mx\/index.php?rest_route=\/wp\/v2\/posts"}],"about":[{"href":"https:\/\/lospoliticosveracruz.com.mx\/index.php?rest_route=\/wp\/v2\/types\/post"}],"author":[{"embeddable":true,"href":"https:\/\/lospoliticosveracruz.com.mx\/index.php?rest_route=\/wp\/v2\/users\/2"}],"replies":[{"embeddable":true,"href":"https:\/\/lospoliticosveracruz.com.mx\/index.php?rest_route=%2Fwp%2Fv2%2Fcomments&post=57345"}],"version-history":[{"count":1,"href":"https:\/\/lospoliticosveracruz.com.mx\/index.php?rest_route=\/wp\/v2\/posts\/57345\/revisions"}],"predecessor-version":[{"id":57347,"href":"https:\/\/lospoliticosveracruz.com.mx\/index.php?rest_route=\/wp\/v2\/posts\/57345\/revisions\/57347"}],"wp:attachment":[{"href":"https:\/\/lospoliticosveracruz.com.mx\/index.php?rest_route=%2Fwp%2Fv2%2Fmedia&parent=57345"}],"wp:term":[{"taxonomy":"category","embeddable":true,"href":"https:\/\/lospoliticosveracruz.com.mx\/index.php?rest_route=%2Fwp%2Fv2%2Fcategories&post=57345"},{"taxonomy":"post_tag","embeddable":true,"href":"https:\/\/lospoliticosveracruz.com.mx\/index.php?rest_route=%2Fwp%2Fv2%2Ftags&post=57345"}],"curies":[{"name":"wp","href":"https:\/\/api.w.org\/{rel}","templated":true}]}}