{"id":57481,"date":"2020-07-17T17:51:33","date_gmt":"2020-07-17T22:51:33","guid":{"rendered":"http:\/\/www.lospoliticosveracruz.com.mx\/?p=57481"},"modified":"2020-07-17T17:51:33","modified_gmt":"2020-07-17T22:51:33","slug":"pongan-propina-a-abues-cerillos","status":"publish","type":"post","link":"https:\/\/lospoliticosveracruz.com.mx\/?p=57481","title":{"rendered":"Pongan propina a abues \u00abcerillos\u00bb"},"content":{"rendered":"<p>Para que empacadores voluntarios de la tercera edad que laboraban en las distintas sucursales de Chedraui no pierdan su \u00fanico ingreso, la empresa y el Sistema Municipal de Xalapa para el Desarrollo Integral de la Familia (DIF) invitan a la poblaci\u00f3n a brindar un donativo de cualquier cantidad directamente en las cajas del supermercado al finalizar sus compras.<\/p>\n<p>Ferm\u00edn Reyes Cendejas es un adulto mayor que trabaja como empacador. Para contribuir a los gastos del hogar, su esposa vende comida, pero hace cuatro meses que no pueden trabajar por la pandemia generada por la enfermedad Covid-19.<\/p>\n<p>Ante ello, don Ferm\u00edn dice que la empresa ofreci\u00f3 hacer una colecta con las propinas que la clientela suele dar a los empacadores voluntarios, en esta ocasi\u00f3n en forma de un donativo, el cual que se deposita de manera equitativa en los monederos electr\u00f3nicos de todos y cada uno de las y los adultos mayores registrados ante la cadena comercial.<\/p>\n<p>En un principio los donativos alcanzaban para recibir un apoyo semanal de 300 pesos, pero con el paso del tiempo ha ido disminuyendo a 100 pesos. Por ello, pidi\u00f3 a clientes participar en esta din\u00e1mica para que \u00e9l y sus compa\u00f1eros y compa\u00f1eras no pierdan el sustento con el que contaban antes de tener que resguardarse para cuidar de su salud.<\/p>\n<p>Reconoci\u00f3 que el Sistema DIF Municipal ha entregado paquetes alimentarios para atender las necesidades de las personas en situaci\u00f3n de vulnerabilidad, pero con la suma de esfuerzos se puede lograr a\u00fan m\u00e1s.<\/p>\n<p>Finalmente, Ferm\u00edn Reyes invit\u00f3 a las y los adultos mayores a respetar la cuarentena a pesar de todo lo que ello implica, \u00abno salgan sino es necesario, ya que es por el bien de todas y todos\u00bb.<\/p>\n","protected":false},"excerpt":{"rendered":"<p>Para que empacadores voluntarios de la tercera edad que laboraban en las distintas sucursales de Chedraui no pierdan su \u00fanico ingreso, la empresa y el Sistema Municipal de Xalapa para el Desarrollo Integral de la Familia (DIF) invitan a la poblaci\u00f3n a brindar un donativo de cualquier cantidad directamente en las cajas del supermercado al [&hellip;]<\/p>\n","protected":false},"author":2,"featured_media":0,"comment_status":"open","ping_status":"open","sticky":false,"template":"","format":"standard","meta":{"_jetpack_newsletter_access":"","_jetpack_dont_email_post_to_subs":false,"_jetpack_newsletter_tier_id":0,"_jetpack_memberships_contains_paywalled_content":false,"_jetpack_memberships_contains_paid_content":false,"footnotes":""},"categories":[73],"tags":[19256,19255,520,19257,16929,11805,96],"class_list":["post-57481","post","type-post","status-publish","format-standard","hentry","category-de-boleto","tag-cerillos","tag-chedaui","tag-dif","tag-empacadores","tag-pandemia","tag-tercera-edad","tag-xalapa"],"jetpack_featured_media_url":"","jetpack_sharing_enabled":true,"jetpack_shortlink":"https:\/\/wp.me\/p4Qcd3-eX7","_links":{"self":[{"href":"https:\/\/lospoliticosveracruz.com.mx\/index.php?rest_route=\/wp\/v2\/posts\/57481","targetHints":{"allow":["GET"]}}],"collection":[{"href":"https:\/\/lospoliticosveracruz.com.mx\/index.php?rest_route=\/wp\/v2\/posts"}],"about":[{"href":"https:\/\/lospoliticosveracruz.com.mx\/index.php?rest_route=\/wp\/v2\/types\/post"}],"author":[{"embeddable":true,"href":"https:\/\/lospoliticosveracruz.com.mx\/index.php?rest_route=\/wp\/v2\/users\/2"}],"replies":[{"embeddable":true,"href":"https:\/\/lospoliticosveracruz.com.mx\/index.php?rest_route=%2Fwp%2Fv2%2Fcomments&post=57481"}],"version-history":[{"count":1,"href":"https:\/\/lospoliticosveracruz.com.mx\/index.php?rest_route=\/wp\/v2\/posts\/57481\/revisions"}],"predecessor-version":[{"id":57483,"href":"https:\/\/lospoliticosveracruz.com.mx\/index.php?rest_route=\/wp\/v2\/posts\/57481\/revisions\/57483"}],"wp:attachment":[{"href":"https:\/\/lospoliticosveracruz.com.mx\/index.php?rest_route=%2Fwp%2Fv2%2Fmedia&parent=57481"}],"wp:term":[{"taxonomy":"category","embeddable":true,"href":"https:\/\/lospoliticosveracruz.com.mx\/index.php?rest_route=%2Fwp%2Fv2%2Fcategories&post=57481"},{"taxonomy":"post_tag","embeddable":true,"href":"https:\/\/lospoliticosveracruz.com.mx\/index.php?rest_route=%2Fwp%2Fv2%2Ftags&post=57481"}],"curies":[{"name":"wp","href":"https:\/\/api.w.org\/{rel}","templated":true}]}}