{"id":57652,"date":"2020-07-21T15:53:25","date_gmt":"2020-07-21T20:53:25","guid":{"rendered":"http:\/\/www.lospoliticosveracruz.com.mx\/?p=57652"},"modified":"2020-07-21T16:30:32","modified_gmt":"2020-07-21T21:30:32","slug":"veracruz-liquidara-adeudo-heredado-de-tio-fide-cuitlahuac","status":"publish","type":"post","link":"https:\/\/lospoliticosveracruz.com.mx\/?p=57652","title":{"rendered":"Veracruz salda deuda con Hacienda"},"content":{"rendered":"<p>Ejerciendo un modelo de pol\u00edtica econ\u00f3mica ordenado, transparente y austero, el Gobierno de Veracruz cubrir\u00e1 una vez m\u00e1s un adeudo de los heredados de los Ejercicios Fiscales 2014, 2015 y 2016, que mantiene la Contralor\u00eda General del Estado (CGE) ante el Servicio de Administraci\u00f3n Tributaria (SAT), por 98 millones 174 mil 519 pesos debido a retenciones del ISR por sueldos y salarios.<\/p>\n<p>Al respecto, este d\u00eda el gobernador Cuitl\u00e1huac Garc\u00eda Jim\u00e9nez anunci\u00f3, junto a la contralora Mercedes Santoyo Dom\u00ednguez, que instruy\u00f3 al titular de la Secretar\u00eda de Finanzas y Planeaci\u00f3n (SEFIPLAN), Jos\u00e9 Luis Lima Franco, en hacer frente a este compromiso lo m\u00e1s pronto posible, como parte del saneamiento de las finanzas veracruzanas y la voluntad pol\u00edtica.<\/p>\n<p>Cabe recordar que, debido el saqueo, la opacidad y mal manejo de los recursos p\u00fablicos, durante la Administraci\u00f3n del 2010 al 2016, la Contralor\u00eda qued\u00f3 a deber 107 millones 859 mil 119 pesos; sin embargo, a trav\u00e9s de un convenio con el SAT y el apoyo de la Secretar\u00eda de Hacienda y Cr\u00e9dito P\u00fablico (HACIENDA) se logr\u00f3 la condonaci\u00f3n de multas y recargos.<\/p>\n<p>\u201cCon esto queda saldada la deuda de la Contralor\u00eda General del Estado y demostramos que, con los principios de cero corrupci\u00f3n, austeridad y de no traicionar al pueblo, vamos saneando las finanzas\u201d, expres\u00f3 el mandatario al anunciar dicho pago.<\/p>\n<p>En la presente Administraci\u00f3n, se trabaja para estabilizar el deterioro financiero y fortalecer la hacienda p\u00fablica, traduci\u00e9ndolo en crecimiento econ\u00f3mico, desarrollo y bienestar social. Ejemplos recientes son el pago del ISR de la Universidad Veracruzana (UV), el factoraje con proveedores, la reestructura de la deuda p\u00fablica y el aval de las calificadoras crediticias.<\/p>\n","protected":false},"excerpt":{"rendered":"<p>Ejerciendo un modelo de pol\u00edtica econ\u00f3mica ordenado, transparente y austero, el Gobierno de Veracruz cubrir\u00e1 una vez m\u00e1s un adeudo de los heredados de los Ejercicios Fiscales 2014, 2015 y 2016, que mantiene la Contralor\u00eda General del Estado (CGE) ante el Servicio de Administraci\u00f3n Tributaria (SAT), por 98 millones 174 mil 519 pesos debido a [&hellip;]<\/p>\n","protected":false},"author":2,"featured_media":0,"comment_status":"open","ping_status":"open","sticky":false,"template":"","format":"video","meta":{"_jetpack_newsletter_access":"","_jetpack_dont_email_post_to_subs":false,"_jetpack_newsletter_tier_id":0,"_jetpack_memberships_contains_paywalled_content":false,"_jetpack_memberships_contains_paid_content":false,"footnotes":""},"categories":[73],"tags":[19338,1563,238,13713,5584,10567,115,640,172],"class_list":["post-57652","post","type-post","status-publish","format-video","hentry","category-de-boleto","tag-cge","tag-cuitlahuac-garcia-jimenez","tag-hacienda","tag-jose-luis-lima-franco","tag-mercedes-santoyo-dominguez","tag-saqueo","tag-sat","tag-sefiplan","tag-uv","post_format-post-format-video"],"jetpack_featured_media_url":"","jetpack_sharing_enabled":true,"jetpack_shortlink":"https:\/\/wp.me\/p4Qcd3-eZS","_links":{"self":[{"href":"https:\/\/lospoliticosveracruz.com.mx\/index.php?rest_route=\/wp\/v2\/posts\/57652","targetHints":{"allow":["GET"]}}],"collection":[{"href":"https:\/\/lospoliticosveracruz.com.mx\/index.php?rest_route=\/wp\/v2\/posts"}],"about":[{"href":"https:\/\/lospoliticosveracruz.com.mx\/index.php?rest_route=\/wp\/v2\/types\/post"}],"author":[{"embeddable":true,"href":"https:\/\/lospoliticosveracruz.com.mx\/index.php?rest_route=\/wp\/v2\/users\/2"}],"replies":[{"embeddable":true,"href":"https:\/\/lospoliticosveracruz.com.mx\/index.php?rest_route=%2Fwp%2Fv2%2Fcomments&post=57652"}],"version-history":[{"count":2,"href":"https:\/\/lospoliticosveracruz.com.mx\/index.php?rest_route=\/wp\/v2\/posts\/57652\/revisions"}],"predecessor-version":[{"id":57657,"href":"https:\/\/lospoliticosveracruz.com.mx\/index.php?rest_route=\/wp\/v2\/posts\/57652\/revisions\/57657"}],"wp:attachment":[{"href":"https:\/\/lospoliticosveracruz.com.mx\/index.php?rest_route=%2Fwp%2Fv2%2Fmedia&parent=57652"}],"wp:term":[{"taxonomy":"category","embeddable":true,"href":"https:\/\/lospoliticosveracruz.com.mx\/index.php?rest_route=%2Fwp%2Fv2%2Fcategories&post=57652"},{"taxonomy":"post_tag","embeddable":true,"href":"https:\/\/lospoliticosveracruz.com.mx\/index.php?rest_route=%2Fwp%2Fv2%2Ftags&post=57652"}],"curies":[{"name":"wp","href":"https:\/\/api.w.org\/{rel}","templated":true}]}}