{"id":57718,"date":"2020-07-22T19:53:27","date_gmt":"2020-07-23T00:53:27","guid":{"rendered":"http:\/\/www.lospoliticosveracruz.com.mx\/?p=57718"},"modified":"2020-07-22T19:53:27","modified_gmt":"2020-07-23T00:53:27","slug":"la-politica-ambiental-del-pendulo","status":"publish","type":"post","link":"https:\/\/lospoliticosveracruz.com.mx\/?p=57718","title":{"rendered":"La pol\u00edtica ambiental del p\u00e9ndulo"},"content":{"rendered":"<p><strong>Adalberto Tejeda Mart\u00ednez<\/strong><\/p>\n<p>El de Rafael Hern\u00e1ndez Ochoa (1974-1980) fue el primer gobierno estatal con una pol\u00edtica ambiental: instituy\u00f3, antes que cualquier otro estado, una Direcci\u00f3n de Asuntos Ecol\u00f3gicos; inaugur\u00f3 el parque ecol\u00f3gico Macuilt\u00e9petl en Xalapa; en colaboraci\u00f3n con el Conacyt fund\u00f3 en 1975 el Instituto Nacional de Investigaciones sobre Recursos Bi\u00f3ticos, Inireb, que funcion\u00f3 trece a\u00f1os y al disolverse hered\u00f3 algunos de sus profesionales, proyectos e infraestructura al actual Inecol, que lleg\u00f3 de la Ciudad de M\u00e9xico; la Universidad Veracruzana, con financiamiento de la OEA fund\u00f3 la Licenciatura en Ciencias Atmosf\u00e9ricas tambi\u00e9n en 1975; el Servicio Meteorol\u00f3gico y Climatol\u00f3gico estatal adquiri\u00f3 un instrumento de vanguardia con las correspondientes licencias de la NASA: una estaci\u00f3n terrena receptora de informaci\u00f3n satelital para el pron\u00f3stico meteorol\u00f3gico, que, por cierto, el siguiente gobernador, Agust\u00edn Acosta, conden\u00f3 al abandono.<br \/>\nTuvieron que pasar un sexenio y dos gobernadores m\u00e1s -Fernando Guti\u00e9rrez y Dante Delgado- para que la Direcci\u00f3n de Asuntos Ecol\u00f3gicos volviera a tener relevancia, en el gobierno de Patricio Chirinos y bajo la direcci\u00f3n de Francisco Morosini, pero el gobierno de Miguel Alem\u00e1n Velasco la envi\u00f3 a un rinc\u00f3n del organigrama en el sector de las obras p\u00fablicas, supeditada a la dependencia estatal a la que m\u00e1s deb\u00eda vigilar, y sin m\u00e1s desapareci\u00f3 el Servicio Meteorol\u00f3gico y Climatol\u00f3gico del Gobierno del Estado y su archivo de datos clim\u00e1ticos se fue a la basura.<br \/>\nAl final del gobierno de Fidel Herrera la oficina del medio ambiente pas\u00f3 a ser Secretar\u00eda. Aunque parezca incre\u00edble, en el sexenio de Javier Duarte hubo una at\u00edpica atenci\u00f3n a los problemas ambientales. La Secretar\u00eda de Medio Ambiente (Sedema) impuls\u00f3, a contracorriente del resto del gabinete, pol\u00edticas de protecci\u00f3n al medio y de prevenci\u00f3n ante el cambio clim\u00e1tico. En una administraci\u00f3n de cuyo desastre financiero no tiene caso abundar, la Sedema se vali\u00f3 de fondos externos para varias de sus acciones. Particularmente, la Fundaci\u00f3n Alemana para la Cooperaci\u00f3n Internacional (GIZ) y otras, patrocinaron proyectos para mitigaci\u00f3n o adaptaci\u00f3n al cambio clim\u00e1tico por un monto cercano a los cien millones de pesos, que no es poco si se considera que en rigor el gobierno estatal de entonces y los dos subsecuentes le han dedicado cero pesos.<br \/>\nEl p\u00e9ndulo de las pol\u00edticas ambientales ha oscilado de una administraci\u00f3n a favor (Hern\u00e1ndez Ochoa) y dos en contra (Acosta Lagunes y Guti\u00e9rrez Barrios+Dante Delgado), otra a favor (Chirinos) y una y media en contra (Alem\u00e1n y Herrera) seguida de una y media a favor (Herrera y Duarte). Vino el bienio bisagra de Miguel \u00c1ngel Yunes, que no hizo mayor cosa por corto en el tiempo y en las miras, y desembocamos en un gobierno que transcurrido m\u00e1s de un cuarto de su ejercicio no ha mostrado m\u00e1s que indiferencia absoluta a las cuestiones ambientales.<\/p>\n","protected":false},"excerpt":{"rendered":"<p>Adalberto Tejeda Mart\u00ednez El de Rafael Hern\u00e1ndez Ochoa (1974-1980) fue el primer gobierno estatal con una pol\u00edtica ambiental: instituy\u00f3, antes que cualquier otro estado, una Direcci\u00f3n de Asuntos Ecol\u00f3gicos; inaugur\u00f3 el parque ecol\u00f3gico Macuilt\u00e9petl en Xalapa; en colaboraci\u00f3n con el Conacyt fund\u00f3 en 1975 el Instituto Nacional de Investigaciones sobre Recursos Bi\u00f3ticos, Inireb, que funcion\u00f3 [&hellip;]<\/p>\n","protected":false},"author":2,"featured_media":0,"comment_status":"open","ping_status":"open","sticky":false,"template":"","format":"standard","meta":{"_jetpack_newsletter_access":"","_jetpack_dont_email_post_to_subs":false,"_jetpack_newsletter_tier_id":0,"_jetpack_memberships_contains_paywalled_content":false,"_jetpack_memberships_contains_paid_content":false,"footnotes":""},"categories":[70],"tags":[19376,1604,79,19377,3968,19374,7467,19375,1510,13984,16204,14636,3907,1036],"class_list":["post-57718","post","type-post","status-publish","format-standard","hentry","category-de-opinion","tag-climatico","tag-conacyt","tag-fidel-herrera","tag-giz","tag-inecol","tag-inireb","tag-macuiltepetl","tag-meteorologico","tag-miguel-angel-yunes","tag-nasa","tag-oea","tag-opinion","tag-rafael-hernandez-ochoa","tag-sedema"],"jetpack_featured_media_url":"","jetpack_sharing_enabled":true,"jetpack_shortlink":"https:\/\/wp.me\/p4Qcd3-f0W","_links":{"self":[{"href":"https:\/\/lospoliticosveracruz.com.mx\/index.php?rest_route=\/wp\/v2\/posts\/57718","targetHints":{"allow":["GET"]}}],"collection":[{"href":"https:\/\/lospoliticosveracruz.com.mx\/index.php?rest_route=\/wp\/v2\/posts"}],"about":[{"href":"https:\/\/lospoliticosveracruz.com.mx\/index.php?rest_route=\/wp\/v2\/types\/post"}],"author":[{"embeddable":true,"href":"https:\/\/lospoliticosveracruz.com.mx\/index.php?rest_route=\/wp\/v2\/users\/2"}],"replies":[{"embeddable":true,"href":"https:\/\/lospoliticosveracruz.com.mx\/index.php?rest_route=%2Fwp%2Fv2%2Fcomments&post=57718"}],"version-history":[{"count":1,"href":"https:\/\/lospoliticosveracruz.com.mx\/index.php?rest_route=\/wp\/v2\/posts\/57718\/revisions"}],"predecessor-version":[{"id":57720,"href":"https:\/\/lospoliticosveracruz.com.mx\/index.php?rest_route=\/wp\/v2\/posts\/57718\/revisions\/57720"}],"wp:attachment":[{"href":"https:\/\/lospoliticosveracruz.com.mx\/index.php?rest_route=%2Fwp%2Fv2%2Fmedia&parent=57718"}],"wp:term":[{"taxonomy":"category","embeddable":true,"href":"https:\/\/lospoliticosveracruz.com.mx\/index.php?rest_route=%2Fwp%2Fv2%2Fcategories&post=57718"},{"taxonomy":"post_tag","embeddable":true,"href":"https:\/\/lospoliticosveracruz.com.mx\/index.php?rest_route=%2Fwp%2Fv2%2Ftags&post=57718"}],"curies":[{"name":"wp","href":"https:\/\/api.w.org\/{rel}","templated":true}]}}