{"id":57982,"date":"2020-07-28T17:27:04","date_gmt":"2020-07-28T22:27:04","guid":{"rendered":"http:\/\/www.lospoliticosveracruz.com.mx\/?p=57982"},"modified":"2020-07-28T17:27:04","modified_gmt":"2020-07-28T22:27:04","slug":"la-estufa-y-ailett","status":"publish","type":"post","link":"https:\/\/lospoliticosveracruz.com.mx\/?p=57982","title":{"rendered":"La estufa y Ailett"},"content":{"rendered":"<p><strong>Salvador Mu\u00f1oz<\/strong><\/p>\n<p><em>Los Pol\u00edticos\u00a0<\/em><\/p>\n<p><span style=\"font-weight: 400;\">Era ya presidenta municipal electa y la entrevist\u00e9. Una de las preguntas fue: \u00bfAceptar\u00edas \u201crecomendados\u201d? Su respuesta fue que s\u00ed, que si se los estaban recomendando, de seguro era porque algo sab\u00edan hacer. Qued\u00e9 satisfecho con esa observaci\u00f3n de Elizabeth Morales y me di cuenta que a veces la pol\u00edtica \u2014para no decir \u201cuno\u201d\u2013 deforma el sentir o esencia de las palabras\u2026<\/span><\/p>\n<p><span style=\"font-weight: 400;\">Retomo este pasaje de la entrevista a Elizabeth Morales por dos razones: La estufa de la casa y Ailett Garc\u00eda Cayetano\u2026 les cuento\u2026<\/span><\/p>\n<p><span style=\"font-weight: 400;\">Tiene rato que dos quemadores de la parrilla derecha de la estufa no prenden; si encienden, se apesta la cocina a gas y llenan de holl\u00edn las cacerolas, sartenes y dem\u00e1s enseres propios de la tarea de este Esperancito\u2026 la Mujer pidi\u00f3 a un amigo le recomendara a quien pudiera repararlos\u2026 el recomendado a su vez recomend\u00f3 a otra persona a la cual se le llam\u00f3 pero nunca contest\u00f3 el tel\u00e9fono y como es \u201cmuuuy raro\u201d, la Mujer empez\u00f3 a desconfiar\u2026 le dije: \u201cRecuerda que las recomendaciones son actos de fe\u201d&#8230; algo parecido debe ser lo de Ailett Garc\u00eda\u2026 aclaro, no la estoy comparando con los quemadores de mi estufa que no sirven, apestan y ensucian\u2026 no, me refiero al acto de fe del Gobernador para postularla como \u201ccandidata\u201d a Magistrada. Digo, algo ha de tener, algo ha de saber, para que se le vean tama\u00f1os para tal cargo.<\/span><\/p>\n<p><span style=\"font-weight: 400;\">Ha de recordar el lector que Ailett Garc\u00eda contendi\u00f3 por el cargo de Fiscal Anticorrupci\u00f3n y se hablaba de que, en caso de que llegara, se dec\u00eda que podr\u00eda tener serios conflictos de inter\u00e9s y m\u00e1s ahora que su esposo, el titular de Infraestructura y Obra P\u00fablica, Elio Hern\u00e1ndez Guti\u00e9rrez, tiene una denuncia precisamente ante tal Fiscal\u00eda\u2026<\/span><\/p>\n<p><span style=\"font-weight: 400;\">Bueno, pues ahora, los malpensados de la oposici\u00f3n ya ven otro conflicto de inter\u00e9s si acaso se dieran dos escenarios inmediatos:<\/span><\/p>\n<p><span style=\"font-weight: 400;\">El primero, que procediera la denuncia contra Elio Hern\u00e1ndez, la que se refiere a su presunta responsabilidad por una obra pagada y no concluida, donde falleci\u00f3 una menor de edad, all\u00e1 en C\u00f3rdoba. Ahora que siendo sinceros, realmente se duda que haya un avance en la denuncia contra el titular de la SIOP, ya sea por la causa que usted crea\u2026<\/span><\/p>\n<p><span style=\"font-weight: 400;\">El segundo, en caso de que Ailett Garc\u00eda fuera nombrada Magistrada, y atendiendo la remota posibilidad de que la denuncia contra su esposo, el titular de la SIOP, procediera y llegara ante un Juzgado, igual pudiera haber ocasi\u00f3n para \u2013\u00bfpor qu\u00e9 no pensar?\u2013 influyentismo\u2026<\/span><\/p>\n<p><span style=\"font-weight: 400;\">Pero, claro\u2026 todo esto es puro \u201csupositorio\u201d y lo realmente interesante del asunto, es la confianza que el Gobernador tiene para la hermana de la diputada federal Dorheny y esposa de su titular de la SIOP\u2026 lo bueno es que Didi, la hermana menor de Dorheny y Ailett, no se mete en la pol\u00edtica, si no, capaz que ya estar\u00eda al frente de una Direcci\u00f3n o de una Jefatura&#8230; por pura confianza del Gobernador&#8230;<\/span><\/p>\n<p><span style=\"font-weight: 400;\">Como sea, a ver si en esta ocasi\u00f3n, Ailett s\u00ed prende en el Tribunal Superior de Justicia, aunque dicho sea de paso, igual le pase lo que a mi estufa: nom\u00e1s se queme, se llene de holl\u00edn y a lo mejor apeste, por esa deformaci\u00f3n que se le da a las palabras: por ser \u201crecomendada\u201d del Gobernador, aunque si as\u00ed fuera, \u00a1qu\u00e9 importa si eres Magistrada!<\/span><\/p>\n<p>&nbsp;<\/p>\n<p><span style=\"font-weight: 400;\">smcainito@gmail.com<\/span><\/p>\n","protected":false},"excerpt":{"rendered":"<p>Salvador Mu\u00f1oz Los Pol\u00edticos\u00a0 Era ya presidenta municipal electa y la entrevist\u00e9. Una de las preguntas fue: \u00bfAceptar\u00edas \u201crecomendados\u201d? Su respuesta fue que s\u00ed, que si se los estaban recomendando, de seguro era porque algo sab\u00edan hacer. Qued\u00e9 satisfecho con esa observaci\u00f3n de Elizabeth Morales y me di cuenta que a veces la pol\u00edtica \u2014para [&hellip;]<\/p>\n","protected":false},"author":2,"featured_media":0,"comment_status":"open","ping_status":"open","sticky":false,"template":"","format":"standard","meta":{"_jetpack_newsletter_access":"","_jetpack_dont_email_post_to_subs":false,"_jetpack_newsletter_tier_id":0,"_jetpack_memberships_contains_paywalled_content":false,"_jetpack_memberships_contains_paid_content":false,"footnotes":""},"categories":[70],"tags":[17030,3285,14501,133,19481,82,2646,342],"class_list":["post-57982","post","type-post","status-publish","format-standard","hentry","category-de-opinion","tag-ailett-garcia-cayetano","tag-daily-mail","tag-elio-hernandez-gutierrez","tag-elizabeth-morales","tag-magistrada","tag-poder-judicial","tag-salvador-munoz","tag-siop"],"jetpack_featured_media_url":"","jetpack_sharing_enabled":true,"jetpack_shortlink":"https:\/\/wp.me\/p4Qcd3-f5c","_links":{"self":[{"href":"https:\/\/lospoliticosveracruz.com.mx\/index.php?rest_route=\/wp\/v2\/posts\/57982","targetHints":{"allow":["GET"]}}],"collection":[{"href":"https:\/\/lospoliticosveracruz.com.mx\/index.php?rest_route=\/wp\/v2\/posts"}],"about":[{"href":"https:\/\/lospoliticosveracruz.com.mx\/index.php?rest_route=\/wp\/v2\/types\/post"}],"author":[{"embeddable":true,"href":"https:\/\/lospoliticosveracruz.com.mx\/index.php?rest_route=\/wp\/v2\/users\/2"}],"replies":[{"embeddable":true,"href":"https:\/\/lospoliticosveracruz.com.mx\/index.php?rest_route=%2Fwp%2Fv2%2Fcomments&post=57982"}],"version-history":[{"count":1,"href":"https:\/\/lospoliticosveracruz.com.mx\/index.php?rest_route=\/wp\/v2\/posts\/57982\/revisions"}],"predecessor-version":[{"id":57984,"href":"https:\/\/lospoliticosveracruz.com.mx\/index.php?rest_route=\/wp\/v2\/posts\/57982\/revisions\/57984"}],"wp:attachment":[{"href":"https:\/\/lospoliticosveracruz.com.mx\/index.php?rest_route=%2Fwp%2Fv2%2Fmedia&parent=57982"}],"wp:term":[{"taxonomy":"category","embeddable":true,"href":"https:\/\/lospoliticosveracruz.com.mx\/index.php?rest_route=%2Fwp%2Fv2%2Fcategories&post=57982"},{"taxonomy":"post_tag","embeddable":true,"href":"https:\/\/lospoliticosveracruz.com.mx\/index.php?rest_route=%2Fwp%2Fv2%2Ftags&post=57982"}],"curies":[{"name":"wp","href":"https:\/\/api.w.org\/{rel}","templated":true}]}}