{"id":58023,"date":"2020-07-29T10:38:10","date_gmt":"2020-07-29T15:38:10","guid":{"rendered":"http:\/\/www.lospoliticosveracruz.com.mx\/?p=58023"},"modified":"2020-07-29T10:49:20","modified_gmt":"2020-07-29T15:49:20","slug":"morena-la-guerra-sucia","status":"publish","type":"post","link":"https:\/\/lospoliticosveracruz.com.mx\/?p=58023","title":{"rendered":"Morena, \u00abla guerra sucia\u00bb"},"content":{"rendered":"<p>&nbsp;<\/p>\n<p><strong>Ricardo Chua<\/strong><\/p>\n<p><em>Sale y vale<\/em><\/p>\n<p>&nbsp;<\/p>\n<p>MORENA, \u00abLA GUERRA SUCIA\u00bb&#8230; Corre fuerte el rumor que todas las PROTESTAS Y CONFLICTOS que est\u00e1n surgiendo contra los procesos internos del PRI en Veracruz, para la renovaci\u00f3n de sus comit\u00e9s municipales, para enfrentar el proceso electoral del 2021 en la elecci\u00f3n local y federal&#8230; Tiene las \u00abmanos metidas\u00bb personajes afines a MORENA, que est\u00e1n operando con el partido en el poder, pero que en tiempos de Fidel Herrera Beltr\u00e1n y Javier Duarte, estos personajes eran altos funcionarios estatales priistas&#8230;<\/p>\n<p>Al parecer, estos tipos, tienen la \u00abENCOMIENDA\u00bb de hacer el \u00abtrabajo sucio\u00bb para intentar \u00abfrenar\u00bb al PRI en sus procesos internos, renovaci\u00f3n de dirigencias y de recuperaci\u00f3n pol\u00edtica, a trav\u00e9s de la elecci\u00f3n de nuevas presidencias municipales de partido, por dos simples razones&#8230; La primera para evitar que se fortalezcan de manera interna y puedan formar con el PAN y PRD una ALIANZA OPOSITORA fuerte&#8230; La segunda para crear \u00abcortinas de humo\u00bb a Marlon Ram\u00edrez y tratar de \u00abentretenerlo\u00bb con estos problemas&#8230;<\/p>\n<p>De esa manera, Ram\u00edrez Mar\u00edn descuide la Acci\u00f3n de Inconstitucionalidad que interpuso contra la Reforma Electoral en Veracruz&#8230; Por estar, resolviendo esos asuntos al interior de su organismo pol\u00edtico&#8230; Y la \u00abrecompensa\u00bb que tendr\u00e1n para estos personajes priistas que ahora operan en MORENA&#8230; Ser\u00eda el de ser incluidos en el \u00abpara\u00edso terrenal\u00bb de Cuitl\u00e1huac en Veracruz (Tal como lo estuvieron con Fidel y Duarte)&#8230;<\/p>\n<p>Pero tendr\u00edan un \u00abplus\u00bb&#8230; Que ser\u00eda el impulsar a candidatos para las alcald\u00edas o diputaciones locales por MORENA, que sean afines a ellos y sus intereses&#8230; As\u00ed es como ser\u00e1n tomados en cuenta, aunque el Gobernador deseche a la miltiancia ha sido leal y que junto con \u00e9l formaron ese partido en 2015&#8230; Una pr\u00e1ctica del \u00abviejo r\u00e9gimen\u00bb muy bien aprendida por Garc\u00eda Jim\u00e9nez&#8230; Obvio las protestas contra los procesos del PRI son manipuladas y financiadas.. Sino \u00bfDe d\u00f3nde?&#8230; Hay empresarios detr\u00e1s presuntamente con funcionarios de SEFIPLAN&#8230;<\/p>\n<p>ANA GABRIELA, OPERACI\u00d3N RESCATE&#8230; Los que saben \u00ableer entre l\u00edneas\u00bb y quienes conocen del manejo del sistema pol\u00edtico mexicano desde hace muchos a\u00f1os&#8230; Se\u00f1alan que la actuaci\u00f3n del gobierno estatal y la Fiscal\u00eda del Estado para dar un informe en conjunto&#8230; Por el caso de la desaparici\u00f3n f\u00edsica del abogado, Edgar Alvarez, donde est\u00e1n involucrados dos empresarios veracruzanos: Jes\u00fas \u00abN\u00bb y Rafael \u00abN\u00bb y la ex alcaldesa de Xalapa, Armida Adriana \u00abN\u00bb&#8230;. Es un tema totalmente pol\u00edtico donde se intenta \u00absalvar\u00bb la figura PRESUNTAMENTE\u00a0 de la titular de la CONADE, Ana Gabriela Guevara&#8230;<\/p>\n<p>Los que saben del tema&#8230; Tienen la certeza que desde MORENA y el gobierno federal est\u00e1n intentando \u00ablimpiar\u00bb a Ana Gabriela Guevara, sac\u00e1ndola del tema de la EXTORSI\u00d3N Y \u00abMOCHES\u00bb con los que PRESUNTAMENTE se hac\u00edan los contratos con la CONADE&#8230; Ya que la ex medallista olimpica mexicana, es muy cercana al Presidente, Andr\u00e9s Manuel L\u00f3pez Obrador, y desde Veracruz, intentan \u00abdar carpetazo\u00bb a este asunto y que todo quede ah\u00ed&#8230; Un tema entre dos empresarios y una operadora pol\u00edtica&#8230;<\/p>\n<p>Aqu\u00ed el tema es que para hacerlo, ten\u00edan que \u00absacrificar\u00bb a esta operadora pol\u00edtica, financiera y \u00abcomadre\u00bb de la sonorense&#8230; Por eso, presuntamente la FGE se fue a un tema jur\u00eddico de una desaparici\u00f3n forzada y le dan la \u00abvuelta\u00bb al asunto&#8230; De esa manera, todo queda en un tema penal y no se meten en cuestiones de PRESUNTOS hechos de corrupci\u00f3n contra la titular de la CONADE, que tendr\u00eda que ser investigado por la propia Secretar\u00eda de la Funci\u00f3n P\u00fablica.. Y como en los gobiernos de MORENA, no pasa nada&#8230; Todo queda as\u00ed&#8230; Perdido&#8230;<\/p>\n<p>As\u00ed que mientras montan \u00abuna cortina de humo\u00bb de una detenci\u00f3n, pues, Veracruz se sigue destacando en los primeros lugares en secuestros y este caso de Edgar Alvarez, es una estad\u00edstica m\u00e1s para la entidad&#8230; Ya que el tema de los \u00abmoches\u00bb en la CONADE, no lo tocan, ni se toca el tema&#8230; As\u00ed no hay investigaci\u00f3n por tr\u00e1fico de influencias o conflictos de intereses que involucren a la alta funcionaria federal del gobierno de la 4T con Armida Adriana \u00abN\u00bb, fuera o no la operadora financiera de estos temas&#8230;<\/p>\n<p>En resumen&#8230; Posiblemente este asunto no vaya m\u00e1s all\u00e1 que un tema judicial-penal donde solo queden involucrados estos 3 personajes, ya detenidos en el penal de Poza Rica&#8230; Ellos ser\u00e1n los que paguen todas las culpas&#8230; Y si hay \u00abcochinero\u00bb que \u00ablavar\u00bb en la CONADE, ah\u00ed con ellos lo har\u00e1n sin problema alguno&#8230; Ser\u00e1n los \u00abcrucificados\u00bb para salvar una carrera pol\u00edtica, que de ser necesaria lo pueden ocupar en Sonora en 2021&#8230; No hay m\u00e1s&#8230; No habr\u00e1 m\u00e1s investigaciones de corrupci\u00f3n&#8230; AMEN&#8230;.\u00a0\u00a0 CASO CERRADO<\/p>\n<p>LOS CONTAGIOS&#8230;. Otra m\u00e1s de los funcionarios de la 4T en Veracruz&#8230; Esto sucedi\u00f3 en la delegaci\u00f3n Federal de PROFECO en Veracruz&#8230; Ah\u00ed cuentan las versiones de que sus oficinas son un \u00abhervidero\u00bb de contagios del COVID-19&#8230; Ya que los personajes encargados de esta dependencia&#8230; No tomaron las medidas sanitarias pertinentes para evitar que la ciudadan\u00eda que acude a realizar tr\u00e1mites en este lugar y el personal que trabaja ah\u00ed, se fueran a contagiar del virus&#8230; Y ahora est\u00e1n pagando esas consecuencias..<\/p>\n<p>Ya que, al menos, se tiene el informe que son alrededor de 15 trabajadores de esta delegaci\u00f3n&#8230; Los que han presentado s\u00edntomas parecidos al Coronavirus&#8230; Y, todo indica, que el personal que labora ah\u00ed, acusa al delegado, Bruno Fajardo S\u00e1nchez&#8230; C\u00f3mo el responsable de estos contagios en este sitio&#8230; Ya que hizo laborar al personal sin precauci\u00f3n&#8230; Y los que no han resultado positivos al contagio&#8230; Los tiene trabajando sin ninguna precauci\u00f3n y las oficinas no han sido sanitizadas&#8230; Vaya descuido&#8230; OJO Manuel Huerta&#8230;.<\/p>\n","protected":false},"excerpt":{"rendered":"<p>&nbsp; Ricardo Chua Sale y vale &nbsp; MORENA, \u00abLA GUERRA SUCIA\u00bb&#8230; Corre fuerte el rumor que todas las PROTESTAS Y CONFLICTOS que est\u00e1n surgiendo contra los procesos internos del PRI en Veracruz, para la renovaci\u00f3n de sus comit\u00e9s municipales, para enfrentar el proceso electoral del 2021 en la elecci\u00f3n local y federal&#8230; Tiene las \u00abmanos [&hellip;]<\/p>\n","protected":false},"author":2,"featured_media":0,"comment_status":"open","ping_status":"open","sticky":false,"template":"","format":"standard","meta":{"_jetpack_newsletter_access":"","_jetpack_dont_email_post_to_subs":false,"_jetpack_newsletter_tier_id":0,"_jetpack_memberships_contains_paywalled_content":false,"_jetpack_memberships_contains_paid_content":false,"footnotes":""},"categories":[70],"tags":[2488,16673,10617,1706,1026,251,3139,19510,195],"class_list":["post-58023","post","type-post","status-publish","format-standard","hentry","category-de-opinion","tag-conade","tag-covid-19","tag-cuitlahuac-garcia-jimeez","tag-marlon-ramirez","tag-morena","tag-pri","tag-profeco","tag-reforma-electoral-en-veracruz","tag-veracruz"],"jetpack_featured_media_url":"","jetpack_sharing_enabled":true,"jetpack_shortlink":"https:\/\/wp.me\/p4Qcd3-f5R","_links":{"self":[{"href":"https:\/\/lospoliticosveracruz.com.mx\/index.php?rest_route=\/wp\/v2\/posts\/58023","targetHints":{"allow":["GET"]}}],"collection":[{"href":"https:\/\/lospoliticosveracruz.com.mx\/index.php?rest_route=\/wp\/v2\/posts"}],"about":[{"href":"https:\/\/lospoliticosveracruz.com.mx\/index.php?rest_route=\/wp\/v2\/types\/post"}],"author":[{"embeddable":true,"href":"https:\/\/lospoliticosveracruz.com.mx\/index.php?rest_route=\/wp\/v2\/users\/2"}],"replies":[{"embeddable":true,"href":"https:\/\/lospoliticosveracruz.com.mx\/index.php?rest_route=%2Fwp%2Fv2%2Fcomments&post=58023"}],"version-history":[{"count":1,"href":"https:\/\/lospoliticosveracruz.com.mx\/index.php?rest_route=\/wp\/v2\/posts\/58023\/revisions"}],"predecessor-version":[{"id":58025,"href":"https:\/\/lospoliticosveracruz.com.mx\/index.php?rest_route=\/wp\/v2\/posts\/58023\/revisions\/58025"}],"wp:attachment":[{"href":"https:\/\/lospoliticosveracruz.com.mx\/index.php?rest_route=%2Fwp%2Fv2%2Fmedia&parent=58023"}],"wp:term":[{"taxonomy":"category","embeddable":true,"href":"https:\/\/lospoliticosveracruz.com.mx\/index.php?rest_route=%2Fwp%2Fv2%2Fcategories&post=58023"},{"taxonomy":"post_tag","embeddable":true,"href":"https:\/\/lospoliticosveracruz.com.mx\/index.php?rest_route=%2Fwp%2Fv2%2Ftags&post=58023"}],"curies":[{"name":"wp","href":"https:\/\/api.w.org\/{rel}","templated":true}]}}