{"id":58126,"date":"2020-07-30T20:44:23","date_gmt":"2020-07-31T01:44:23","guid":{"rendered":"http:\/\/www.lospoliticosveracruz.com.mx\/?p=58126"},"modified":"2020-07-30T20:44:23","modified_gmt":"2020-07-31T01:44:23","slug":"policia-especializada-en-materia-de-genero","status":"publish","type":"post","link":"https:\/\/lospoliticosveracruz.com.mx\/?p=58126","title":{"rendered":"Polic\u00eda especializada en materia de g\u00e9nero"},"content":{"rendered":"<p>El Instituto Cordob\u00e9s de las Mujeres por la Igualdad (ICMI) capacit\u00f3 a polic\u00edas que integran la Unidad de Atenci\u00f3n a Victimas de Violencia de G\u00e9nero en el tema Contenci\u00f3n Emocional, con el objetivo de que las primeras respondientes en casos de violencia contra mujeres cuenten con herramientas te\u00f3ricas y pr\u00e1cticas para atender con eficiencia.<br \/>\nSara Gabriela Palacios Hern\u00e1ndez, titular del ICMI, destac\u00f3 que esta Unidad Especializada, la primera de su tipo en el estado de Veracruz, forma parte de las acciones instruidas por la presidenta Leticia L\u00f3pez Landero para atender de manera directa la violencia de g\u00e9nero e intrafamiliar.<br \/>\nDetall\u00f3 que ante un reporte al 911 este se canaliza a la Unidad de Atenci\u00f3n a V\u00edctimas de Violencia de G\u00e9nero, integrada por mujeres polic\u00edas que atender\u00e1n la situaci\u00f3n cumpliendo con los lineamientos marcados en el protocolo de actuaci\u00f3n policial especializado en razones de g\u00e9nero.<br \/>\nSe\u00f1al\u00f3 que al capacitar en Contenci\u00f3n Emocional a las polic\u00edas de la Unidad les facilitar\u00e1 reconocer sus propias emociones con mayor precisi\u00f3n y les dota de herramientas conceptuales para atender el tema de violencia desde una visi\u00f3n humanista.<br \/>\nLa titular del ICMI explic\u00f3 que el personal que atiende casos de violencia de g\u00e9nero es susceptible de presentar agotamiento emocional o s\u00edndrome burnout, por lo que se requiere que cuenten con las t\u00e9cnicas adecuadas para el manejo de sus emociones, lo que se refleja en una atenci\u00f3n m\u00e1s eficiente a quien lo necesite.<br \/>\nAgreg\u00f3: \u00abA las polic\u00edas es necesario decirles que las entendemos y sabemos lo que est\u00e1n sintiendo, son personas, por ello es necesario que las respondientes est\u00e9n bien emocionalmente para aplicar el protocolo de atenci\u00f3n de la forma correcta\u00bb.<\/p>\n","protected":false},"excerpt":{"rendered":"<p>El Instituto Cordob\u00e9s de las Mujeres por la Igualdad (ICMI) capacit\u00f3 a polic\u00edas que integran la Unidad de Atenci\u00f3n a Victimas de Violencia de G\u00e9nero en el tema Contenci\u00f3n Emocional, con el objetivo de que las primeras respondientes en casos de violencia contra mujeres cuenten con herramientas te\u00f3ricas y pr\u00e1cticas para atender con eficiencia. Sara [&hellip;]<\/p>\n","protected":false},"author":2,"featured_media":0,"comment_status":"open","ping_status":"open","sticky":false,"template":"","format":"standard","meta":{"_jetpack_newsletter_access":"","_jetpack_dont_email_post_to_subs":false,"_jetpack_newsletter_tier_id":0,"_jetpack_memberships_contains_paywalled_content":false,"_jetpack_memberships_contains_paid_content":false,"footnotes":""},"categories":[73],"tags":[751,17994,7641,8770,3360],"class_list":["post-58126","post","type-post","status-publish","format-standard","hentry","category-de-boleto","tag-cordoba","tag-icmi","tag-leticia-lopez-landero","tag-sara-gabriela-palacios-hernandez","tag-violencia-de-genero"],"jetpack_featured_media_url":"","jetpack_sharing_enabled":true,"jetpack_shortlink":"https:\/\/wp.me\/p4Qcd3-f7w","_links":{"self":[{"href":"https:\/\/lospoliticosveracruz.com.mx\/index.php?rest_route=\/wp\/v2\/posts\/58126","targetHints":{"allow":["GET"]}}],"collection":[{"href":"https:\/\/lospoliticosveracruz.com.mx\/index.php?rest_route=\/wp\/v2\/posts"}],"about":[{"href":"https:\/\/lospoliticosveracruz.com.mx\/index.php?rest_route=\/wp\/v2\/types\/post"}],"author":[{"embeddable":true,"href":"https:\/\/lospoliticosveracruz.com.mx\/index.php?rest_route=\/wp\/v2\/users\/2"}],"replies":[{"embeddable":true,"href":"https:\/\/lospoliticosveracruz.com.mx\/index.php?rest_route=%2Fwp%2Fv2%2Fcomments&post=58126"}],"version-history":[{"count":1,"href":"https:\/\/lospoliticosveracruz.com.mx\/index.php?rest_route=\/wp\/v2\/posts\/58126\/revisions"}],"predecessor-version":[{"id":58128,"href":"https:\/\/lospoliticosveracruz.com.mx\/index.php?rest_route=\/wp\/v2\/posts\/58126\/revisions\/58128"}],"wp:attachment":[{"href":"https:\/\/lospoliticosveracruz.com.mx\/index.php?rest_route=%2Fwp%2Fv2%2Fmedia&parent=58126"}],"wp:term":[{"taxonomy":"category","embeddable":true,"href":"https:\/\/lospoliticosveracruz.com.mx\/index.php?rest_route=%2Fwp%2Fv2%2Fcategories&post=58126"},{"taxonomy":"post_tag","embeddable":true,"href":"https:\/\/lospoliticosveracruz.com.mx\/index.php?rest_route=%2Fwp%2Fv2%2Ftags&post=58126"}],"curies":[{"name":"wp","href":"https:\/\/api.w.org\/{rel}","templated":true}]}}