{"id":58141,"date":"2020-07-31T09:23:01","date_gmt":"2020-07-31T14:23:01","guid":{"rendered":"http:\/\/www.lospoliticosveracruz.com.mx\/?p=58141"},"modified":"2020-07-31T09:23:01","modified_gmt":"2020-07-31T14:23:01","slug":"apiver-los-cambios","status":"publish","type":"post","link":"https:\/\/lospoliticosveracruz.com.mx\/?p=58141","title":{"rendered":"Apiver, los cambios"},"content":{"rendered":"<p><strong>Ricardo Chua<\/strong><\/p>\n<p><em>Sale y vale<\/em><\/p>\n<p>&nbsp;<\/p>\n<p>OJO&#8230; Acaso creen que lo sucedido ayer en el Congreso Local de Veracruz con el tema de la elecci\u00f3n de nuevos magistrados del Tribunal Superior de Justicia&#8230; Es un ASUNTO que se trat\u00f3 y acord\u00f3 en Xalapa&#8230; Obvio que no&#8230; Esto es una negociaci\u00f3n a \u00abgrandes alturas\u00bb y \u00abgrandes vuelos\u00bb&#8230;. Que rebasaron la pol\u00edtica local&#8230; El caso se trat\u00f3 en CDMX y la conurbaci\u00f3n de Veracruz-Boca del Rio&#8230; Pensaron que hab\u00eda sido Juan Javier G\u00f3mez Cazar\u00edn, el gestor de todo esto&#8230; JA JA JA&#8230;. Esto es REAL POLITIK&#8230; No el \u00abLOCALISMO EMPOBRECEDOR\u00bb&#8230;<\/p>\n<p>APIVER, LOS CAMBIOS&#8230; Despu\u00e9s de que el Presidente de M\u00e9xico, Andr\u00e9s Manuel L\u00f3pez Obrador, anunciara con \u00abbombo y platillo\u00bb que la Secretar\u00eda de Marina, se har\u00eda cargo de las aduanas y que habr\u00eda cambios en las Administraciones Portuarias del pa\u00eds&#8230; Es un hecho que el director de APIVER, Miguel Angel Ya\u00f1ez Monroy&#8230; Tiene sus \u00abd\u00edas contados\u00bb dentro de la 4T, ya que su salida es inminente por los propias palabras del mandatario nacional.. Lo cual provocar\u00e1 todo un caos administrativo&#8230;<\/p>\n<p>S\u00f3lo hay que recordar, cuando en enero del a\u00f1o pasado, el propio Juan Ignacio Fern\u00e1ndez Carvajal, \u00abDon Coca Colo II\u00bb, anunciaba su salida de esta dependencia, despu\u00e9s de estar 10 a\u00f1os bajo su mando&#8230; Se tardaron m\u00e1s de 3 meses en darle posesi\u00f3n real a Ya\u00f1ez Monroy&#8230; Ya que una Administraci\u00f3n Portuaria en el pa\u00eds, maneja recursos propios, asigna contratos, hace convenios de obras y con proveedores&#8230; Por ello, se vuelve un tema administrativo largo esa remoci\u00f3n&#8230;<\/p>\n<p>Ahora a un a\u00f1o y casi 6 meses de la llegada del actual director de APIVER&#8230; Este tendr\u00e1 que ir \u00abhaciendo maletas\u00bb porque este Presidente de M\u00e9xico, muy pocas veces da reversa a los asuntos que ya toma una decisi\u00f3n&#8230; Y si dijo que el cambio de funcionarios en estas \u00e1reas es a la \u00abvoz de ya\u00bb, no duden que pronto, se vean movimientos en estas oficinas en Veracruz&#8230; Vienen de nuevo movimientos administrativos en esta dependencias&#8230; Pero la historia tiene m\u00e1s de fondo&#8230;<\/p>\n<p>El tema que viene ahora es tambi\u00e9n es saber&#8230; Si el gobierno federal har\u00e1 una investigaci\u00f3n a fondo del manejo al interior de APIVER, ya que desde que lleg\u00f3 Y\u00e1\u00f1ez Monroy al cargo en la\u00a0 direcci\u00f3n&#8230; Este personaje ha sido se\u00f1alado junto con el equipo de colaboradores que labora con \u00e9l desde su llegada&#8230; Con PRESUNTAS acciones de extorsi\u00f3n en contra de propios contratistas de esta administraci\u00f3n portuaria y que estas situaciones se vienen presentado desde 2019&#8230;<\/p>\n<p>Ya en espacios anteriores de los \u00abvecinos\u00bb Claudia Guerrero y Pablo Jair Ortega&#8230; Han se\u00f1alado estos presuntos casos de extorsi\u00f3n sucedidas en 2019 y 2020 en este sitio&#8230; El tema ahora es saber cuando la nueva coordinadora General de Puertos y Marina Mercante, Rosa Icela Rodr\u00edguez, quiz\u00e1,s junto con la Secretar\u00eda de Mar\u00edna, que tomar\u00e1 bajo su mando las Aduanas del pa\u00eds&#8230; Vean personalmente el asunto que se presenta en APIVER&#8230; Al parecer es ya&#8230;<\/p>\n<p>Pero sobre todo, habr\u00e1 que esperar si la Unidad de Inteligencia Financiera (UIF) de la Secretar\u00eda de Hacienda y la Secretar\u00eda de la Funci\u00f3n P\u00fablica federal, investigar\u00e1n el caso APIVER bajo el mando de Y\u00e1\u00f1ez Monroy&#8230; Y de todas las acusaciones que pesan en su contra desde su llegada&#8230; Ya que todo indica que las mismas est\u00e1n sustentadas y se encuentran hechas por contratistas, que llevan a\u00f1os trabajando en puertos&#8230; Ya que el venga a sustituirlo en APIVER es lo de menos&#8230; Otra prueba m\u00e1s a la 4T&#8230; Investiga o deja pasar&#8230;AMEN&#8230;<\/p>\n<p>PAN, SU \u00abREALIDAD\u00bb&#8230; Un d\u00eda poderoso ex secretario de Gobernaci\u00f3n, que manej\u00f3 el CISEN, dijo a prominente pol\u00edtico veracruzano: \u00abDe que te preocupas, para qu\u00e9 te enojas, por lo que sucede aqu\u00ed, all\u00e1 arriba en CDMX los pol\u00edticos toman acuerdos, as\u00ed sean rivales, all\u00e1 en esos niveles, no hay amistades o enemigos, s\u00f3lo intereses&#8230; Las peleas y conflictos, son abajo entre la militancia y sociedad&#8230; Ac\u00e1 arriba siempre prevalecen los acuerdos\u00bb&#8230; Sabio consejo&#8230; La elecci\u00f3n de Magistrados, es fiel muestra de ello&#8230; ACUERDOS e INTERESES..<\/p>\n<p>As\u00ed que a pesar de que al interior del PAN en Veracruz, en las \u00faltimas horas, mucho se ha dicho de la votaci\u00f3n que realizaron para elegir a los nuevos Magistrados del Poder Judicial de Estado, sus diputados locales&#8230; Los cuales, m\u00e1s de la mitad de ellos, avalaron las propuestas realizadas por el gobernador, Cuitl\u00e1huac Garc\u00eda&#8230; Lo que ha generado un \u00abalboroto\u00bb en el panismo estatal&#8230; Unos dicen que traicionaron&#8230; Otros que \u00abfracturaron\u00bb al partido&#8230; Unos m\u00e1s que \u00abEl Chapito\u00bb Guzm\u00e1n no tiene control y mostr\u00f3 su verdadera fuerza&#8230;<\/p>\n<p>En pocas palabras&#8230; Ahora el PAN es un caos en lo pol\u00edtico&#8230; Ya que tambi\u00e9n dejaron exhibido a su \u00abpastor\u00bb, Omar Miranda&#8230; Con quien los ahora diputados locales, han tenido sus desencuentros&#8230; Y en este preciso momento, quiz\u00e1s, le cobraron esas \u00abafrentas\u00bb y a lo \u00abchino\u00bb&#8230; El tema es que ni el comit\u00e9 directivo estatal, en manos de Guzm\u00e1n Avil\u00e9s pudo hacer nada porque no controlo nada&#8230; Ni el coordinador de la bancada que es Miranda&#8230; Lo que se sigue manteniendo FIRME es el bloque de diputados panistas de Miguel Angel Yunes..<\/p>\n<p>Al final de cuentas, esto s\u00f3lo deja una lectura&#8230; Joaqu\u00edn Guzm\u00e1n Avil\u00e9s preso de su ambici\u00f3n, \u00abliderazgo y control\u00bb sobre el PAN, porque nada m\u00e1s gan\u00f3 la dirigencia con los votos de 2 distritos, y perdi\u00f3 en los otros 28&#8230; Por eso, fue \u00abreh\u00e9n\u00bb de su nula operaci\u00f3n pol\u00edtica y qued\u00f3 exhibido que cuando los diputados locales quieren, hacen lo que piensan y ya&#8230; Eso demuestra que Guzm\u00e1n Avil\u00e9s, preside el PAN estatal, pero s\u00f3lo es L\u00cdDER en Tantoyuca&#8230; No es el l\u00edder en todo Veracruz&#8230; TAN&#8230; TAN&#8230; Y AM\u00c9N.<\/p>\n","protected":false},"excerpt":{"rendered":"<p>Ricardo Chua Sale y vale &nbsp; OJO&#8230; Acaso creen que lo sucedido ayer en el Congreso Local de Veracruz con el tema de la elecci\u00f3n de nuevos magistrados del Tribunal Superior de Justicia&#8230; Es un ASUNTO que se trat\u00f3 y acord\u00f3 en Xalapa&#8230; Obvio que no&#8230; Esto es una negociaci\u00f3n a \u00abgrandes alturas\u00bb y \u00abgrandes [&hellip;]<\/p>\n","protected":false},"author":2,"featured_media":0,"comment_status":"open","ping_status":"open","sticky":false,"template":"","format":"standard","meta":{"_jetpack_newsletter_access":"","_jetpack_dont_email_post_to_subs":false,"_jetpack_newsletter_tier_id":0,"_jetpack_memberships_contains_paywalled_content":false,"_jetpack_memberships_contains_paid_content":false,"footnotes":""},"categories":[70],"tags":[17426,6631,12951,17050,19575,12807,14636,266,13604,19576,11326,14697,195],"class_list":["post-58141","post","type-post","status-publish","format-standard","hentry","category-de-opinion","tag-4t","tag-cisen","tag-congreso-local-de-veracruz","tag-cuitlahauc-garcia","tag-miguel-angel-yanez-monroy","tag-omar-miranda","tag-opinion","tag-pan","tag-ricardo-chua","tag-rosa-icela-rodriguez","tag-secretaria-de-marina","tag-unidad-de-inteligencia-financiera","tag-veracruz"],"jetpack_featured_media_url":"","jetpack_sharing_enabled":true,"jetpack_shortlink":"https:\/\/wp.me\/p4Qcd3-f7L","_links":{"self":[{"href":"https:\/\/lospoliticosveracruz.com.mx\/index.php?rest_route=\/wp\/v2\/posts\/58141","targetHints":{"allow":["GET"]}}],"collection":[{"href":"https:\/\/lospoliticosveracruz.com.mx\/index.php?rest_route=\/wp\/v2\/posts"}],"about":[{"href":"https:\/\/lospoliticosveracruz.com.mx\/index.php?rest_route=\/wp\/v2\/types\/post"}],"author":[{"embeddable":true,"href":"https:\/\/lospoliticosveracruz.com.mx\/index.php?rest_route=\/wp\/v2\/users\/2"}],"replies":[{"embeddable":true,"href":"https:\/\/lospoliticosveracruz.com.mx\/index.php?rest_route=%2Fwp%2Fv2%2Fcomments&post=58141"}],"version-history":[{"count":1,"href":"https:\/\/lospoliticosveracruz.com.mx\/index.php?rest_route=\/wp\/v2\/posts\/58141\/revisions"}],"predecessor-version":[{"id":58145,"href":"https:\/\/lospoliticosveracruz.com.mx\/index.php?rest_route=\/wp\/v2\/posts\/58141\/revisions\/58145"}],"wp:attachment":[{"href":"https:\/\/lospoliticosveracruz.com.mx\/index.php?rest_route=%2Fwp%2Fv2%2Fmedia&parent=58141"}],"wp:term":[{"taxonomy":"category","embeddable":true,"href":"https:\/\/lospoliticosveracruz.com.mx\/index.php?rest_route=%2Fwp%2Fv2%2Fcategories&post=58141"},{"taxonomy":"post_tag","embeddable":true,"href":"https:\/\/lospoliticosveracruz.com.mx\/index.php?rest_route=%2Fwp%2Fv2%2Ftags&post=58141"}],"curies":[{"name":"wp","href":"https:\/\/api.w.org\/{rel}","templated":true}]}}