{"id":58438,"date":"2020-08-06T14:32:16","date_gmt":"2020-08-06T19:32:16","guid":{"rendered":"http:\/\/www.lospoliticosveracruz.com.mx\/?p=58438"},"modified":"2020-08-06T14:32:16","modified_gmt":"2020-08-06T19:32:16","slug":"asi-va-la-universidad-de-atlahuilco","status":"publish","type":"post","link":"https:\/\/lospoliticosveracruz.com.mx\/?p=58438","title":{"rendered":"\u00a1As\u00ed va la Universidad de Atlahuilco!"},"content":{"rendered":"<p>&nbsp;<\/p>\n<p>Al supervisar el avance de obra de construcci\u00f3n de la \u00abUniversidad Benito Ju\u00e1rez\u00bb con sede en Atlahuilco, el Coordinador de Programas para el Desarrollo de la Presidencia de la Rep\u00fablica, Gabriel Garc\u00eda Hern\u00e1ndez, destac\u00f3 la importancia del conocimiento que se impartir\u00e1 en estas aulas para conservar el patrimonio cultural de las comunidades ind\u00edgenas, como la lengua n\u00e1huatl de la sierra de Zongolica.<\/p>\n<p>La \u00abUniversidad Benito Ju\u00e1rez\u00bb de Atlahuilco impartir\u00e1 la Licenciatura en Formaci\u00f3n Docente en Educaci\u00f3n B\u00e1sica: Patrimonio Hist\u00f3rico y Cultural de M\u00e9xico, lo que constituye una aportaci\u00f3n para la comunidad y para las futuras generaciones \u201ces un patrimonio cultural para nuestro pa\u00eds, el Estado de Veracruz y para todo el mundo, porque se va a poder conservar nuestra lengua madre y la cultura\u201d, subray\u00f3 el funcionario.<\/p>\n<p>En el acto, el Presidente Municipal de Atlahuilco, Raymundo Ixmatlahua Lemus, manifest\u00f3 su gratitud al Presidente Andr\u00e9s Manuel L\u00f3pez Obrador \u201cque est\u00e1 haciendo buen trabajo para todo M\u00e9xico y en la sierra de Zongolica; por todo lo que est\u00e1 apoyando a la sierra; ahorita ya vemos que Atlahuilco no est\u00e1 olvidado, que ya est\u00e1 siendo tomado en cuenta\u201d, dijo y expres\u00f3 ese mismo reconocimiento al Delegado Manuel Huerta Ladr\u00f3n de Guevara y a todo su equipo de trabajo.<\/p>\n<p>Finalmente, Ramona Cocoltl Tlaxcala, integrante del Comit\u00e9 de Obra y Administraci\u00f3n para la construcci\u00f3n de esta Universidad, agradeci\u00f3 la orientaci\u00f3n y apertura que los Servidores de la Naci\u00f3n han tenido con la comunidad para ense\u00f1arles a manejar correctamente los recursos que reciben para hacer realidad este sue\u00f1o de la sierra de Zongolica para que m\u00e1s veracruzanos puedan prepararse y ser el orgullo del pa\u00eds.<\/p>\n","protected":false},"excerpt":{"rendered":"<p>&nbsp; Al supervisar el avance de obra de construcci\u00f3n de la \u00abUniversidad Benito Ju\u00e1rez\u00bb con sede en Atlahuilco, el Coordinador de Programas para el Desarrollo de la Presidencia de la Rep\u00fablica, Gabriel Garc\u00eda Hern\u00e1ndez, destac\u00f3 la importancia del conocimiento que se impartir\u00e1 en estas aulas para conservar el patrimonio cultural de las comunidades ind\u00edgenas, como [&hellip;]<\/p>\n","protected":false},"author":2,"featured_media":0,"comment_status":"open","ping_status":"open","sticky":false,"template":"","format":"standard","meta":{"_jetpack_newsletter_access":"","_jetpack_dont_email_post_to_subs":false,"_jetpack_newsletter_tier_id":0,"_jetpack_memberships_contains_paywalled_content":false,"_jetpack_memberships_contains_paid_content":false,"footnotes":""},"categories":[73],"tags":[19718,19717,19715,19719,19716,19714],"class_list":["post-58438","post","type-post","status-publish","format-standard","hentry","category-de-boleto","tag-delegado-manuel-huerta-ladron-de-guevara","tag-presidente-andres-manuel-lopez-obrador","tag-presidente-municipal-de-atlahuilco","tag-ramona-cocoltl-tlaxcala","tag-raymundo-ixmatlahua-lemus","tag-universidad-benito-juarez"],"jetpack_featured_media_url":"","jetpack_sharing_enabled":true,"jetpack_shortlink":"https:\/\/wp.me\/p4Qcd3-fcy","_links":{"self":[{"href":"https:\/\/lospoliticosveracruz.com.mx\/index.php?rest_route=\/wp\/v2\/posts\/58438","targetHints":{"allow":["GET"]}}],"collection":[{"href":"https:\/\/lospoliticosveracruz.com.mx\/index.php?rest_route=\/wp\/v2\/posts"}],"about":[{"href":"https:\/\/lospoliticosveracruz.com.mx\/index.php?rest_route=\/wp\/v2\/types\/post"}],"author":[{"embeddable":true,"href":"https:\/\/lospoliticosveracruz.com.mx\/index.php?rest_route=\/wp\/v2\/users\/2"}],"replies":[{"embeddable":true,"href":"https:\/\/lospoliticosveracruz.com.mx\/index.php?rest_route=%2Fwp%2Fv2%2Fcomments&post=58438"}],"version-history":[{"count":1,"href":"https:\/\/lospoliticosveracruz.com.mx\/index.php?rest_route=\/wp\/v2\/posts\/58438\/revisions"}],"predecessor-version":[{"id":58440,"href":"https:\/\/lospoliticosveracruz.com.mx\/index.php?rest_route=\/wp\/v2\/posts\/58438\/revisions\/58440"}],"wp:attachment":[{"href":"https:\/\/lospoliticosveracruz.com.mx\/index.php?rest_route=%2Fwp%2Fv2%2Fmedia&parent=58438"}],"wp:term":[{"taxonomy":"category","embeddable":true,"href":"https:\/\/lospoliticosveracruz.com.mx\/index.php?rest_route=%2Fwp%2Fv2%2Fcategories&post=58438"},{"taxonomy":"post_tag","embeddable":true,"href":"https:\/\/lospoliticosveracruz.com.mx\/index.php?rest_route=%2Fwp%2Fv2%2Ftags&post=58438"}],"curies":[{"name":"wp","href":"https:\/\/api.w.org\/{rel}","templated":true}]}}