{"id":58441,"date":"2020-08-06T15:05:37","date_gmt":"2020-08-06T20:05:37","guid":{"rendered":"http:\/\/www.lospoliticosveracruz.com.mx\/?p=58441"},"modified":"2020-08-06T15:27:47","modified_gmt":"2020-08-06T20:27:47","slug":"este-8-nuevo-sol-azteca","status":"publish","type":"post","link":"https:\/\/lospoliticosveracruz.com.mx\/?p=58441","title":{"rendered":"Este 8, nuevo Sol&#8230; Azteca"},"content":{"rendered":"<p>El pr\u00f3ximo 8 de agosto el Partido de la Revoluci\u00f3n Democr\u00e1tica (PRD) elegir\u00e1 mediante un proceso interno a los nuevos integrantes del Comit\u00e9 Ejecutivo Estatal, dio a conocer el presidente del PRD en la entidad, Jes\u00fas Alberto Vel\u00e1zquez Flores.<\/p>\n<p>Indic\u00f3 que se congregar\u00e1n 116 consejeros estatales, a trav\u00e9s de la plataforma Zoom, para elegir al pr\u00f3ximo presidente del Comit\u00e9 Ejecutivo Estatal del PRD, ya que la emergencia sanitaria generada por el virus del Covid-19, no permitir\u00eda realizar un proceso en donde se tuvieran que llevar a cabo campa\u00f1as por quienes aspiren a dirigir a dicho instituto pol\u00edtico.<\/p>\n<p>Vel\u00e1zquez Flores destac\u00f3 que desde hace 2 a\u00f1os se viene trabajando en una planilla de unidad, \u201cvamos todos por un solo objetivo que es lograr que el partido se pueda reposicionar en Veracruz, hemos tenido buenos resultados y de esa manera es que el partido viene caminando con la idea de no fracturarnos y de seguir fortaleci\u00e9ndonos para el pr\u00f3ximo proceso electoral\u201d.<\/p>\n<p>El dirigente del sol azteca agreg\u00f3 que \u00abes un buen momento, es la primera vez que se postula una sola planilla, estamos en unidad, trabajando en la reconstrucci\u00f3n de nuestro partido; esto no implica que no haya discrepancias, debates, pero ha prevalecido el di\u00e1logo y el bien com\u00fan, el cual es que el instituto pol\u00edtico se consolide rumbo al proceso electoral de 2021\u00bb.<\/p>\n<p>Cabe mencionar que quien ha logrado \u00a0el consenso para encabezar la plantilla de unidad es Sergio Cadena Mart\u00ednez, quien en dos ocasiones ha sido alcalde de Catemaco \u00a0y actualmente se desempe\u00f1a como representante del PRD ante el OPLE.<\/p>\n","protected":false},"excerpt":{"rendered":"<p>El pr\u00f3ximo 8 de agosto el Partido de la Revoluci\u00f3n Democr\u00e1tica (PRD) elegir\u00e1 mediante un proceso interno a los nuevos integrantes del Comit\u00e9 Ejecutivo Estatal, dio a conocer el presidente del PRD en la entidad, Jes\u00fas Alberto Vel\u00e1zquez Flores. Indic\u00f3 que se congregar\u00e1n 116 consejeros estatales, a trav\u00e9s de la plataforma Zoom, para elegir al [&hellip;]<\/p>\n","protected":false},"author":2,"featured_media":0,"comment_status":"open","ping_status":"open","sticky":false,"template":"","format":"standard","meta":{"_jetpack_newsletter_access":"","_jetpack_dont_email_post_to_subs":false,"_jetpack_newsletter_tier_id":0,"_jetpack_memberships_contains_paywalled_content":false,"_jetpack_memberships_contains_paid_content":false,"footnotes":""},"categories":[73],"tags":[16673,721,6610,107,19720,7887,195],"class_list":["post-58441","post","type-post","status-publish","format-standard","hentry","category-de-boleto","tag-covid-19","tag-elecciones","tag-jesus-alberto-velazquez-flores","tag-prd","tag-presidente-del-comite-ejecutivo-estatal","tag-sergio-cadena-martinez","tag-veracruz"],"jetpack_featured_media_url":"","jetpack_sharing_enabled":true,"jetpack_shortlink":"https:\/\/wp.me\/p4Qcd3-fcB","_links":{"self":[{"href":"https:\/\/lospoliticosveracruz.com.mx\/index.php?rest_route=\/wp\/v2\/posts\/58441","targetHints":{"allow":["GET"]}}],"collection":[{"href":"https:\/\/lospoliticosveracruz.com.mx\/index.php?rest_route=\/wp\/v2\/posts"}],"about":[{"href":"https:\/\/lospoliticosveracruz.com.mx\/index.php?rest_route=\/wp\/v2\/types\/post"}],"author":[{"embeddable":true,"href":"https:\/\/lospoliticosveracruz.com.mx\/index.php?rest_route=\/wp\/v2\/users\/2"}],"replies":[{"embeddable":true,"href":"https:\/\/lospoliticosveracruz.com.mx\/index.php?rest_route=%2Fwp%2Fv2%2Fcomments&post=58441"}],"version-history":[{"count":3,"href":"https:\/\/lospoliticosveracruz.com.mx\/index.php?rest_route=\/wp\/v2\/posts\/58441\/revisions"}],"predecessor-version":[{"id":58446,"href":"https:\/\/lospoliticosveracruz.com.mx\/index.php?rest_route=\/wp\/v2\/posts\/58441\/revisions\/58446"}],"wp:attachment":[{"href":"https:\/\/lospoliticosveracruz.com.mx\/index.php?rest_route=%2Fwp%2Fv2%2Fmedia&parent=58441"}],"wp:term":[{"taxonomy":"category","embeddable":true,"href":"https:\/\/lospoliticosveracruz.com.mx\/index.php?rest_route=%2Fwp%2Fv2%2Fcategories&post=58441"},{"taxonomy":"post_tag","embeddable":true,"href":"https:\/\/lospoliticosveracruz.com.mx\/index.php?rest_route=%2Fwp%2Fv2%2Ftags&post=58441"}],"curies":[{"name":"wp","href":"https:\/\/api.w.org\/{rel}","templated":true}]}}