{"id":58515,"date":"2020-08-07T21:07:39","date_gmt":"2020-08-08T02:07:39","guid":{"rendered":"http:\/\/www.lospoliticosveracruz.com.mx\/?p=58515"},"modified":"2020-08-07T21:08:56","modified_gmt":"2020-08-08T02:08:56","slug":"58515","status":"publish","type":"post","link":"https:\/\/lospoliticosveracruz.com.mx\/?p=58515","title":{"rendered":"Con Morena golpe bajo a la democracia"},"content":{"rendered":"<p>Sergio Gil Rull\u00e1n declar\u00f3 que mientras los veracruzanos no tienen certeza de trabajo y salud a consecuencia de la pandemia, Morena, desde el Congreso, aprueba reformas electoreras en vez de aprobar un Ingreso Vital, por ello, ya presentaron una acci\u00f3n de inconstitucionalidad.<\/p>\n<p>Argument\u00f3 que Movimiento Ciudadano denunci\u00f3 y pidi\u00f3 a la Suprema Corte de Justicia de la Naci\u00f3n que se analicen los cambios que hizo Morena a la Constituci\u00f3n Local para blindar a su gobernador y evitar removerlo del cargo a trav\u00e9s de la revocaci\u00f3n de mandato.<\/p>\n<p>Dijo que en Veracruz, Morelos, Chiapas y Baja California, Morena est\u00e1 dando un golpe a la democracia aprovechando la emergencia sanitaria, \u201cy no lo vamos a permitir\u201d, por lo que pronto se presentar\u00e1n una segunda acci\u00f3n por las leyes secundarias que se aprobaron.<\/p>\n<p>\u201cAcudimos a la Suprema Corte de Justicia junto Jorge \u00c1lvarez Maynez, Secretario General de Acuerdos a presentar las 4 acciones de inconstitucionalidad de los 4 estados, ante estas leyes regresivas, denunciando que lo que buscan es prohibir la remoci\u00f3n de funcionarios por consultas populares\u201d.<\/p>\n<p>Puntualiz\u00f3 que impugnaron la reforma electoral de Morena porque adem\u00e1s exigen que se revise la desaparici\u00f3n de los consejeros municipales, ya que al recortar el n\u00famero de los \u00f3rganos desconcentrados, se afecta la certeza de la elecci\u00f3n del 2021.<\/p>\n<p>En cuanto al ingreso vital explic\u00f3 que se les propuso que a los veracruzanos que hayan perdido su empleo puedan acceder a un apoyo de 3, 746 pesos mensuales, pero contrario a ello, Morena solo utiliza la pandemia como un distractor para desmantelar la democracia.<\/p>\n<p>\u201cLe pedimos que dejen de hacer legislaci\u00f3n al vapor, les exigimos que mejor se preocupen por la salud y la vida, porque todav\u00eda pueden comprar insumos m\u00e9dicos y dar certeza a las personas de que se queden en casa sin la preocupaci\u00f3n de que se van a morir de hambre\u201d, se\u00f1al\u00f3.<\/p>\n<p>Por \u00faltimo recalc\u00f3 que est\u00e1 a favor de la renuncia de Hugo L\u00f3pez Gatell, ya que por su estrategia fallida llev\u00f3 a M\u00e9xico a estar en los primeros cuatro lugares a nivel mundial por contagios y muertes de Covid19.<\/p>\n","protected":false},"excerpt":{"rendered":"<p>Sergio Gil Rull\u00e1n declar\u00f3 que mientras los veracruzanos no tienen certeza de trabajo y salud a consecuencia de la pandemia, Morena, desde el Congreso, aprueba reformas electoreras en vez de aprobar un Ingreso Vital, por ello, ya presentaron una acci\u00f3n de inconstitucionalidad. Argument\u00f3 que Movimiento Ciudadano denunci\u00f3 y pidi\u00f3 a la Suprema Corte de Justicia [&hellip;]<\/p>\n","protected":false},"author":2,"featured_media":0,"comment_status":"open","ping_status":"open","sticky":false,"template":"","format":"standard","meta":{"_jetpack_newsletter_access":"","_jetpack_dont_email_post_to_subs":false,"_jetpack_newsletter_tier_id":0,"_jetpack_memberships_contains_paywalled_content":false,"_jetpack_memberships_contains_paid_content":false,"footnotes":""},"categories":[73],"tags":[544,207,16671,19750,5855,1026,2327,16929,11240,195],"class_list":["post-58515","post","type-post","status-publish","format-standard","hentry","category-de-boleto","tag-chiapas","tag-democracia","tag-hugo-lopez-gatell","tag-jorge-alvarez-maynez","tag-morelos","tag-morena","tag-movimiento-ciudadano","tag-pandemia","tag-sergio-gil-rullan","tag-veracruz"],"jetpack_featured_media_url":"","jetpack_sharing_enabled":true,"jetpack_shortlink":"https:\/\/wp.me\/s4Qcd3-58515","_links":{"self":[{"href":"https:\/\/lospoliticosveracruz.com.mx\/index.php?rest_route=\/wp\/v2\/posts\/58515","targetHints":{"allow":["GET"]}}],"collection":[{"href":"https:\/\/lospoliticosveracruz.com.mx\/index.php?rest_route=\/wp\/v2\/posts"}],"about":[{"href":"https:\/\/lospoliticosveracruz.com.mx\/index.php?rest_route=\/wp\/v2\/types\/post"}],"author":[{"embeddable":true,"href":"https:\/\/lospoliticosveracruz.com.mx\/index.php?rest_route=\/wp\/v2\/users\/2"}],"replies":[{"embeddable":true,"href":"https:\/\/lospoliticosveracruz.com.mx\/index.php?rest_route=%2Fwp%2Fv2%2Fcomments&post=58515"}],"version-history":[{"count":2,"href":"https:\/\/lospoliticosveracruz.com.mx\/index.php?rest_route=\/wp\/v2\/posts\/58515\/revisions"}],"predecessor-version":[{"id":58518,"href":"https:\/\/lospoliticosveracruz.com.mx\/index.php?rest_route=\/wp\/v2\/posts\/58515\/revisions\/58518"}],"wp:attachment":[{"href":"https:\/\/lospoliticosveracruz.com.mx\/index.php?rest_route=%2Fwp%2Fv2%2Fmedia&parent=58515"}],"wp:term":[{"taxonomy":"category","embeddable":true,"href":"https:\/\/lospoliticosveracruz.com.mx\/index.php?rest_route=%2Fwp%2Fv2%2Fcategories&post=58515"},{"taxonomy":"post_tag","embeddable":true,"href":"https:\/\/lospoliticosveracruz.com.mx\/index.php?rest_route=%2Fwp%2Fv2%2Ftags&post=58515"}],"curies":[{"name":"wp","href":"https:\/\/api.w.org\/{rel}","templated":true}]}}