{"id":58557,"date":"2020-08-09T14:10:15","date_gmt":"2020-08-09T19:10:15","guid":{"rendered":"http:\/\/www.lospoliticosveracruz.com.mx\/?p=58557"},"modified":"2020-08-09T14:10:40","modified_gmt":"2020-08-09T19:10:40","slug":"armas-fiestas","status":"publish","type":"post","link":"https:\/\/lospoliticosveracruz.com.mx\/?p=58557","title":{"rendered":"En 15 casas arman fiestas \u00a1no entienden!"},"content":{"rendered":"<p>Autoridades municipales de C\u00f3rdoba reforzaron durante este fin de semana los operativos para exhortar a la poblaci\u00f3n a abstenerse de realizar o participar en reuniones sociales toda vez que representan un riesgo para la salud al no respetar los protocolos de seguridad sanitaria esenciales para prevenir la propagaci\u00f3n del COVID19.<\/p>\n<p>Jaime Rodr\u00edguez Romano, comandante de la Polic\u00eda Municipal de C\u00f3rdoba, inform\u00f3 que en este operativo, donde tambi\u00e9n participan elementos de la la Jefatura de Salud, la Direcci\u00f3n de Comercio y la Unidad Municipal de Protecci\u00f3n Civil (UMPC), se intervinieron 15 domicilios particulares donde vecinos reportaron la realizaci\u00f3n de fiestas.<\/p>\n<p><a href=\"http:\/\/www.lospoliticosveracruz.com.mx\/wp-content\/uploads\/2020\/08\/C\u00f3rdoba-2.jpg\"><img loading=\"lazy\" decoding=\"async\" class=\"aligncenter size-full wp-image-58558\" src=\"http:\/\/www.lospoliticosveracruz.com.mx\/wp-content\/uploads\/2020\/08\/C\u00f3rdoba-2.jpg\" alt=\"C\u00f3rdoba 2\" width=\"600\" height=\"320\" \/><\/a><\/p>\n<p>Record\u00f3 que C\u00f3rdoba se encuentra en foco rojo de la emergencia sanitaria por lo que es importante que la poblaci\u00f3n no baje la guardia y contin\u00fae aplicando las medidas preventivas b\u00e1sicas como lavado constante de manos, uso de cubreboca en espacios cerrados, respetar una distancia m\u00ednima de dos metros entre individuos y de ser posible permanecer en casa el mayor tiempo posible.<\/p>\n<p>Rodr\u00edguez Romano invit\u00f3 a la poblaci\u00f3n en general a reportar de manera an\u00f3nima cualquier tipo de evento social o reuni\u00f3n familiar al tel\u00e9fono 271 177 89 50 que pudiera representar alg\u00fan riesgo a la salud tanto de los asistentes como de los mismos vecinos.<\/p>\n<p>Apunt\u00f3 que este operativo es permanente, por lo que reiter\u00f3 el llamado a la poblaci\u00f3n a abstenerse de realizar y\/o participar en este tipo de actividades que representan un alto riesgo de transmisi\u00f3n del SARS- CoV-2.<a href=\"http:\/\/www.lospoliticosveracruz.com.mx\/wp-content\/uploads\/2020\/08\/C\u00f3rdoba8.jpg\"><img loading=\"lazy\" decoding=\"async\" class=\"aligncenter size-full wp-image-58559\" src=\"http:\/\/www.lospoliticosveracruz.com.mx\/wp-content\/uploads\/2020\/08\/C\u00f3rdoba8.jpg\" alt=\"C\u00f3rdoba\" width=\"600\" height=\"320\" \/><\/a><\/p>\n<p>&nbsp;<\/p>\n","protected":false},"excerpt":{"rendered":"<p>Autoridades municipales de C\u00f3rdoba reforzaron durante este fin de semana los operativos para exhortar a la poblaci\u00f3n a abstenerse de realizar o participar en reuniones sociales toda vez que representan un riesgo para la salud al no respetar los protocolos de seguridad sanitaria esenciales para prevenir la propagaci\u00f3n del COVID19. Jaime Rodr\u00edguez Romano, comandante de [&hellip;]<\/p>\n","protected":false},"author":2,"featured_media":0,"comment_status":"open","ping_status":"open","sticky":false,"template":"","format":"standard","meta":{"_jetpack_newsletter_access":"","_jetpack_dont_email_post_to_subs":false,"_jetpack_newsletter_tier_id":0,"_jetpack_memberships_contains_paywalled_content":false,"_jetpack_memberships_contains_paid_content":false,"footnotes":""},"categories":[73],"tags":[751,19764,19765,206],"class_list":["post-58557","post","type-post","status-publish","format-standard","hentry","category-de-boleto","tag-cordoba","tag-fiestas","tag-jaime-rodriguez-romano","tag-proteccion-civil"],"jetpack_featured_media_url":"","jetpack_sharing_enabled":true,"jetpack_shortlink":"https:\/\/wp.me\/p4Qcd3-fet","_links":{"self":[{"href":"https:\/\/lospoliticosveracruz.com.mx\/index.php?rest_route=\/wp\/v2\/posts\/58557","targetHints":{"allow":["GET"]}}],"collection":[{"href":"https:\/\/lospoliticosveracruz.com.mx\/index.php?rest_route=\/wp\/v2\/posts"}],"about":[{"href":"https:\/\/lospoliticosveracruz.com.mx\/index.php?rest_route=\/wp\/v2\/types\/post"}],"author":[{"embeddable":true,"href":"https:\/\/lospoliticosveracruz.com.mx\/index.php?rest_route=\/wp\/v2\/users\/2"}],"replies":[{"embeddable":true,"href":"https:\/\/lospoliticosveracruz.com.mx\/index.php?rest_route=%2Fwp%2Fv2%2Fcomments&post=58557"}],"version-history":[{"count":2,"href":"https:\/\/lospoliticosveracruz.com.mx\/index.php?rest_route=\/wp\/v2\/posts\/58557\/revisions"}],"predecessor-version":[{"id":58566,"href":"https:\/\/lospoliticosveracruz.com.mx\/index.php?rest_route=\/wp\/v2\/posts\/58557\/revisions\/58566"}],"wp:attachment":[{"href":"https:\/\/lospoliticosveracruz.com.mx\/index.php?rest_route=%2Fwp%2Fv2%2Fmedia&parent=58557"}],"wp:term":[{"taxonomy":"category","embeddable":true,"href":"https:\/\/lospoliticosveracruz.com.mx\/index.php?rest_route=%2Fwp%2Fv2%2Fcategories&post=58557"},{"taxonomy":"post_tag","embeddable":true,"href":"https:\/\/lospoliticosveracruz.com.mx\/index.php?rest_route=%2Fwp%2Fv2%2Ftags&post=58557"}],"curies":[{"name":"wp","href":"https:\/\/api.w.org\/{rel}","templated":true}]}}