{"id":58565,"date":"2020-08-09T14:26:57","date_gmt":"2020-08-09T19:26:57","guid":{"rendered":"http:\/\/www.lospoliticosveracruz.com.mx\/?p=58565"},"modified":"2020-08-09T14:26:57","modified_gmt":"2020-08-09T19:26:57","slug":"4t-derrumbada-se-lleva-entre-las-patas-al-turismo","status":"publish","type":"post","link":"https:\/\/lospoliticosveracruz.com.mx\/?p=58565","title":{"rendered":"4T derrumbada; se lleva entre las patas al turismo"},"content":{"rendered":"<p>&nbsp;<\/p>\n<p>La Diputada Federal por el Distrito XII de Veracruz se\u00f1al\u00f3 en el Puerto jarocho que la situaci\u00f3n del Turismo en M\u00e9xico ha sido mal manejada por el Presidente L\u00f3pez Obrador y su Gabinete, lo que se ha acrecentado frente al COVID.<\/p>\n<p>\u201cMientras la OCDE estima que el turismo internacional ser\u00e1 del 12%, y M\u00e9xico tuvo en Abril (al inicio de la pandemia) una ca\u00edda del 78.5% de ingresos en este rubro, vemos como el Gobierno de L\u00f3pez Obrador no s\u00f3lo continua con una pol\u00edtica de brazos cruzados para la reactivaci\u00f3n econ\u00f3mica, sino que constantemente surgen casos de ineptitud en cuanto al impulso de una industria que aporta tanto a la econom\u00eda mexicana\u201d se\u00f1al\u00f3 la legisladora federal.<\/p>\n<p>\u201cEn Octubre de 2019 exigi a SECTUR ante la C\u00e1mara de Diputados,\u00a0 que se\u00f1alara una pol\u00edtica tur\u00edstica integral, con objetivos claros, pero la falta de inter\u00e9s de la 4T en el tema dej\u00f3 un terreno endeble, donde la redirecci\u00f3n de recursos de turismo hacia el Tren Maya y la eliminaci\u00f3n de ProM\u00e9xico, junto con la pandemia del COVID, han dejado devastado al Sector Tur\u00edstico en el pa\u00eds, que normalmente representa el 15% de nuestro PIB, pero que este a\u00f1o se va a desplomar a la mitad, lo que implica una p\u00e9rdida de 10,000 millones de d\u00f3lares\u201d<\/p>\n<p>Sobre los problemas que se presentaron esta semana en la P\u00e1gina Oficial de Pro M\u00e9xico, la diputada se\u00f1al\u00f3: \u201cDe inicio todos brome\u00e1bamos al ver lo rid\u00edculo de las traducciones de la p\u00e1gina de \u201cVisit M\u00e9xico, denominando a Guerrero como \u201cwarrior\u201d entre otros\u201d, pero no visualizamos que esta falta de profesionalismo de la 4T refleja a los turistas internacionales: la imagen de un gobierno con tan poco inter\u00e9s en promover sus destinos tur\u00edsticos, que no paga ni si quiera para que traduzcan su p\u00e1gina principal de promoci\u00f3n en el mercado de habla inglesa\u201d<\/p>\n<p>\u201cLos datos generales son devastadores: ya se perdi\u00f3 el turismo de la temporada de verano (que es la segunda m\u00e1s importante de cada a\u00f1o), la ca\u00edda de la aportaci\u00f3n del Turismo al PIB del pa\u00eds bajar\u00e1 a 4.9%, el consumo tur\u00edstico podr\u00eda caer en un 48%, hubo una ca\u00edda del 53.4% de turistas internacionales en el pa\u00eds, Estados Unidos emiti\u00f3 una advertencia de viaje a Mexico recalcando en especial no visitar 5 Estados de la Rep\u00fablica (Colima, Guerrero, Michoac\u00e1n, Sinaloa y Tamaulipas), destinos como Canc\u00fan y Los Cabos sufren por el desplome en visitas. Todo esto, mientras el pa\u00eds ya es el tercero con m\u00e1s muertes por COVID en el mundo y el presidente contin\u00faa alejando inversiones\u201d<\/p>\n<p>\u201cA nivel nacional se espera una p\u00e9rdida de m\u00e1s de 5 millones de empleos en Turismo, lo que afectar\u00eda a hoteleros, taxistas, restauranteros, artesanos, comerciantes, entre otras ocupaciones dedicadas de esta \u00e1rea. En Veracruz, por ejemplo, ya cerraron 12,400 empresas de diferentes rubros y se han perdido 53 mil empleos, mientras que en 2019 ya lider\u00e1bamos en desocupaci\u00f3n hotelera a nivel nacional con una ca\u00edda del 3.7%, denostando desde ese momento una fragilidad en el desarrollo del turismo en nuestro estado\u201d<\/p>\n<p>La diputada federal concluye: \u201cEl turismo es esencial para nuestro pa\u00eds, pasamos de ser uno de los principales destinos en el mundo, a uno que no puede ni pagar para el mantenimiento de su sitio web. Si en alg\u00fan momento regresamos a la normalidad, el sector tur\u00edstico del pa\u00eds tendr\u00e1 que reconstruir una industria que fue da\u00f1ada no s\u00f3lo por la pandemia, sino por la falta de direcci\u00f3n de una administraci\u00f3n p\u00fablica que nunca la consider\u00f3 importante impulsarla.\u201d<\/p>\n","protected":false},"excerpt":{"rendered":"<p>&nbsp; La Diputada Federal por el Distrito XII de Veracruz se\u00f1al\u00f3 en el Puerto jarocho que la situaci\u00f3n del Turismo en M\u00e9xico ha sido mal manejada por el Presidente L\u00f3pez Obrador y su Gabinete, lo que se ha acrecentado frente al COVID. \u201cMientras la OCDE estima que el turismo internacional ser\u00e1 del 12%, y M\u00e9xico [&hellip;]<\/p>\n","protected":false},"author":2,"featured_media":0,"comment_status":"open","ping_status":"open","sticky":false,"template":"","format":"standard","meta":{"_jetpack_newsletter_access":"","_jetpack_dont_email_post_to_subs":false,"_jetpack_newsletter_tier_id":0,"_jetpack_memberships_contains_paywalled_content":false,"_jetpack_memberships_contains_paid_content":false,"footnotes":""},"categories":[73],"tags":[17426,19475,5541,16929,19767,19766,2156,13466,198,195],"class_list":["post-58565","post","type-post","status-publish","format-standard","hentry","category-de-boleto","tag-4t","tag-distrito-xii-de-veracruz","tag-mariana-dunyaska-garcia-rojas","tag-pandemia","tag-presidente-lopez-obrador","tag-sector-turistico","tag-sectur","tag-tren-maya","tag-turismo","tag-veracruz"],"jetpack_featured_media_url":"","jetpack_sharing_enabled":true,"jetpack_shortlink":"https:\/\/wp.me\/p4Qcd3-feB","_links":{"self":[{"href":"https:\/\/lospoliticosveracruz.com.mx\/index.php?rest_route=\/wp\/v2\/posts\/58565","targetHints":{"allow":["GET"]}}],"collection":[{"href":"https:\/\/lospoliticosveracruz.com.mx\/index.php?rest_route=\/wp\/v2\/posts"}],"about":[{"href":"https:\/\/lospoliticosveracruz.com.mx\/index.php?rest_route=\/wp\/v2\/types\/post"}],"author":[{"embeddable":true,"href":"https:\/\/lospoliticosveracruz.com.mx\/index.php?rest_route=\/wp\/v2\/users\/2"}],"replies":[{"embeddable":true,"href":"https:\/\/lospoliticosveracruz.com.mx\/index.php?rest_route=%2Fwp%2Fv2%2Fcomments&post=58565"}],"version-history":[{"count":1,"href":"https:\/\/lospoliticosveracruz.com.mx\/index.php?rest_route=\/wp\/v2\/posts\/58565\/revisions"}],"predecessor-version":[{"id":58569,"href":"https:\/\/lospoliticosveracruz.com.mx\/index.php?rest_route=\/wp\/v2\/posts\/58565\/revisions\/58569"}],"wp:attachment":[{"href":"https:\/\/lospoliticosveracruz.com.mx\/index.php?rest_route=%2Fwp%2Fv2%2Fmedia&parent=58565"}],"wp:term":[{"taxonomy":"category","embeddable":true,"href":"https:\/\/lospoliticosveracruz.com.mx\/index.php?rest_route=%2Fwp%2Fv2%2Fcategories&post=58565"},{"taxonomy":"post_tag","embeddable":true,"href":"https:\/\/lospoliticosveracruz.com.mx\/index.php?rest_route=%2Fwp%2Fv2%2Ftags&post=58565"}],"curies":[{"name":"wp","href":"https:\/\/api.w.org\/{rel}","templated":true}]}}