{"id":58573,"date":"2020-08-09T15:20:31","date_gmt":"2020-08-09T20:20:31","guid":{"rendered":"http:\/\/www.lospoliticosveracruz.com.mx\/?p=58573"},"modified":"2020-08-09T15:20:31","modified_gmt":"2020-08-09T20:20:31","slug":"ya-tienen-chamba","status":"publish","type":"post","link":"https:\/\/lospoliticosveracruz.com.mx\/?p=58573","title":{"rendered":"Ya tienen chamba!"},"content":{"rendered":"<p>&nbsp;<\/p>\n<p>Cerca de 200 cordobeses se inscribieron en la primera etapa del Programa de Empleo Temporal\u00a0 impulsado por el Ayuntamiento de C\u00f3rdoba para apoyar a la poblaci\u00f3n vulnerable durante la emergencia sanitaria.<\/p>\n<p>Gerardo Garc\u00eda Montero, director de desarrollo econ\u00f3mico municipal, inform\u00f3 que en esta primera etapa del programa se ofertar\u00e1n 200 plazas con un sueldo mensual de cuatro mil pesos dispersados en dos quincenas m\u00e1s seguridad social.<\/p>\n<p>Explic\u00f3 que dentro de los trabajos a realizar destacan la limpieza de \u00e1reas verdes, pintado de guarniciones y banquetas, poda de \u00e1rboles, retiro de basura entre otras m\u00e1s.<\/p>\n<p>Garc\u00eda Montero explic\u00f3 que en esta semana la Direcci\u00f3n de Recursos Humanos del Ayuntamiento realizar\u00e1 el proceso de contrataci\u00f3n de las y los beneficiarios con este programa a fin de que puedan iniciar actividades el pr\u00f3ximo 15 de agosto.<\/p>\n<p>Apunt\u00f3 que la segunda etapa de este programa, donde tambi\u00e9n se ofertar\u00e1n 200 plazas eventuales, esta programaba para la primer semana de septiembre, por lo que exhort\u00f3 a la poblaci\u00f3n a estar pendiente de la convocatoria para poder inscribirse en tiempo y forma.<\/p>\n","protected":false},"excerpt":{"rendered":"<p>&nbsp; Cerca de 200 cordobeses se inscribieron en la primera etapa del Programa de Empleo Temporal\u00a0 impulsado por el Ayuntamiento de C\u00f3rdoba para apoyar a la poblaci\u00f3n vulnerable durante la emergencia sanitaria. Gerardo Garc\u00eda Montero, director de desarrollo econ\u00f3mico municipal, inform\u00f3 que en esta primera etapa del programa se ofertar\u00e1n 200 plazas con un sueldo [&hellip;]<\/p>\n","protected":false},"author":2,"featured_media":0,"comment_status":"open","ping_status":"open","sticky":false,"template":"","format":"video","meta":{"_jetpack_newsletter_access":"","_jetpack_dont_email_post_to_subs":false,"_jetpack_newsletter_tier_id":0,"_jetpack_memberships_contains_paywalled_content":false,"_jetpack_memberships_contains_paid_content":false,"footnotes":""},"categories":[73],"tags":[17829,17036,19771,7641,19684],"class_list":["post-58573","post","type-post","status-publish","format-video","hentry","category-de-boleto","tag-covid","tag-emergencia-sanitaria","tag-garcia-montero","tag-leticia-lopez-landero","tag-programa-de-empleo-temporal","post_format-post-format-video"],"jetpack_featured_media_url":"","jetpack_sharing_enabled":true,"jetpack_shortlink":"https:\/\/wp.me\/p4Qcd3-feJ","_links":{"self":[{"href":"https:\/\/lospoliticosveracruz.com.mx\/index.php?rest_route=\/wp\/v2\/posts\/58573","targetHints":{"allow":["GET"]}}],"collection":[{"href":"https:\/\/lospoliticosveracruz.com.mx\/index.php?rest_route=\/wp\/v2\/posts"}],"about":[{"href":"https:\/\/lospoliticosveracruz.com.mx\/index.php?rest_route=\/wp\/v2\/types\/post"}],"author":[{"embeddable":true,"href":"https:\/\/lospoliticosveracruz.com.mx\/index.php?rest_route=\/wp\/v2\/users\/2"}],"replies":[{"embeddable":true,"href":"https:\/\/lospoliticosveracruz.com.mx\/index.php?rest_route=%2Fwp%2Fv2%2Fcomments&post=58573"}],"version-history":[{"count":1,"href":"https:\/\/lospoliticosveracruz.com.mx\/index.php?rest_route=\/wp\/v2\/posts\/58573\/revisions"}],"predecessor-version":[{"id":58575,"href":"https:\/\/lospoliticosveracruz.com.mx\/index.php?rest_route=\/wp\/v2\/posts\/58573\/revisions\/58575"}],"wp:attachment":[{"href":"https:\/\/lospoliticosveracruz.com.mx\/index.php?rest_route=%2Fwp%2Fv2%2Fmedia&parent=58573"}],"wp:term":[{"taxonomy":"category","embeddable":true,"href":"https:\/\/lospoliticosveracruz.com.mx\/index.php?rest_route=%2Fwp%2Fv2%2Fcategories&post=58573"},{"taxonomy":"post_tag","embeddable":true,"href":"https:\/\/lospoliticosveracruz.com.mx\/index.php?rest_route=%2Fwp%2Fv2%2Ftags&post=58573"}],"curies":[{"name":"wp","href":"https:\/\/api.w.org\/{rel}","templated":true}]}}