{"id":58743,"date":"2020-08-12T19:08:16","date_gmt":"2020-08-13T00:08:16","guid":{"rendered":"http:\/\/www.lospoliticosveracruz.com.mx\/?p=58743"},"modified":"2020-08-12T19:08:16","modified_gmt":"2020-08-13T00:08:16","slug":"urge-homologar-el-feminicidio","status":"publish","type":"post","link":"https:\/\/lospoliticosveracruz.com.mx\/?p=58743","title":{"rendered":"Urge homologar el Feminicidio"},"content":{"rendered":"<p>&nbsp;<\/p>\n<p>La Legisladora Federal por el Distrito XII de Veracruz, integrante de la comisi\u00f3n de Justicia y de la Mesa de Trabajo Conjunto entre la C\u00e1mara de Diputados y la Fiscal\u00eda General de la Rep\u00fablica, hizo \u00e9nfasis en la urgencia de homologar el tipo Penal de Feminicidio, para que exista una figura \u00fanica legal que aplique en los 32 Estados de la Rep\u00fablica.<\/p>\n<p>\u201cEste fue un trabajo conjunto con las Fiscal\u00edas de los Estados, la C\u00e1mara de Diputados, la Fiscal\u00eda General de la Rep\u00fablica y m\u00e1s de 60 ponentes que nos han ayudado a construir un tipo penal que atienda la forma m\u00e1s vil de asesinato que el d\u00eda de hoy nos duele: el feminicidio\u201d<\/p>\n<p>Sobre la modificaci\u00f3n que proponen al tipo Penal de Feminicidio \u201cLo que buscamos con la Homologaci\u00f3n es evitar que contin\u00faen dos elementos que rodean al fen\u00f3meno de feminicidio: el subregistro de casos y que no se persiguen los casos. El primero nos da una falsa imagen de lo que est\u00e1 pasando en determinados estados, ya que hay 28 tipos penales diferentes en el pa\u00eds, donde la falta de claridad y contundencia para se\u00f1alar la violencia de g\u00e9nero, permite que casos como la violencia pol\u00edtica o la que sucede dentro de los sistemas de usos y costumbres no sean correctamente registrados.\u201d<\/p>\n<p>\u201cEl segundo elemento, la falta de procuraci\u00f3n de justicia, sucede por muchas razones, desde una falta de recursos y profesionalizaci\u00f3n en las instituciones de procuraci\u00f3n de justicia, hasta la ambig\u00fcedad de la ley, lo que permite que no se apliquen sentencias o siquiera se persigan los casos de feminicidio, escud\u00e1ndose en que \u201cno cumpl\u00edan con todas las razones de g\u00e9neros\u201d. El tipo penal que hemos propuesto ahora, se\u00f1ala claramente que con que exista alguna raz\u00f3n de g\u00e9nero se le puede considerar como feminicidio, agregando agravantes por uso de sustancias, definiendo el feminicidio infantil, abuso de poder y aumentando las penas a las autoridades que sean participes en tan horrible acto que deber\u00edan haber evitado.\u201d<\/p>\n<p>La legisladora por Veracruz concluye: \u201cLa sociedad nos exige que actuemos con responsabilidad y firmeza frente a la tragedia que ya ha cobrado 473 vidas en o que va del a\u00f1o, donde en un pa\u00eds en confinamiento hemos tenido m\u00e1s de 3 mil llamados de auxilio por violencia dom\u00e9stica, donde una de cada tres mujeres es violentada, un pa\u00eds que est\u00e1 matando a sus mujeres\u201d.<\/p>\n","protected":false},"excerpt":{"rendered":"<p>&nbsp; La Legisladora Federal por el Distrito XII de Veracruz, integrante de la comisi\u00f3n de Justicia y de la Mesa de Trabajo Conjunto entre la C\u00e1mara de Diputados y la Fiscal\u00eda General de la Rep\u00fablica, hizo \u00e9nfasis en la urgencia de homologar el tipo Penal de Feminicidio, para que exista una figura \u00fanica legal que [&hellip;]<\/p>\n","protected":false},"author":2,"featured_media":0,"comment_status":"open","ping_status":"open","sticky":false,"template":"","format":"standard","meta":{"_jetpack_newsletter_access":"","_jetpack_dont_email_post_to_subs":false,"_jetpack_newsletter_tier_id":0,"_jetpack_memberships_contains_paywalled_content":false,"_jetpack_memberships_contains_paid_content":false,"footnotes":""},"categories":[73],"tags":[2661,1257,13146,19862,395,16249,195],"class_list":["post-58743","post","type-post","status-publish","format-standard","hentry","category-de-boleto","tag-camara-de-diputados","tag-feminicidio","tag-fiscalia-general-de-la-republica","tag-homologacion","tag-mexico","tag-procuracion-de-justicia","tag-veracruz"],"jetpack_featured_media_url":"","jetpack_sharing_enabled":true,"jetpack_shortlink":"https:\/\/wp.me\/p4Qcd3-fht","_links":{"self":[{"href":"https:\/\/lospoliticosveracruz.com.mx\/index.php?rest_route=\/wp\/v2\/posts\/58743","targetHints":{"allow":["GET"]}}],"collection":[{"href":"https:\/\/lospoliticosveracruz.com.mx\/index.php?rest_route=\/wp\/v2\/posts"}],"about":[{"href":"https:\/\/lospoliticosveracruz.com.mx\/index.php?rest_route=\/wp\/v2\/types\/post"}],"author":[{"embeddable":true,"href":"https:\/\/lospoliticosveracruz.com.mx\/index.php?rest_route=\/wp\/v2\/users\/2"}],"replies":[{"embeddable":true,"href":"https:\/\/lospoliticosveracruz.com.mx\/index.php?rest_route=%2Fwp%2Fv2%2Fcomments&post=58743"}],"version-history":[{"count":1,"href":"https:\/\/lospoliticosveracruz.com.mx\/index.php?rest_route=\/wp\/v2\/posts\/58743\/revisions"}],"predecessor-version":[{"id":58744,"href":"https:\/\/lospoliticosveracruz.com.mx\/index.php?rest_route=\/wp\/v2\/posts\/58743\/revisions\/58744"}],"wp:attachment":[{"href":"https:\/\/lospoliticosveracruz.com.mx\/index.php?rest_route=%2Fwp%2Fv2%2Fmedia&parent=58743"}],"wp:term":[{"taxonomy":"category","embeddable":true,"href":"https:\/\/lospoliticosveracruz.com.mx\/index.php?rest_route=%2Fwp%2Fv2%2Fcategories&post=58743"},{"taxonomy":"post_tag","embeddable":true,"href":"https:\/\/lospoliticosveracruz.com.mx\/index.php?rest_route=%2Fwp%2Fv2%2Ftags&post=58743"}],"curies":[{"name":"wp","href":"https:\/\/api.w.org\/{rel}","templated":true}]}}