{"id":58748,"date":"2020-08-12T20:04:02","date_gmt":"2020-08-13T01:04:02","guid":{"rendered":"http:\/\/www.lospoliticosveracruz.com.mx\/?p=58748"},"modified":"2020-08-12T20:04:58","modified_gmt":"2020-08-13T01:04:58","slug":"aprieten-el-boton","status":"publish","type":"post","link":"https:\/\/lospoliticosveracruz.com.mx\/?p=58748","title":{"rendered":"\u00a1Aprieten el bot\u00f3n!"},"content":{"rendered":"<p>Este mi\u00e9rcoles, la Secretar\u00eda de Seguridad P\u00fablica (SSP) dio a conocer la aplicaci\u00f3n Alerta Empresarial, dise\u00f1ada para atender eficazmente la incidencia de robo a comercios mediante conexi\u00f3n directa con el Centro Estatal de Control, Comando, Comunicaciones y C\u00f3mputo (C4).<\/p>\n<p>Se trata de una herramienta para computadoras que emitir\u00e1 un aviso al C4 m\u00e1s cercano, el cual canalizar\u00e1 el apoyo correspondiente; adem\u00e1s de que podr\u00e1 ser instalada en m\u00faltiples equipos en el mismo local, sin costo para la empresa y con cobertura en todo el estado.<\/p>\n<p>Durante la presentaci\u00f3n ante miembros de c\u00e1maras y asociaciones empresariales en Xalapa, el titular de la SSP, Hugo Guti\u00e9rrez Maldonado, destac\u00f3 que este recurso brindar\u00e1 mayor protecci\u00f3n tanto a colaboradores como a clientes de los establecimientos.<\/p>\n<p>Cabe mencionar que, desde el a\u00f1o pasado, la dependencia ha integrado a su agenda de trabajo las acciones de coordinaci\u00f3n con el sector para el fortalecimiento de la prevenci\u00f3n del delito.<\/p>\n<p>Al respecto, los empresarios calificaron la aplicaci\u00f3n como un sistema de seguridad eficaz, novedoso y moderno que ayudar\u00e1 a combatir la delincuencia; asimismo, reconocieron la iniciativa del Gobierno Estatal en beneficio de los peque\u00f1os y grandes comercios.<\/p>\n<p>Asistieron los presidentes regionales del Consejo Coordinador Empresarial (CCE) y las c\u00e1maras Nacional de Comercio, Servicios y Turismo (CANACO-SERVYTUR), Mexicana de la Industria de la Construcci\u00f3n (CMIC) y Nacional de la Industria de Artes Gr\u00e1ficas (CANAGRAF).<\/p>\n<p>Tambi\u00e9n de la Confederaci\u00f3n Patronal de la Rep\u00fablica Mexicana (COPARMEX), la Uni\u00f3n de Empresarios Hoteleros de Xalapa y las asociaciones de Hoteles y Moteles, Mexicana de Agencias de Viajes en Veracruz y de Mujeres Empresarias Cap\u00edtulo Xalapa.<\/p>\n","protected":false},"excerpt":{"rendered":"<p>Este mi\u00e9rcoles, la Secretar\u00eda de Seguridad P\u00fablica (SSP) dio a conocer la aplicaci\u00f3n Alerta Empresarial, dise\u00f1ada para atender eficazmente la incidencia de robo a comercios mediante conexi\u00f3n directa con el Centro Estatal de Control, Comando, Comunicaciones y C\u00f3mputo (C4). Se trata de una herramienta para computadoras que emitir\u00e1 un aviso al C4 m\u00e1s cercano, el [&hellip;]<\/p>\n","protected":false},"author":2,"featured_media":0,"comment_status":"open","ping_status":"open","sticky":false,"template":"","format":"standard","meta":{"_jetpack_newsletter_access":"","_jetpack_dont_email_post_to_subs":false,"_jetpack_newsletter_tier_id":0,"_jetpack_memberships_contains_paywalled_content":false,"_jetpack_memberships_contains_paid_content":false,"footnotes":""},"categories":[73],"tags":[370,19864,11774,15194,1216,2524,6293,13303,19867,359,19865],"class_list":["post-58748","post","type-post","status-publish","format-standard","hentry","category-de-boleto","tag-c4","tag-camaras-y-asociaciones-empresariales","tag-canaco-servytur","tag-canagraf","tag-cmic","tag-consejo-coordinador-empresarial","tag-coparmex","tag-hugo-gutierrez-maldonado","tag-mujeres-empresarias","tag-ssp","tag-union-de-empresarios-hoteleros-de-xalapa"],"jetpack_featured_media_url":"","jetpack_sharing_enabled":true,"jetpack_shortlink":"https:\/\/wp.me\/p4Qcd3-fhy","_links":{"self":[{"href":"https:\/\/lospoliticosveracruz.com.mx\/index.php?rest_route=\/wp\/v2\/posts\/58748","targetHints":{"allow":["GET"]}}],"collection":[{"href":"https:\/\/lospoliticosveracruz.com.mx\/index.php?rest_route=\/wp\/v2\/posts"}],"about":[{"href":"https:\/\/lospoliticosveracruz.com.mx\/index.php?rest_route=\/wp\/v2\/types\/post"}],"author":[{"embeddable":true,"href":"https:\/\/lospoliticosveracruz.com.mx\/index.php?rest_route=\/wp\/v2\/users\/2"}],"replies":[{"embeddable":true,"href":"https:\/\/lospoliticosveracruz.com.mx\/index.php?rest_route=%2Fwp%2Fv2%2Fcomments&post=58748"}],"version-history":[{"count":2,"href":"https:\/\/lospoliticosveracruz.com.mx\/index.php?rest_route=\/wp\/v2\/posts\/58748\/revisions"}],"predecessor-version":[{"id":58751,"href":"https:\/\/lospoliticosveracruz.com.mx\/index.php?rest_route=\/wp\/v2\/posts\/58748\/revisions\/58751"}],"wp:attachment":[{"href":"https:\/\/lospoliticosveracruz.com.mx\/index.php?rest_route=%2Fwp%2Fv2%2Fmedia&parent=58748"}],"wp:term":[{"taxonomy":"category","embeddable":true,"href":"https:\/\/lospoliticosveracruz.com.mx\/index.php?rest_route=%2Fwp%2Fv2%2Fcategories&post=58748"},{"taxonomy":"post_tag","embeddable":true,"href":"https:\/\/lospoliticosveracruz.com.mx\/index.php?rest_route=%2Fwp%2Fv2%2Ftags&post=58748"}],"curies":[{"name":"wp","href":"https:\/\/api.w.org\/{rel}","templated":true}]}}