{"id":58763,"date":"2020-08-13T09:44:00","date_gmt":"2020-08-13T14:44:00","guid":{"rendered":"http:\/\/www.lospoliticosveracruz.com.mx\/?p=58763"},"modified":"2020-08-13T09:44:00","modified_gmt":"2020-08-13T14:44:00","slug":"le-toco-bano-al-revolucion","status":"publish","type":"post","link":"https:\/\/lospoliticosveracruz.com.mx\/?p=58763","title":{"rendered":"\u00a1Le toc\u00f3 ba\u00f1o al Revoluci\u00f3n!"},"content":{"rendered":"<p>Realizan lavado al mercado con el objetivo de continuar y reforzar las acciones que el Ayuntamiento de C\u00f3rdoba realiza para romper la cadena de contagios por COVID-19, las y los locatarios del Mercado Revoluci\u00f3n, en coordinaci\u00f3n con autoridades municipales, realizaron el lavado del zoco.<\/p>\n<p>&nbsp;<a href=\"https:\/\/cordoba.gob.mx\/site\/\"><img decoding=\"async\" src=\"http:\/\/www.lospoliticosveracruz.com.mx\/wp-content\/uploads\/2020\/08\/Cintillo-C\u00f3rdoba-Cubrebocas.jpg\" alt=\"\"><\/a><\/p>\n<p>Las y los locatarios cerraron las cortinas de sus establecimientos desde temprana hora para poder realizar el lavado semanal que se lleva a cabo con el apoyo de las pipas de Hidrosistema y la Unidad Municipal de Protecci\u00f3n Civil (UMPC).<\/p>\n<p><a href=\"http:\/\/www.lospoliticosveracruz.com.mx\/wp-content\/uploads\/2020\/08\/C\u00f3rdoba-21.jpg\"><img loading=\"lazy\" decoding=\"async\" src=\"http:\/\/www.lospoliticosveracruz.com.mx\/wp-content\/uploads\/2020\/08\/C\u00f3rdoba-21.jpg\" alt=\"C\u00f3rdoba 2\" width=\"600\" height=\"320\" class=\"aligncenter size-full wp-image-58764\" \/><\/a><\/p>\n<p>Iv\u00e1n Espinoza, coordinador de la mesa COVID, destac\u00f3 que ante el incremento de casos de COVID19 locatarios se han sumado a acciones de desinfecci\u00f3n de locales comerciales a fin de cuidar a las y los consumidores que d\u00eda a d\u00eda acuden a este punto de abastecimiento para la compra de productos esenciales para la alimentaci\u00f3n.<\/p>\n","protected":false},"excerpt":{"rendered":"<p>Realizan lavado al mercado con el objetivo de continuar y reforzar las acciones que el Ayuntamiento de C\u00f3rdoba realiza para romper la cadena de contagios por COVID-19, las y los locatarios del Mercado Revoluci\u00f3n, en coordinaci\u00f3n con autoridades municipales, realizaron el lavado del zoco. &nbsp; Las y los locatarios cerraron las cortinas de sus establecimientos [&hellip;]<\/p>\n","protected":false},"author":2,"featured_media":0,"comment_status":"open","ping_status":"open","sticky":false,"template":"","format":"standard","meta":{"_jetpack_newsletter_access":"","_jetpack_dont_email_post_to_subs":false,"_jetpack_newsletter_tier_id":0,"_jetpack_memberships_contains_paywalled_content":false,"_jetpack_memberships_contains_paid_content":false,"footnotes":""},"categories":[73],"tags":[19876,7641,7822,19433],"class_list":["post-58763","post","type-post","status-publish","format-standard","hentry","category-de-boleto","tag-ivan-espinoza","tag-leticia-lopez-landero","tag-mercado-revolucion","tag-umpc"],"jetpack_featured_media_url":"","jetpack_sharing_enabled":true,"jetpack_shortlink":"https:\/\/wp.me\/p4Qcd3-fhN","_links":{"self":[{"href":"https:\/\/lospoliticosveracruz.com.mx\/index.php?rest_route=\/wp\/v2\/posts\/58763","targetHints":{"allow":["GET"]}}],"collection":[{"href":"https:\/\/lospoliticosveracruz.com.mx\/index.php?rest_route=\/wp\/v2\/posts"}],"about":[{"href":"https:\/\/lospoliticosveracruz.com.mx\/index.php?rest_route=\/wp\/v2\/types\/post"}],"author":[{"embeddable":true,"href":"https:\/\/lospoliticosveracruz.com.mx\/index.php?rest_route=\/wp\/v2\/users\/2"}],"replies":[{"embeddable":true,"href":"https:\/\/lospoliticosveracruz.com.mx\/index.php?rest_route=%2Fwp%2Fv2%2Fcomments&post=58763"}],"version-history":[{"count":1,"href":"https:\/\/lospoliticosveracruz.com.mx\/index.php?rest_route=\/wp\/v2\/posts\/58763\/revisions"}],"predecessor-version":[{"id":58766,"href":"https:\/\/lospoliticosveracruz.com.mx\/index.php?rest_route=\/wp\/v2\/posts\/58763\/revisions\/58766"}],"wp:attachment":[{"href":"https:\/\/lospoliticosveracruz.com.mx\/index.php?rest_route=%2Fwp%2Fv2%2Fmedia&parent=58763"}],"wp:term":[{"taxonomy":"category","embeddable":true,"href":"https:\/\/lospoliticosveracruz.com.mx\/index.php?rest_route=%2Fwp%2Fv2%2Fcategories&post=58763"},{"taxonomy":"post_tag","embeddable":true,"href":"https:\/\/lospoliticosveracruz.com.mx\/index.php?rest_route=%2Fwp%2Fv2%2Ftags&post=58763"}],"curies":[{"name":"wp","href":"https:\/\/api.w.org\/{rel}","templated":true}]}}