{"id":58888,"date":"2020-08-16T09:44:11","date_gmt":"2020-08-16T14:44:11","guid":{"rendered":"http:\/\/www.lospoliticosveracruz.com.mx\/?p=58888"},"modified":"2020-08-16T09:51:34","modified_gmt":"2020-08-16T14:51:34","slug":"les-prende-el-foco","status":"publish","type":"post","link":"https:\/\/lospoliticosveracruz.com.mx\/?p=58888","title":{"rendered":"Les prende el foco!"},"content":{"rendered":"<p>&nbsp;<\/p>\n<p>El Ayuntamiento de C\u00f3rdoba, que preside Leticia L\u00f3pez Landero, a trav\u00e9s de la Direcci\u00f3n de Mantenimiento Urbano continua los trabajos de mejoramiento del alumbrado p\u00fablico en distintas colonias de la ciudad, como parte de las acciones implementadas para reforzar la seguridad dentro del municipio.<\/p>\n<p>&nbsp;<a href=\"https:\/\/cordoba.gob.mx\/site\/\"><img decoding=\"async\" src=\"http:\/\/www.lospoliticosveracruz.com.mx\/wp-content\/uploads\/2020\/08\/Cintillo-C\u00f3rdoba-Cubrebocas.jpg\" alt=\"\"><\/a><\/p>\n<p>Juan Jos\u00e9 Vallejo Garay, titular de Mantenimiento Urbano, inform\u00f3 que en los \u00faltimos 15 d\u00edas personal de alumbrado p\u00fablico ha renovado cerca de 200 luminarias de luces leds en al menos 10 colonias y comunidades del municipio, como Arboledas, La Sidra, 20 de Noviembre y San Jos\u00e9 de Tapia.<\/p>\n<p>Explic\u00f3 que con estas acciones se ayuda a reforzar la seguridad de la poblaci\u00f3n, pues al contar con calles m\u00e1s y mejor iluminadas se logra inhibir la incidencia delictiva, por lo que apunt\u00f3 que continuar\u00e1n con el cambio de luminarias en el municipio tal y como lo instruy\u00f3 la presidenta Leticia L\u00f3pez Landero.<\/p>\n<p>Vallejo Garay precis\u00f3 que esta acci\u00f3n es independiente a la renovaci\u00f3n de luminarias y ampliaci\u00f3n de la red de alumbrado p\u00fablico autorizada por el Cabildo cordob\u00e9s durante la semana pasada como parte del segundo paquete de obras del 2020.<\/p>\n","protected":false},"excerpt":{"rendered":"<p>&nbsp; El Ayuntamiento de C\u00f3rdoba, que preside Leticia L\u00f3pez Landero, a trav\u00e9s de la Direcci\u00f3n de Mantenimiento Urbano continua los trabajos de mejoramiento del alumbrado p\u00fablico en distintas colonias de la ciudad, como parte de las acciones implementadas para reforzar la seguridad dentro del municipio. &nbsp; Juan Jos\u00e9 Vallejo Garay, titular de Mantenimiento Urbano, inform\u00f3 [&hellip;]<\/p>\n","protected":false},"author":2,"featured_media":0,"comment_status":"open","ping_status":"open","sticky":false,"template":"","format":"standard","meta":{"_jetpack_newsletter_access":"","_jetpack_dont_email_post_to_subs":false,"_jetpack_newsletter_tier_id":0,"_jetpack_memberships_contains_paywalled_content":false,"_jetpack_memberships_contains_paid_content":false,"footnotes":""},"categories":[73],"tags":[751,19912,17194,7641],"class_list":["post-58888","post","type-post","status-publish","format-standard","hentry","category-de-boleto","tag-cordoba","tag-direccion-de-mantenimiento-urbano","tag-juan-jose-vallejo-garay","tag-leticia-lopez-landero"],"jetpack_featured_media_url":"","jetpack_sharing_enabled":true,"jetpack_shortlink":"https:\/\/wp.me\/p4Qcd3-fjO","_links":{"self":[{"href":"https:\/\/lospoliticosveracruz.com.mx\/index.php?rest_route=\/wp\/v2\/posts\/58888","targetHints":{"allow":["GET"]}}],"collection":[{"href":"https:\/\/lospoliticosveracruz.com.mx\/index.php?rest_route=\/wp\/v2\/posts"}],"about":[{"href":"https:\/\/lospoliticosveracruz.com.mx\/index.php?rest_route=\/wp\/v2\/types\/post"}],"author":[{"embeddable":true,"href":"https:\/\/lospoliticosveracruz.com.mx\/index.php?rest_route=\/wp\/v2\/users\/2"}],"replies":[{"embeddable":true,"href":"https:\/\/lospoliticosveracruz.com.mx\/index.php?rest_route=%2Fwp%2Fv2%2Fcomments&post=58888"}],"version-history":[{"count":1,"href":"https:\/\/lospoliticosveracruz.com.mx\/index.php?rest_route=\/wp\/v2\/posts\/58888\/revisions"}],"predecessor-version":[{"id":58891,"href":"https:\/\/lospoliticosveracruz.com.mx\/index.php?rest_route=\/wp\/v2\/posts\/58888\/revisions\/58891"}],"wp:attachment":[{"href":"https:\/\/lospoliticosveracruz.com.mx\/index.php?rest_route=%2Fwp%2Fv2%2Fmedia&parent=58888"}],"wp:term":[{"taxonomy":"category","embeddable":true,"href":"https:\/\/lospoliticosveracruz.com.mx\/index.php?rest_route=%2Fwp%2Fv2%2Fcategories&post=58888"},{"taxonomy":"post_tag","embeddable":true,"href":"https:\/\/lospoliticosveracruz.com.mx\/index.php?rest_route=%2Fwp%2Fv2%2Ftags&post=58888"}],"curies":[{"name":"wp","href":"https:\/\/api.w.org\/{rel}","templated":true}]}}