{"id":59068,"date":"2020-08-19T07:01:30","date_gmt":"2020-08-19T12:01:30","guid":{"rendered":"http:\/\/www.lospoliticosveracruz.com.mx\/?p=59068"},"modified":"2020-08-19T07:01:30","modified_gmt":"2020-08-19T12:01:30","slug":"amlo-marinero-de-agua-dulce","status":"publish","type":"post","link":"https:\/\/lospoliticosveracruz.com.mx\/?p=59068","title":{"rendered":"AMLO, marinero de agua dulce"},"content":{"rendered":"<p>La Diputada Federal por el Distrito XII de Veracruz, critic\u00f3 los dichos del Presidente Andr\u00e9s Manuel L\u00f3pez Obrador sobre la adjudicaci\u00f3n de la \u201cconcesi\u00f3n\u201d del Puerto de Veracruz.<br \/>\n\u201cEl Presidente desconoce o desinforma sobre el funcionamiento del Puerto de Veracruz, o de la Red de Puertos en el pa\u00eds para el caso, ya que acusa pr\u00e1cticamente de privatizaci\u00f3n del puerto, cuando la Administraci\u00f3n Portuaria Integral (APIVER en el caso de Veracruz), es una Sociedad Mercantil que funciona como \u00f3rgano descentralizado del Gobierno Federal\u201d.<br \/>\n\u201cLas API, incluyendo a la de Veracruz, est\u00e1n sujetas a altos est\u00e1ndares de calidad y son vigiladas por los \u00d3rganos Internos de Control bajo la tutela de la Secretar\u00eda de la Funci\u00f3n P\u00fablica, cosa que parece desconocer el Presidente, ya que el Art\u00edculo 23 de la Ley de Puertos permite otorgar las concesiones por un periodo de hasta 50 a\u00f1os, pudiendo ser esta prorrogada por un plazo igual, por lo que esto es por todos los \u00e1ngulos legal\u201d<br \/>\nSobre las razones para amenazar con quitar la concesi\u00f3n de APIVER, la diputada se\u00f1al\u00f3: \u201cEl objetivo del Ejecutivo Federal es el mismo que ha manejado en toda su administraci\u00f3n: alejar a la inversi\u00f3n extranjera y cerrar a M\u00e9xico del Mercado Internacional. Al hacer acusaciones de esta \u00edndole, el Presidente contin\u00faa generando incertidumbre financiera de los grandes proyectos del pa\u00eds, como lo es el Nuevo Puerto de Veracruz, mientras continua sus intenciones de regresar a M\u00e9xico a las pol\u00edticas de los a\u00f1os 80\u201d<br \/>\n\u201cEsto va de la mano con su tendencia militalizadora, ya que el presidente ha hecho p\u00fablica su intenci\u00f3n de dar el control de Aduanas y Puertos a los militares, atentando contra el Art\u00edculo 21 de la Constituci\u00f3n Pol\u00edtica de los Estados Unidos Mexicanos que establece que el delito de contrabando ser\u00e1 atendido por \u00f3rgano civil. AMLO est\u00e1 saturando a nuestras fuerzas militares, atacando a la iniciativa privada y a los \u00f3rganos de gobierno que no puede controlar, mientras que nos seguimos hundiendo en nuestros resultados econ\u00f3micos y atenta contra el dise\u00f1o institucional de nuestra naci\u00f3n. El Presidente es la principal persona que NO quiere que le vaya bien al pa\u00eds\u201d.<\/p>\n","protected":false},"excerpt":{"rendered":"<p>La Diputada Federal por el Distrito XII de Veracruz, critic\u00f3 los dichos del Presidente Andr\u00e9s Manuel L\u00f3pez Obrador sobre la adjudicaci\u00f3n de la \u201cconcesi\u00f3n\u201d del Puerto de Veracruz. \u201cEl Presidente desconoce o desinforma sobre el funcionamiento del Puerto de Veracruz, o de la Red de Puertos en el pa\u00eds para el caso, ya que acusa [&hellip;]<\/p>\n","protected":false},"author":2,"featured_media":0,"comment_status":"open","ping_status":"open","sticky":false,"template":"","format":"standard","meta":{"_jetpack_newsletter_access":"","_jetpack_dont_email_post_to_subs":false,"_jetpack_newsletter_tier_id":0,"_jetpack_memberships_contains_paywalled_content":false,"_jetpack_memberships_contains_paid_content":false,"footnotes":""},"categories":[73],"tags":[618,19475,2056,195],"class_list":["post-59068","post","type-post","status-publish","format-standard","hentry","category-de-boleto","tag-andres-manuel-lopez-obrador","tag-distrito-xii-de-veracruz","tag-gobierno-federal","tag-veracruz"],"jetpack_featured_media_url":"","jetpack_sharing_enabled":true,"jetpack_shortlink":"https:\/\/wp.me\/p4Qcd3-fmI","_links":{"self":[{"href":"https:\/\/lospoliticosveracruz.com.mx\/index.php?rest_route=\/wp\/v2\/posts\/59068","targetHints":{"allow":["GET"]}}],"collection":[{"href":"https:\/\/lospoliticosveracruz.com.mx\/index.php?rest_route=\/wp\/v2\/posts"}],"about":[{"href":"https:\/\/lospoliticosveracruz.com.mx\/index.php?rest_route=\/wp\/v2\/types\/post"}],"author":[{"embeddable":true,"href":"https:\/\/lospoliticosveracruz.com.mx\/index.php?rest_route=\/wp\/v2\/users\/2"}],"replies":[{"embeddable":true,"href":"https:\/\/lospoliticosveracruz.com.mx\/index.php?rest_route=%2Fwp%2Fv2%2Fcomments&post=59068"}],"version-history":[{"count":1,"href":"https:\/\/lospoliticosveracruz.com.mx\/index.php?rest_route=\/wp\/v2\/posts\/59068\/revisions"}],"predecessor-version":[{"id":59070,"href":"https:\/\/lospoliticosveracruz.com.mx\/index.php?rest_route=\/wp\/v2\/posts\/59068\/revisions\/59070"}],"wp:attachment":[{"href":"https:\/\/lospoliticosveracruz.com.mx\/index.php?rest_route=%2Fwp%2Fv2%2Fmedia&parent=59068"}],"wp:term":[{"taxonomy":"category","embeddable":true,"href":"https:\/\/lospoliticosveracruz.com.mx\/index.php?rest_route=%2Fwp%2Fv2%2Fcategories&post=59068"},{"taxonomy":"post_tag","embeddable":true,"href":"https:\/\/lospoliticosveracruz.com.mx\/index.php?rest_route=%2Fwp%2Fv2%2Ftags&post=59068"}],"curies":[{"name":"wp","href":"https:\/\/api.w.org\/{rel}","templated":true}]}}