{"id":59308,"date":"2020-08-22T09:53:19","date_gmt":"2020-08-22T14:53:19","guid":{"rendered":"http:\/\/www.lospoliticosveracruz.com.mx\/?p=59308"},"modified":"2020-08-22T09:53:19","modified_gmt":"2020-08-22T14:53:19","slug":"los-reacomodos-del-verde","status":"publish","type":"post","link":"https:\/\/lospoliticosveracruz.com.mx\/?p=59308","title":{"rendered":"Los reacomodos del Verde"},"content":{"rendered":"<p><strong>Ricardo Chua<\/strong><\/p>\n<p><em>Sale y vale<\/em><\/p>\n<p>&nbsp;<\/p>\n<p>OJO&#8230; \u00abHaiga como haiga sido\u00bb&#8230; Al \u00abINCORRUPTIBLE\u00bb partido MORENA&#8230; Le \u00abpegaron\u00bb con precisi\u00f3n de francotirador a su \u00abtesoro m\u00e1s preciado\u00bb: SU CREDIBILIDAD&#8230; De ah\u00ed sale, la frase del d\u00eda, que lo dice todo: \u00abAhora se entiende como hay gente que puede vivir sin tarjetas de cr\u00e9dito, ni cuentas bancarias. Con acceso de efectivo en altas cantidades y durante a\u00f1os, m\u00e1s de una d\u00e9cada\u00bb&#8230; Obvio, el autor: Felipe Calder\u00f3n&#8230; Qu\u00e9 esperaban del otro lado: \u00bfFlores?&#8230; Ja Ja Ja&#8230; Bien lo dec\u00eda mi abuelo: \u00abNunca se escupe pa arriba, mi&#8217;jo\u00bb&#8230; PIO&#8230; PIO&#8230;<\/p>\n<p>&nbsp;<a href=\"https:\/\/www.facebook.com\/notaria61veracruz\/\"><img decoding=\"async\" src=\"http:\/\/www.lospoliticosveracruz.com.mx\/wp-content\/uploads\/2020\/07\/CINTILLO-Armando.jpg\" alt=\"\" \/><\/a><\/p>\n<p>La oposici\u00f3n tiene su \u00abOPORTUNIDAD DE ORO\u00bb&#8230; Emilio Lozoya y sus acusaciones contra pol\u00edticos del PRIAN y PRD han quedado en segundo t\u00e9rmino&#8230; Hasta Javier Duarte, a trav\u00e9s de su twitter se deslind\u00f3 de \u00e9l&#8230; Eso fue la \u00abpuntilla\u00bb&#8230; Qui\u00e9n haya \u00abfiltrado\u00bb ese video, es lo de menos, por un mill\u00f3n de pesos&#8230; La familia presidencial fue da\u00f1ada con una \u00abbala al coraz\u00f3n\u00bb&#8230; Desde el jueves, Ra\u00fal Salinas de Gortari dej\u00f3 de ser el \u00abhermano inc\u00f3modo\u00bb, le pas\u00f3 la estafeta a Pio L\u00f3pez Obrador&#8230; LOS JUGADORES CAMBIAN, EL JUEGO NO&#8230; REQUIEM&#8230;<\/p>\n<p>PVEM, \u00abEL BESO DEL DIABLO\u00bb&#8230; Ser\u00e1 que en la semana cuando MORENA le hizo \u00abfuchi\u00bb al PVEM y que se ve\u00edan perdidos&#8230; Ahora la dirigencia nacional de los \u00abverdes\u00bb le tienen que agradecer a los Morenos, de haberlos mandado a \u00abfre\u00edr esp\u00e1rragos\u00bb&#8230; Despu\u00e9s de los v\u00eddeos de Pio L\u00f3pez Obrador&#8230; Todo cambi\u00f3 en la pol\u00edtica y el tema electoral del pa\u00eds&#8230; Hasta la conversaci\u00f3n y el discurso ya cambi\u00f3&#8230; Lozoya no es tema&#8230; Ya todo es Pio, Chiapas, David Le\u00f3n y Manuel Velasco&#8230; Hasta Veracruz&#8230;<\/p>\n<p>La ruptura de MORENA-PVEM para ir juntos en la elecci\u00f3n del 2021 por alcald\u00edas que se disputar\u00e1n el algunos estados del pa\u00eds ese a\u00f1o&#8230; Ahora les beneficio a los \u00abVerdes\u00bb.. MORENA estar\u00e1 se\u00f1alado por el INE y por los organismos estatales electorales como el OPLE en Veracruz&#8230; Donde a trav\u00e9s de Reformas Electorales, los Morenos, les ha querido \u00abromper el queso\u00bb a ese instituto&#8230; Con los antecedentes del \u00abhermano inc\u00f3modo\u00bb, Pio L\u00f3pez Obrador&#8230; Los van a tener bajo la lupa&#8230; Ahora viene la RECULONA&#8230;<\/p>\n<p>Sobre todo porque MORENA ahora estar\u00e1 \u00abatado\u00bb al INE, que lo tendr\u00e1 investigado por presuntos delitos electorales cometidos por P\u00edo y aliados Morenos en Chiapas&#8230; Y este \u00abEfecto Mariposa\u00bb ha llegado a Veracruz&#8230; Ya que nos cuenta, una alta fuente bien informada, que desde ayer por la noche&#8230; Varias voces del comit\u00e9 nacional del PVEM han pedido que la dirigencia estatal de los \u00abverdes\u00bb, busquen la manera de \u00abromper\u00bb con los Morenos, no s\u00f3lo en las alcald\u00edas, sino en la elecci\u00f3n a diputados locales&#8230;. ZUCUTUM&#8230;<\/p>\n<p>Los pol\u00edticos \u00abVerdes\u00bb, sobre todo los que siempre han vivido del partido y su vicio de \u00abacomodarse\u00bb al organismo que va arriba, ya vislumbraron que este golpe del \u00abhermano inc\u00f3modo\u00bb de MORENA, les va a pegar m\u00e1s all\u00e1 hasta la elecci\u00f3n del 2021&#8230; Pio L\u00f3pez ahora es el \u00abMarcelo Odebrecht\u00bb de los partidos de oposici\u00f3n&#8230; Y de seguro habr\u00e1 m\u00e1s v\u00eddeos, m\u00e1s \u00abembarradas\u00bb y m\u00e1s impunidad&#8230; Los \u00abVerdes\u00bb son los que entendieron que desde el jueves: \u00abEl pueblo tambi\u00e9n se cansa de tanta pinche transa\u00bb&#8230; Por eso, van a \u00abromper\u00bb en las locales&#8230;<\/p>\n<p>Estos personajes saben que los \u00abcoletazos\u00bb del PRIAN o de los mismos pol\u00edticos del PVEM&#8230; Le dieron en lo que m\u00e1s cuida MORENA: \u00abSu honestidad\u00bb&#8230; Ahora todos son iguales&#8230; Para Los Morenos, el pol\u00edtico potosino y cacique de la Huasteca: Gonzalo N Santos, es su nuevo referente, ese que dec\u00eda: \u00abLa moral pa mi&#8230; Es un \u00e1rbol que da moras nada m\u00e1s\u00bb&#8230; Y eso lo sabe: Manuel Velasco, Jorge Emilio Gonz\u00e1lez Torres y compa\u00f1ia&#8230; En Veracruz tambi\u00e9n lo tiene claro: Javier Herrera Borunda&#8230;<\/p>\n<p>Con este \u00abquiebre\u00bb de MORENA con el PVEM y por todo lo que traiga consigo el tema Pio&#8230; En Veracruz, habr\u00e1 reacomodos de los grupos \u00abVerdes\u00bb&#8230;. Ya que si \u00abrevientan\u00bb con los Morenos en la elecci\u00f3n local, no s\u00f3lo de alcaldes sino tambi\u00e9n de diputados locales, el GANADOR de ese \u00abembrollo\u00bb pol\u00edtico al interior del partido de \u00abEl Tuc\u00e1n\u00bb en la entidad, ser\u00e1 Marcelo Ruiz&#8230; Y Alberto Silva \u00abEl Cisne\u00bb, pierde aire&#8230; Sobre todo despu\u00e9s de la exhibida que se dio con el ex alcalde de Xalapa, David Velasco&#8230;<\/p>\n<p>Ya que si alguien conoce y opera la poca estructura de los \u00abVerdes\u00bb en Veracruz es Marcelo Ruiz (Leal hasta los \u00abtu\u00e9tanos\u00bb a Fidel Herrera Beltr\u00e1n y ahora a Javier Herrera Borunda).. As\u00ed que si hace d\u00edas, todo parec\u00eda perdido para el PVEM&#8230; Ahora ven la \u00abluz al final del camino\u00bb&#8230; Ya s\u00f3lo falta ver si hacen alianza con el PAN-PRI-PRD o con Movimiento Ciudadano&#8230; Hasta con \u00abM\u00e9xico Libre\u00bb de Felipe Calder\u00f3n&#8230; Cu\u00e1ntos Morenos, se ir\u00e1n a las filas de los \u00abVerdes\u00bb&#8230; Esa es la duda que queda para el 2021&#8230; FLOR P\u00c1LIDA&#8230; \u00abPara que nunca se vaya\u00bb&#8230;<\/p>\n<p>PVEM, LA OTRA VERSI\u00d3N&#8230; En CDMX se menciona que uno de los principales personajes, del que se sospecha que revent\u00f3 el v\u00eddeo Pio-David Le\u00f3n.. Es gente allegada al senador, Manuel Velasco y ex gobernador de Chiapas&#8230; Ex pe\u00f1ista y ahora AMLOVERS&#8230; Molesto porque los dejaron fuera de las elecciones estatales en MORENA&#8230; Qu\u00e9 otra cosa le quedaba hacer&#8230; Todo se gestion\u00f3 en Chiapas&#8230; Mirenlo ahora \u00abEl Guero\u00bb como si nada&#8230; Los Herrera tambi\u00e9n como si nada&#8230; Tiro de precisi\u00f3n&#8230;<\/p>\n<p>Hay que recordar que Velasco es aliado de Ricardo Monreal, ambos senadores, trabajan juntos para apoderarse de varios estados del pa\u00eds en 2021 (Entre ellos Veracruz v\u00eda Javier Herrera-Beto Silva) y fortalecerse para el 2024&#8230; Pero caerse esta alianza en las entidades&#8230; El \u00abgolpe\u00bb fue seco para Monreal&#8230; Ya que el zacatecano oper\u00f3 con ministros electorales de la Suprema Corte de Justicia de la Naci\u00f3n para \u00abquedarse\u00bb con MORENA y aliarse con el PVEM y PT&#8230; Y le \u00abreventaron\u00bb esa alianza&#8230; Y como \u00abno es indio el que no se venga\u00bb&#8230; PUM VIDEO&#8230;<\/p>\n<p>Ahora despu\u00e9s de todo ese \u00abVideo esc\u00e1ndalo\u00bb del \u00abhermano inc\u00f3modo\u00bb&#8230; Hay que ver si Velasco-Monreal no tienen un nuevo \u00abacuerdo\u00bb con MORENA&#8230; Quiz\u00e1s tambi\u00e9n esperar a ver, si no hay alg\u00fan tipo de \u00abrebote\u00bb del sistema presidencial contra ellos dos&#8230; Despu\u00e9s de esto, los \u00abaltos mandos\u00bb de los Morenos, no podr\u00e1n \u00abcomerse el pastel\u00bb solos&#8230; De hacerlo, entonces, MORENA corre riesgo de perder distritos federales y el Congreso Local en Veracruz&#8230; Pierde Rocio Nahle&#8230; Respira Javier Herrera&#8230; Panorama del 2021-2024&#8230; AMEN&#8230;<\/p>\n","protected":false},"excerpt":{"rendered":"<p>Ricardo Chua Sale y vale &nbsp; OJO&#8230; \u00abHaiga como haiga sido\u00bb&#8230; Al \u00abINCORRUPTIBLE\u00bb partido MORENA&#8230; Le \u00abpegaron\u00bb con precisi\u00f3n de francotirador a su \u00abtesoro m\u00e1s preciado\u00bb: SU CREDIBILIDAD&#8230; De ah\u00ed sale, la frase del d\u00eda, que lo dice todo: \u00abAhora se entiende como hay gente que puede vivir sin tarjetas de cr\u00e9dito, ni cuentas bancarias. [&hellip;]<\/p>\n","protected":false},"author":2,"featured_media":0,"comment_status":"open","ping_status":"open","sticky":false,"template":"","format":"standard","meta":{"_jetpack_newsletter_access":"","_jetpack_dont_email_post_to_subs":false,"_jetpack_newsletter_tier_id":0,"_jetpack_memberships_contains_paywalled_content":false,"_jetpack_memberships_contains_paid_content":false,"footnotes":""},"categories":[70],"tags":[544,20123,1273,4741,3946,554,1124,20124,1889,15206,1026,8055,266,20122,251,264,13604,3578,195],"class_list":["post-59308","post","type-post","status-publish","format-standard","hentry","category-de-opinion","tag-chiapas","tag-david-leon","tag-david-velasco","tag-emilio-lozoya","tag-felipe-calderon","tag-ine","tag-javier-herrera-borunda","tag-jorge-emilio-gonzalez-torres","tag-manuel-velasco","tag-marcelo-ruiz","tag-morena","tag-odebrecht","tag-pan","tag-pio-lopez-obrador","tag-pri","tag-pvem","tag-ricardo-chua","tag-rocio-nahle","tag-veracruz"],"jetpack_featured_media_url":"","jetpack_sharing_enabled":true,"jetpack_shortlink":"https:\/\/wp.me\/p4Qcd3-fqA","_links":{"self":[{"href":"https:\/\/lospoliticosveracruz.com.mx\/index.php?rest_route=\/wp\/v2\/posts\/59308","targetHints":{"allow":["GET"]}}],"collection":[{"href":"https:\/\/lospoliticosveracruz.com.mx\/index.php?rest_route=\/wp\/v2\/posts"}],"about":[{"href":"https:\/\/lospoliticosveracruz.com.mx\/index.php?rest_route=\/wp\/v2\/types\/post"}],"author":[{"embeddable":true,"href":"https:\/\/lospoliticosveracruz.com.mx\/index.php?rest_route=\/wp\/v2\/users\/2"}],"replies":[{"embeddable":true,"href":"https:\/\/lospoliticosveracruz.com.mx\/index.php?rest_route=%2Fwp%2Fv2%2Fcomments&post=59308"}],"version-history":[{"count":1,"href":"https:\/\/lospoliticosveracruz.com.mx\/index.php?rest_route=\/wp\/v2\/posts\/59308\/revisions"}],"predecessor-version":[{"id":59310,"href":"https:\/\/lospoliticosveracruz.com.mx\/index.php?rest_route=\/wp\/v2\/posts\/59308\/revisions\/59310"}],"wp:attachment":[{"href":"https:\/\/lospoliticosveracruz.com.mx\/index.php?rest_route=%2Fwp%2Fv2%2Fmedia&parent=59308"}],"wp:term":[{"taxonomy":"category","embeddable":true,"href":"https:\/\/lospoliticosveracruz.com.mx\/index.php?rest_route=%2Fwp%2Fv2%2Fcategories&post=59308"},{"taxonomy":"post_tag","embeddable":true,"href":"https:\/\/lospoliticosveracruz.com.mx\/index.php?rest_route=%2Fwp%2Fv2%2Ftags&post=59308"}],"curies":[{"name":"wp","href":"https:\/\/api.w.org\/{rel}","templated":true}]}}