{"id":59444,"date":"2020-08-24T08:33:00","date_gmt":"2020-08-24T13:33:00","guid":{"rendered":"http:\/\/www.lospoliticosveracruz.com.mx\/?p=59444"},"modified":"2020-08-24T10:31:19","modified_gmt":"2020-08-24T15:31:19","slug":"la-cloaca-de-pio","status":"publish","type":"post","link":"https:\/\/lospoliticosveracruz.com.mx\/?p=59444","title":{"rendered":"La Cloaca de P\u00edo"},"content":{"rendered":"<p><strong>Ricardo Chua<\/strong><\/p>\n<p><em>Sale y vale<\/em><\/p>\n<p>&nbsp;<\/p>\n<p>EL CONTRAATAQUE&#8230; Don Jes\u00fas Reyes Her\u00f3les, conocedor del sistema pol\u00edtico mexicano, dec\u00eda: \u00abQue en pol\u00edtica, las casualidades no existen\u00bb&#8230; \u00c9l que creci\u00f3 bajo auspicio de gobiernos populistas priistas&#8230; Lo volver\u00eda a decir ahora que la Auditor\u00eda Superior de la Federaci\u00f3n REABRE una investigaci\u00f3n por presunto quebranto financiero en Veracruz, cuando gobernaba, Fidel Herrera Beltr\u00e1n&#8230; Cuyo hijo, Javier Herrera, es colaborador cercano del senador Manuel Velasco&#8230; Uno de los sospechosos de \u00abfiltrar\u00bb los v\u00eddeos de Pio L\u00f3pez Obrador..<\/p>\n<p><a href=\"https:\/\/www.facebook.com\/notaria61veracruz\/\"><img decoding=\"async\" src=\"http:\/\/www.lospoliticosveracruz.com.mx\/wp-content\/uploads\/2020\/07\/CINTILLO-Armando.jpg\" alt=\"\" \/><\/a><\/p>\n<p>Al \u00abT\u00edo Fide\u00bb la ASF lo investiga por presuntos DESV\u00cdOS ocurridos en el Seguro Popular en su mandato, por 4 mil millones de pesos, cuando el titular de Sefiplan era Javier Duarte, a la postre gobernador y se supone fue quien \u00abdio carpetazo\u00bb al asunto cuando la Procuradur\u00eda Justicia estatal, la \u00abarchiv\u00f3\u00bb pasado el 2010 cuando ya mandaba en Veracruz&#8230; \u00bfRaro no?&#8230; 12 a\u00f1os despu\u00e9s \u00abapenas\u00bb investigan&#8230; Cuando se rumora desde hace 8 a\u00f1os, que Fidel Herrera es uno de los asesores de \u00abEl Guero\u00bb Velasco&#8230; En pol\u00edtica las casualidades no existen&#8230;<\/p>\n<p>M\u00e1s si las versiones en CDMX y Chiapas donde pas\u00f3 el caso Pio y David Le\u00f3n, en ese entonces consultor pol\u00edtico del gobierno de Manuel Velasco, en 2015&#8230; Son que de ah\u00ed, salieron los videos entregados a los \u00abneoliberales, conservadores\u00bb, y que fueron \u00abreventados\u00bb por Carlos Loret, despu\u00e9s del caso Lozoya&#8230; Tampoco se deja de sospechar, que las publicaciones contra Herrera Beltr\u00e1n, 10 a\u00f1os despu\u00e9s que dej\u00f3 de ser gobernador, sean parte de la respuesta de MORENA y federaci\u00f3n&#8230; A poco cre\u00edan que se iban a quedar tranquilos&#8230; Andale pues&#8230;<\/p>\n<p>Las \u00abcloacas\u00bb se empiezan a \u00abdestapar\u00bb y la magnitud del caso Pio L\u00f3pez Obrador y su presunto financiamiento il\u00edcito a MORENA&#8230; Rebas\u00f3 las propias expectativas, hasta de la \u00abmente maestra\u00bb que lo prepar\u00f3&#8230; La sociedad est\u00e1 indignada, que ni de un lado, ni de otro&#8230; Todos son iguales&#8230; Quiz\u00e1s, lo del \u00abT\u00edo Verde\u00bb puede ser hasta una \u201ccortina de humo\u201d.. Se necesita porque los Morenos salieron \u201cPiores\u201d&#8230; Pero tampoco descarten que puedan ir contra todo lo que \u00abhuela\u00bb a Manuel Velasco&#8230; Y los Herrera claro que \u00abhuelen\u00bb a Chiapas&#8230;<\/p>\n<p>A estas alturas y como se maneja el gobierno federal, se puede sospechar que esto sea una respuesta&#8230; Pero despu\u00e9s de Fidel y \u00abEl Guero\u00bb Velasco&#8230; \u00bfQui\u00e9n sigue?&#8230; \u00bfRicardo Monreal?&#8230; El \u00abImperio de la 4T\u00bb acaso contraataca a las \u00abmentes maestras\u00bb de los \u00abVerdes\u00bb y de Manuel Velasco&#8230; El cual despu\u00e9s de los v\u00eddeos de Pio&#8230; No ha dicho nada, se ha desaparecido, ni siquiera se ha deslindado&#8230; Tampoco sus aliados veracruzanos han salido a defender la postura&#8230; En pol\u00edtica, las casualidades no existen.. Y lo dijo un tuxpe\u00f1o..<\/p>\n<p>Ya que a pesar que Herrera Beltr\u00e1n, sufre una enfermedad que lo mantiene postrado en su residencia en CDMX y en terapias de rehabilitaci\u00f3n en un hospital&#8230; Sus \u00abbi\u00f3grafos\u00bb dicen que ser\u00e1 de su estado f\u00edsico porque su estado mental, se encuentra en muy buena forma&#8230; Que le da para recomendar y aplicar&#8230; En los c\u00edrculos pol\u00edticos aseguran que Fidel, es una de las mentes maestras&#8230; Mientras Manuel Velasco, es un \u00abejecutor\u00bb&#8230; Por eso, que reabran una investigaci\u00f3n por desv\u00edos de recursos, no es de a gratis&#8230; En M\u00e9xico eso es REAL POLITIK..<\/p>\n<p>Si al paso de los d\u00edas.. Siguen las evidencias que el caso P\u00edo sali\u00f3 con \u00abalevos\u00eda y ventaja\u00bb de Chiapas&#8230; Se puede decir, que el senador, Manuel \u00abEl Guero\u00bb Velasco, se inmol\u00f3&#8230; Pero qu\u00e9 otra cosa, le quedaba a \u00e9l, a sus aliados y \u00abmentes brillantes\u00bb&#8230; Ya que saben bien, que al PVEM como partido pol\u00edtico, no alcanzar\u00eda el registro ante el INE despu\u00e9s del 2021, si no iban en coalici\u00f3n con MORENA en elecciones locales&#8230; Con la pura elecci\u00f3n federal, no logran el 3 por ciento&#8230; El PRI si lo alcanza, pero los \u00abVerdes\u00bb no&#8230; \u00bfQu\u00e9 m\u00e1s puede perder?&#8230;<\/p>\n<p>Hay que recordar que Velasco fue gobernador \u00abpe\u00f1ista\u00bb&#8230; Fue su interlocutor con L\u00f3pez Obrador desde 2017, pero Pio dej\u00f3 claro que lo era desde 2015&#8230; Acaso no vino hablar con los Migueles Yunes para la elecci\u00f3n local y federal en 2018 a Veracruz en el caf\u00e9 del Primo \u00c1ngel&#8230; \u00bfEntonces qu\u00e9 pas\u00f3?&#8230;Ser\u00e1 qu\u00e9 no lo hicieron secretario de Gobernaci\u00f3n y lo ignoraron en el Senado&#8230; Por eso, se ali\u00f3 con Monreal y en 2021, ten\u00edan toda la intenci\u00f3n de deshacerse de Cuitlahuac-Barbosa&#8230; Por lo menos&#8230; \u00bfPor eso AMLO revent\u00f3 la alianza PVEM-Morena?&#8230; \u00abRevent\u00f3\u00bb el partido a Monreal y la respuesta a eso fue el video de Pio&#8230; \u00bf?&#8230; Veremos que pasa a todo lo que \u00abhuela\u00bb PVEM-Velasco&#8230; REAL POL\u00cdTIK&#8230;<\/p>\n<p>LA OTRA ENCUESTA&#8230; Muchos en Veracruz, han estado \u00abjugando al or\u00e1culo\u00bb cuando Miguel Yunes Junior&#8230; Subi\u00f3 su foto en sus redes sociales en un caf\u00e9 de una plaza, frente a Costa de Oro&#8230; Hasta \u00absoltaron\u00bb la versi\u00f3n que \u00e9l, se \u00abventanea\u00bb para buscar suceder a su hermano, Fernando Yunes, en la alcald\u00eda de Veracruz por el PAN&#8230; Algo ir\u00f3nico, ya que ese fue el principal argumento por el cual sus adversarios, lo descalificaron en 2018 cuando buscaba suceder a su pap\u00e1 en la gubernatura&#8230; Un error, que dif\u00edcilmente, la cometer\u00edan dos veces&#8230;<\/p>\n<p>Vamos hasta en los caf\u00e9s de Veracruz-Boca del R\u00edo&#8230; Sus \u00abbi\u00f3grafos no autorizados\u00bb sueltan \u00abtrampas\u00bb a reconocidas \u00abplumas\u00bb comentado que en pr\u00f3ximos d\u00edas&#8230; Fernando estar\u00eda por hacer p\u00fablicos, a trav\u00e9s de pol\u00edticos aliados panistas, los resultados de una encuesta, PRESUNTAMENTE a modo, que mand\u00f3 a hacer con una de esas empresas, que se supone, su grupo pol\u00edtico han utilizado&#8230; D\u00e1ndoles los n\u00fameros que ellos desean, pero que presuntamente distan mucho de la realidad&#8230; Lo que intentan es confundir y confrontar a los azules&#8230;<\/p>\n<p>Se presume que el sondeo&#8230; Lo levant\u00f3 la empresa \u00abVotia\u00bb, la misma de la elecci\u00f3n del 2018 a gobernador, la cual daba a Miguel junior, la ventaja de 10 puntos porcentuales&#8230;.Al final, no sucedi\u00f3 y gan\u00f3 MORENA con Cuitl\u00e1huac Garc\u00eda&#8230; Y para que dejen sus \u00absue\u00f1os tropicales\u00bb&#8230; ChiquiYunes estar\u00eda adem\u00e1s impedido para contender por la alcald\u00eda porte\u00f1a&#8230; Para ser candidato tendr\u00eda que cumplir el requisito de antig\u00fcedad de residencia y en 2018, vot\u00f3 en una casilla boque\u00f1a, eso prueba que no lo cumple&#8230;. No va por ah\u00ed&#8230; SIN EMBARGO, SE MUEVE..<\/p>\n","protected":false},"excerpt":{"rendered":"<p>Ricardo Chua Sale y vale &nbsp; EL CONTRAATAQUE&#8230; Don Jes\u00fas Reyes Her\u00f3les, conocedor del sistema pol\u00edtico mexicano, dec\u00eda: \u00abQue en pol\u00edtica, las casualidades no existen\u00bb&#8230; \u00c9l que creci\u00f3 bajo auspicio de gobiernos populistas priistas&#8230; Lo volver\u00eda a decir ahora que la Auditor\u00eda Superior de la Federaci\u00f3n REABRE una investigaci\u00f3n por presunto quebranto financiero en Veracruz, [&hellip;]<\/p>\n","protected":false},"author":2,"featured_media":0,"comment_status":"open","ping_status":"open","sticky":false,"template":"","format":"standard","meta":{"_jetpack_newsletter_access":"","_jetpack_dont_email_post_to_subs":false,"_jetpack_newsletter_tier_id":0,"_jetpack_memberships_contains_paywalled_content":false,"_jetpack_memberships_contains_paid_content":false,"footnotes":""},"categories":[70],"tags":[1917,18167,544,655,1681,20123,535,410,162,3471,1889,20184,1026,266,20122,20183,13604,640,195],"class_list":["post-59444","post","type-post","status-publish","format-standard","hentry","category-de-opinion","tag-auditoria-superior-de-la-federacion","tag-cdmx","tag-chiapas","tag-chiquiyunes","tag-cuitlahuac-garcia","tag-david-leon","tag-fernando-yunes","tag-fidel-herrera-beltran","tag-javier-duarte","tag-javier-herrera","tag-manuel-velasco","tag-migueles-yunes","tag-morena","tag-pan","tag-pio-lopez-obrador","tag-pvem-morena","tag-ricardo-chua","tag-sefiplan","tag-veracruz"],"jetpack_featured_media_url":"","jetpack_sharing_enabled":true,"jetpack_shortlink":"https:\/\/wp.me\/p4Qcd3-fsM","_links":{"self":[{"href":"https:\/\/lospoliticosveracruz.com.mx\/index.php?rest_route=\/wp\/v2\/posts\/59444","targetHints":{"allow":["GET"]}}],"collection":[{"href":"https:\/\/lospoliticosveracruz.com.mx\/index.php?rest_route=\/wp\/v2\/posts"}],"about":[{"href":"https:\/\/lospoliticosveracruz.com.mx\/index.php?rest_route=\/wp\/v2\/types\/post"}],"author":[{"embeddable":true,"href":"https:\/\/lospoliticosveracruz.com.mx\/index.php?rest_route=\/wp\/v2\/users\/2"}],"replies":[{"embeddable":true,"href":"https:\/\/lospoliticosveracruz.com.mx\/index.php?rest_route=%2Fwp%2Fv2%2Fcomments&post=59444"}],"version-history":[{"count":2,"href":"https:\/\/lospoliticosveracruz.com.mx\/index.php?rest_route=\/wp\/v2\/posts\/59444\/revisions"}],"predecessor-version":[{"id":59455,"href":"https:\/\/lospoliticosveracruz.com.mx\/index.php?rest_route=\/wp\/v2\/posts\/59444\/revisions\/59455"}],"wp:attachment":[{"href":"https:\/\/lospoliticosveracruz.com.mx\/index.php?rest_route=%2Fwp%2Fv2%2Fmedia&parent=59444"}],"wp:term":[{"taxonomy":"category","embeddable":true,"href":"https:\/\/lospoliticosveracruz.com.mx\/index.php?rest_route=%2Fwp%2Fv2%2Fcategories&post=59444"},{"taxonomy":"post_tag","embeddable":true,"href":"https:\/\/lospoliticosveracruz.com.mx\/index.php?rest_route=%2Fwp%2Fv2%2Ftags&post=59444"}],"curies":[{"name":"wp","href":"https:\/\/api.w.org\/{rel}","templated":true}]}}