{"id":59460,"date":"2020-08-24T11:45:12","date_gmt":"2020-08-24T16:45:12","guid":{"rendered":"http:\/\/www.lospoliticosveracruz.com.mx\/?p=59460"},"modified":"2020-08-24T11:45:12","modified_gmt":"2020-08-24T16:45:12","slug":"tratados-de-cordoba-orgullo-de-veracruz-y-origen-de-mexico","status":"publish","type":"post","link":"https:\/\/lospoliticosveracruz.com.mx\/?p=59460","title":{"rendered":"Tratados de C\u00f3rdoba, orgullo de Veracruz y origen de M\u00e9xico"},"content":{"rendered":"<p>Con un llamado a trabajar en unidad y a la solidaridad a favor de la salud, autoridades municipales conmemoraron el cent\u00e9simo nonag\u00e9simo noveno aniversario de la firma de los Tratados de C\u00f3rdoba:\u00a0\u201cHoy, ciento noventa y nueve a\u00f1os despu\u00e9s, un nuevo enemigo com\u00fan nos convoca a la unidad; nos convoca a hacernos uno, desde todos los frente a favor de un logro superior: la salud y la vida de las familias mexicanas\u201d, se\u00f1al\u00f3 la presidenta Leticia L\u00f3pez Landero, presidenta municipal durante su mensaje.<\/p>\n<p>&nbsp; <a href=\"https:\/\/cordoba.gob.mx\/site\/\"><img decoding=\"async\" src=\"http:\/\/www.lospoliticosveracruz.com.mx\/wp-content\/uploads\/2020\/08\/Cintillo-C\u00f3rdoba-Cubrebocas.jpg\" alt=\"\"><\/a><\/p>\n<p>En el marco de la ceremonia conmemorativa, L\u00f3pez Landero hizo extensivo el reconocimiento del pueblo y gobierno de C\u00f3rdoba a las y los profesionales de la salud, as\u00ed como a las corporaciones de primeros respondientes, que diariamente procuran la salud y vida de la ciudadan\u00eda.<\/p>\n<p>Convoc\u00f3 a recordar a los m\u00e1s de 60 mil mexicanos y 150 cordobeses fallecidos a causa del COVID19. \u201cQue su p\u00e9rdida no sea en vano, que nos sirva como sociedad para reforzar nuestro compromiso de derrotar a este nuevo enemigo que amenaza nuestra salud y vida\u201d, dijo la Mun\u00edcipe, quien agreg\u00f3: \u201ccomo buenos cordobeses y buenos mexicanos sabemos levantarnos juntos y superar cualquier reto\u201d.<\/p>\n<p>L\u00f3pez Landero destac\u00f3 que como punto culminante de la lucha por la Independencia, la firma de los Tratados inscribi\u00f3 el nombre de C\u00f3rdoba \u201cen letras doradas en la historia nacional\u201d. Asegur\u00f3 que \u201cLa tinta de la firma de los Tratados, se mantiene fresca por la firme convicci\u00f3n de las y los mexicanos por la libertad\u201d.<\/p>\n<p>\u201cLos Tratados de C\u00f3rdoba son orgullo de Veracruz y origen de M\u00e9xico\u201d, afirm\u00f3 la Presidenta Municipal al indicar que sin este documento no hubiera sido posible forjar la libertad que vive nuestra naci\u00f3n.<\/p>\n<p>Posterior al izamiento de la Bandera Nacional, las y los integrantes del Cabildo, la presidenta municipal, Leticia L\u00f3pez Landero, junto a los legisladores Juan Javier G\u00f3mez Cazar\u00edn y Rub\u00e9n R\u00edos Uribe, colocaron una ofrenda floral en la placa conmemorativa a la firma de los Tratados de C\u00f3rdoba.<\/p>\n","protected":false},"excerpt":{"rendered":"<p>Con un llamado a trabajar en unidad y a la solidaridad a favor de la salud, autoridades municipales conmemoraron el cent\u00e9simo nonag\u00e9simo noveno aniversario de la firma de los Tratados de C\u00f3rdoba:\u00a0\u201cHoy, ciento noventa y nueve a\u00f1os despu\u00e9s, un nuevo enemigo com\u00fan nos convoca a la unidad; nos convoca a hacernos uno, desde todos los [&hellip;]<\/p>\n","protected":false},"author":2,"featured_media":0,"comment_status":"open","ping_status":"open","sticky":false,"template":"","format":"standard","meta":{"_jetpack_newsletter_access":"","_jetpack_dont_email_post_to_subs":false,"_jetpack_newsletter_tier_id":0,"_jetpack_memberships_contains_paywalled_content":false,"_jetpack_memberships_contains_paid_content":false,"footnotes":""},"categories":[73],"tags":[19057,20193,7641,9289],"class_list":["post-59460","post","type-post","status-publish","format-standard","hentry","category-de-boleto","tag-covid19","tag-juan-javier-gomez-cazarin-y-ruben-rios-uribe","tag-leticia-lopez-landero","tag-tratados-de-cordoba"],"jetpack_featured_media_url":"","jetpack_sharing_enabled":true,"jetpack_shortlink":"https:\/\/wp.me\/p4Qcd3-ft2","_links":{"self":[{"href":"https:\/\/lospoliticosveracruz.com.mx\/index.php?rest_route=\/wp\/v2\/posts\/59460","targetHints":{"allow":["GET"]}}],"collection":[{"href":"https:\/\/lospoliticosveracruz.com.mx\/index.php?rest_route=\/wp\/v2\/posts"}],"about":[{"href":"https:\/\/lospoliticosveracruz.com.mx\/index.php?rest_route=\/wp\/v2\/types\/post"}],"author":[{"embeddable":true,"href":"https:\/\/lospoliticosveracruz.com.mx\/index.php?rest_route=\/wp\/v2\/users\/2"}],"replies":[{"embeddable":true,"href":"https:\/\/lospoliticosveracruz.com.mx\/index.php?rest_route=%2Fwp%2Fv2%2Fcomments&post=59460"}],"version-history":[{"count":2,"href":"https:\/\/lospoliticosveracruz.com.mx\/index.php?rest_route=\/wp\/v2\/posts\/59460\/revisions"}],"predecessor-version":[{"id":59466,"href":"https:\/\/lospoliticosveracruz.com.mx\/index.php?rest_route=\/wp\/v2\/posts\/59460\/revisions\/59466"}],"wp:attachment":[{"href":"https:\/\/lospoliticosveracruz.com.mx\/index.php?rest_route=%2Fwp%2Fv2%2Fmedia&parent=59460"}],"wp:term":[{"taxonomy":"category","embeddable":true,"href":"https:\/\/lospoliticosveracruz.com.mx\/index.php?rest_route=%2Fwp%2Fv2%2Fcategories&post=59460"},{"taxonomy":"post_tag","embeddable":true,"href":"https:\/\/lospoliticosveracruz.com.mx\/index.php?rest_route=%2Fwp%2Fv2%2Ftags&post=59460"}],"curies":[{"name":"wp","href":"https:\/\/api.w.org\/{rel}","templated":true}]}}