{"id":59650,"date":"2020-08-26T17:32:42","date_gmt":"2020-08-26T22:32:42","guid":{"rendered":"http:\/\/www.lospoliticosveracruz.com.mx\/?p=59650"},"modified":"2020-08-26T17:40:20","modified_gmt":"2020-08-26T22:40:20","slug":"universitarios-dan-voto-de-confianza","status":"publish","type":"post","link":"https:\/\/lospoliticosveracruz.com.mx\/?p=59650","title":{"rendered":"Universitarios dan voto de confianza al PRD"},"content":{"rendered":"<p>A sumar esfuerzos en una gran alianza ciudadana y trabajar sin otro inter\u00e9s que el de retomar el rumbo de la entidad, que permita reactivar la econom\u00eda local y as\u00ed generar mayores oportunidades de progreso a las familias veracruzanas, fue el llamado que hizo este d\u00eda el Presidente de La Direcci\u00f3n Ejecutiva Estatal del Partido de la Revoluci\u00f3n Democr\u00e1tica (PRD), Sergio Cadena Mart\u00ednez, al reunirse con integrantes de los grupos Frente Democr\u00e1tico Estudiantil y Grupo Acci\u00f3n, quienes conformar\u00e1n el Movimiento Juvenil de Izquierda.<br \/>\nLos j\u00f3venes, estudiantes y egresados de las facultades de Derecho, Ingenier\u00eda, Arquitectura y Odontolog\u00eda de la Universidad Veracruzana son originarios de distintas regiones del estado, entre ellas Xalapa, Tierra Blanca, Poza Rica, Sochiapa, Coatzacoalcos, Yecuatla, P\u00e1nuco, Acayucan, Mart\u00ednez de la Torre, Tlilapan y Coatepec, quienes se acercaron a la nueva Direcci\u00f3n perredista en respuesta al llamado de Cadena Mart\u00ednez de conformar una alianza con todos los sectores de la sociedad para rescatar a Veracruz.<br \/>\nEn representaci\u00f3n de los asistentes, Armando Lascurain Hern\u00e1ndez y Ramses Cruz se comprometieron a trabajar para fortalecer la alianza social ciudadana con la presencia de j\u00f3venes de todas las regiones, en un movimiento de izquierda que aporte ideas y liderazgos de manera seria y dedicada al rescate de M\u00e9xico y Veracruz, ante la dif\u00edcil situaci\u00f3n que confronta, donde las acciones de salud y econom\u00eda son insuficientes y est\u00e1n llevando a m\u00e1s familias a la pobreza.<br \/>\nPor su parte, Sergio Cadena dio la bienvenida a los universitarios, quienes dijo fortalecen la estructura de cambio que impulsar\u00e1 la participaci\u00f3n de m\u00e1s mujeres y j\u00f3venes que quieren que las acciones de renovaci\u00f3n sucedan, en beneficio de todas y todos los veracruzanos que hoy se sienten abandonados, y que deciden actuar con un rumbo alejado de las viejas pr\u00e1cticas pol\u00edticas y cada vez m\u00e1s cerca de los grupos sociales productivos y ciudadanos.<br \/>\nEn el evento estuvieron presentes Myriam Lagunes Mar\u00edn, secretaria de igualdad de g\u00e9neros, diversidad sexual, derechos humanos y de las juventudes; Naira Sibrian Rodr\u00edguez, secretaria adjunta a la Presidencia; Balfred Carrasco Cast\u00e1n, secretario de planeaci\u00f3n estrat\u00e9gica y organizaci\u00f3n interna y Roberto Pe\u00f1a Gonz\u00e1lez, secretario general, quienes reconocieron la intenci\u00f3n de las y los universitarios de participar de manera directa en las propuestas que encabeza el PRD para llevar justicia social a todos los rincones de la entidad.<\/p>\n","protected":false},"excerpt":{"rendered":"<p>A sumar esfuerzos en una gran alianza ciudadana y trabajar sin otro inter\u00e9s que el de retomar el rumbo de la entidad, que permita reactivar la econom\u00eda local y as\u00ed generar mayores oportunidades de progreso a las familias veracruzanas, fue el llamado que hizo este d\u00eda el Presidente de La Direcci\u00f3n Ejecutiva Estatal del Partido [&hellip;]<\/p>\n","protected":false},"author":2,"featured_media":0,"comment_status":"open","ping_status":"open","sticky":false,"template":"","format":"standard","meta":{"_jetpack_newsletter_access":"","_jetpack_dont_email_post_to_subs":false,"_jetpack_newsletter_tier_id":0,"_jetpack_memberships_contains_paywalled_content":false,"_jetpack_memberships_contains_paid_content":false,"footnotes":""},"categories":[73],"tags":[20295,107,20293,6836,7887,219],"class_list":["post-59650","post","type-post","status-publish","format-standard","hentry","category-de-boleto","tag-frente-democratico-estudiantil-y-grupo-accion","tag-prd","tag-ramses-cruz","tag-roberto-pena-gonzalez","tag-sergio-cadena-martinez","tag-universidad-veracruzana"],"jetpack_featured_media_url":"","jetpack_sharing_enabled":true,"jetpack_shortlink":"https:\/\/wp.me\/p4Qcd3-fw6","_links":{"self":[{"href":"https:\/\/lospoliticosveracruz.com.mx\/index.php?rest_route=\/wp\/v2\/posts\/59650","targetHints":{"allow":["GET"]}}],"collection":[{"href":"https:\/\/lospoliticosveracruz.com.mx\/index.php?rest_route=\/wp\/v2\/posts"}],"about":[{"href":"https:\/\/lospoliticosveracruz.com.mx\/index.php?rest_route=\/wp\/v2\/types\/post"}],"author":[{"embeddable":true,"href":"https:\/\/lospoliticosveracruz.com.mx\/index.php?rest_route=\/wp\/v2\/users\/2"}],"replies":[{"embeddable":true,"href":"https:\/\/lospoliticosveracruz.com.mx\/index.php?rest_route=%2Fwp%2Fv2%2Fcomments&post=59650"}],"version-history":[{"count":1,"href":"https:\/\/lospoliticosveracruz.com.mx\/index.php?rest_route=\/wp\/v2\/posts\/59650\/revisions"}],"predecessor-version":[{"id":59654,"href":"https:\/\/lospoliticosveracruz.com.mx\/index.php?rest_route=\/wp\/v2\/posts\/59650\/revisions\/59654"}],"wp:attachment":[{"href":"https:\/\/lospoliticosveracruz.com.mx\/index.php?rest_route=%2Fwp%2Fv2%2Fmedia&parent=59650"}],"wp:term":[{"taxonomy":"category","embeddable":true,"href":"https:\/\/lospoliticosveracruz.com.mx\/index.php?rest_route=%2Fwp%2Fv2%2Fcategories&post=59650"},{"taxonomy":"post_tag","embeddable":true,"href":"https:\/\/lospoliticosveracruz.com.mx\/index.php?rest_route=%2Fwp%2Fv2%2Ftags&post=59650"}],"curies":[{"name":"wp","href":"https:\/\/api.w.org\/{rel}","templated":true}]}}