{"id":60626,"date":"2020-09-10T10:38:45","date_gmt":"2020-09-10T15:38:45","guid":{"rendered":"http:\/\/www.lospoliticosveracruz.com.mx\/?p=60626"},"modified":"2020-09-10T10:39:15","modified_gmt":"2020-09-10T15:39:15","slug":"el-poder-y-los-partidos-politicos","status":"publish","type":"post","link":"https:\/\/lospoliticosveracruz.com.mx\/?p=60626","title":{"rendered":"El poder y los partidos pol\u00edticos"},"content":{"rendered":"<p><strong>Uriel Flores Aguayo<\/strong><\/p>\n<p>&nbsp;<\/p>\n<p>Un sistema de partidos es parte indispensable del sistema pol\u00edtico. Los partidos son la v\u00eda para la participaci\u00f3n ciudadana en la conformaci\u00f3n de los poderes p\u00fablicos y la agregaci\u00f3n de causas sociales. Hay pa\u00edses con uno, pocos o muchos partidos; hay distintos m\u00e9todos electorales y medios de financiaci\u00f3n. En M\u00e9xico tenemos un sistema fr\u00e1gil y disperso que es resultado de d\u00e9cadas de partido de Estado y luego hegem\u00f3nico, de una transici\u00f3n deformada y un s\u00fabito ascenso al poder de un partido amorfo. Los partidos en general tienen una natural centralidad en el debate p\u00fablico, opinan y fijan posturas. Ahora se ven m\u00e1s d\u00e9biles que nunca y con poco \u00e1nimo autocr\u00edtico. Con motivo de las resoluciones del INE sobre el registro de nuevos partidos y la elecci\u00f3n interna de Morena se ha incrementado el inter\u00e9s medi\u00e1tico en los partidos pol\u00edticos.<br \/>\nSoy de la idea que m\u00e1s all\u00e1 de \u00f3rganos electorales deben ser los ciudadanos quienes, con su voto, definan qu\u00e9 partidos mantienen o no su registro. Este tipo de medidas deben complementarse con una sustancial reducci\u00f3n de las prerrogativas que reciben, las cuales ya resultan casi en lo ofensivo en una sociedad tan desigual y pobre. Todos los partidos deben contar con piso parejo en la competencia electoral; por ning\u00fan motivo debemos volver a los viejos tiempos del avasallamiento desde el poder pol\u00edtico. Si queremos democracia de calidad y cambios verdaderos, tenemos que darnos elecciones libres y confiables. Los votos han sido la base de las transformaciones de M\u00e9xico. Venimos del Maderista sufragio efectivo, no reelecci\u00f3n; de la emergencia electoral del a\u00f1o 88, la alternancia Foxista del a\u00f1o 2000 y el giro disruptivo en potencia del triunfo de AMLO en el 2018. Es decir, el voto es altamente valorado por los mexicanos, se ha asentado como el recurso natural para expresar las aspiraciones ciudadanas. As\u00ed seguir\u00e1 siendo.<br \/>\nEstamos ante partidos burocratizados y de c\u00fapulas, lejanos a los intereses ciudadanos. Es nuestra lamentable realidad que se alimenta de la inercia y las peque\u00f1as ambiciones grupales. Es lamentable en tanto el rol tan vital que juegan en la democracia. Ojal\u00e1 en los pr\u00f3ximos a\u00f1os ocurra una reforma que nos arroje partidos abiertos, sanos, ilustrados y vinculados a la gente. Por ahora hay que conformarse y proceder con lo que existe. Es importante estimular la pluralidad por el bien de M\u00e9xico y porque ser\u00eda antinatural cualquier pretensi\u00f3n de concentrar en una sigla, como antes, la diversidad social y cultural de nuestro pa\u00eds.<br \/>\nEl poder y la condici\u00f3n humana son, en esencia, lo mismo que se conoce desde hace muchos siglos. Sin contrapesos sobrevienen los excesos, independientemente de la voluntad de los actores pol\u00edticos. Para garantizar los cambios se necesitan instituciones. No debemos acostumbrarnos a las desmesuras del poder; hemos luchado toda la vida contra las injusticias y los abusos. Debemos mantener siempre esa actitud y confiar en nuestra autonom\u00eda y libertad. Somos contrarios a los dogmas y al culto de la personalidad. No hay caudillos buenos o malos, todos son arcaicos.<\/p>\n<p>La elecci\u00f3n interna en Morena pone a debate la situaci\u00f3n de dicho partido. Lo que se diga y haga en ese organismo es m\u00e1s relevante por las posiciones de poder que ocupa. Sus aspirantes a dirigirlo est\u00e1n hablando de una realidad precaria en todos los sentidos y de una prematura crisis. Es cierto. Dependen en absoluto de la imagen de AMLO, lo cual es sumamente riesgoso. Tengo cerca su presencia en el estado de Veracruz y en XALAPA: pr\u00e1cticamente inexistentes y con actividades clientelares y oficialistas, igualito a lo que le cuestion\u00e1bamos al PRI. Es deseable que quien lo encabece tome la iniciativa para que se conviertan en una opci\u00f3n democr\u00e1tica, no lo son ahora.<\/p>\n<p>Recadito: el \u00fanico que se divierte en Morena es Mu\u00f1oz Ledo; utiliza y lo utilizan.<br \/>\nufa.1959@gmail.com<\/p>\n","protected":false},"excerpt":{"rendered":"<p>Uriel Flores Aguayo &nbsp; Un sistema de partidos es parte indispensable del sistema pol\u00edtico. Los partidos son la v\u00eda para la participaci\u00f3n ciudadana en la conformaci\u00f3n de los poderes p\u00fablicos y la agregaci\u00f3n de causas sociales. Hay pa\u00edses con uno, pocos o muchos partidos; hay distintos m\u00e9todos electorales y medios de financiaci\u00f3n. En M\u00e9xico tenemos [&hellip;]<\/p>\n","protected":false},"author":2,"featured_media":0,"comment_status":"open","ping_status":"open","sticky":false,"template":"","format":"standard","meta":{"_jetpack_newsletter_access":"","_jetpack_dont_email_post_to_subs":false,"_jetpack_newsletter_tier_id":0,"_jetpack_memberships_contains_paywalled_content":false,"_jetpack_memberships_contains_paid_content":false,"footnotes":""},"categories":[70],"tags":[21061,21062,21057,207,21059,554,1026,21060,12034,1709,251,21058,2552,195,2285,96],"class_list":["post-60626","post","type-post","status-publish","format-standard","hentry","category-de-opinion","tag-buricracia","tag-ciudadano","tag-debate-publico","tag-democracia","tag-eleccion-interna-de-morena","tag-ine","tag-morena","tag-munoz-ledo","tag-partidos","tag-partidos-politicos","tag-pri","tag-registro-de-nuevos-partidos","tag-uriel-flores-aguayo","tag-veracruz","tag-voto","tag-xalapa"],"jetpack_featured_media_url":"","jetpack_sharing_enabled":true,"jetpack_shortlink":"https:\/\/wp.me\/p4Qcd3-fLQ","_links":{"self":[{"href":"https:\/\/lospoliticosveracruz.com.mx\/index.php?rest_route=\/wp\/v2\/posts\/60626","targetHints":{"allow":["GET"]}}],"collection":[{"href":"https:\/\/lospoliticosveracruz.com.mx\/index.php?rest_route=\/wp\/v2\/posts"}],"about":[{"href":"https:\/\/lospoliticosveracruz.com.mx\/index.php?rest_route=\/wp\/v2\/types\/post"}],"author":[{"embeddable":true,"href":"https:\/\/lospoliticosveracruz.com.mx\/index.php?rest_route=\/wp\/v2\/users\/2"}],"replies":[{"embeddable":true,"href":"https:\/\/lospoliticosveracruz.com.mx\/index.php?rest_route=%2Fwp%2Fv2%2Fcomments&post=60626"}],"version-history":[{"count":1,"href":"https:\/\/lospoliticosveracruz.com.mx\/index.php?rest_route=\/wp\/v2\/posts\/60626\/revisions"}],"predecessor-version":[{"id":60628,"href":"https:\/\/lospoliticosveracruz.com.mx\/index.php?rest_route=\/wp\/v2\/posts\/60626\/revisions\/60628"}],"wp:attachment":[{"href":"https:\/\/lospoliticosveracruz.com.mx\/index.php?rest_route=%2Fwp%2Fv2%2Fmedia&parent=60626"}],"wp:term":[{"taxonomy":"category","embeddable":true,"href":"https:\/\/lospoliticosveracruz.com.mx\/index.php?rest_route=%2Fwp%2Fv2%2Fcategories&post=60626"},{"taxonomy":"post_tag","embeddable":true,"href":"https:\/\/lospoliticosveracruz.com.mx\/index.php?rest_route=%2Fwp%2Fv2%2Ftags&post=60626"}],"curies":[{"name":"wp","href":"https:\/\/api.w.org\/{rel}","templated":true}]}}