{"id":60756,"date":"2020-09-12T14:29:42","date_gmt":"2020-09-12T19:29:42","guid":{"rendered":"http:\/\/www.lospoliticosveracruz.com.mx\/?p=60756"},"modified":"2020-09-12T14:29:42","modified_gmt":"2020-09-12T19:29:42","slug":"del-curanderodelaselva-al-versador-macuspano-realidad-incomoda","status":"publish","type":"post","link":"https:\/\/lospoliticosveracruz.com.mx\/?p=60756","title":{"rendered":"Del #CuranderoDelaSelva, al Versador Macuspano, \u00abrealidad inc\u00f3moda\u00bb"},"content":{"rendered":"<p><strong>Zoociedad An\u00f3nima<\/strong><br \/>\n<em>El origen<\/em><\/p>\n<p>&nbsp;<\/p>\n<p>\u00abAmigas y amigos, fui de los primeros en sostener que el principal problema de M\u00e9xico era la corrupci\u00f3n y ahora no tengo duda de que sigue siendo igual, pero ahora es la de nosotros y se llama donaci\u00f3n, escucharon bien, donaci\u00f3n, no corrupci\u00f3n, bueno problema resuelto. Como lo anunci\u00e9 el 1 de diciembre de 2019, ya he cumplido 89 de mis 100 compromisos con el pueblo bueno y despu\u00e9s, el 3 de julio del 2020, les dije que ya llevaba dos m\u00e1s, entonces 90 de 100, creo, si las matem\u00e1ticas me ayudan, pero \u00aben t\u00e9rminos reales\u00bb, de esos t\u00e9rminos chidos como los t\u00e9rminos que son casi fatales que agarro para aleccionarlos en las Ma\u00f1a\u2026neras\u2026 y en las plazas p\u00fablicas.<br \/>\nLes digo, este 1 de septiembre del a\u00f1o que cursa, adornando mi Segundo Informe de Gobierno les aseguro: estamos al 100, bandera blanca, \u00a1Marcelo p\u00e1same mi pa\u00f1uelito! \u00c1ndale ya hasta me pas\u00e9 t\u00fa, porque s\u00f3lo hice 45 promesas el d\u00eda que tom\u00e9 posesi\u00f3n, pero he dicho tantas mentiras en tantos escenarios diferentes que si las formara le dar\u00edamos tres vueltas al mundo, mi lengua le gan\u00f3 a la imaginaci\u00f3n de Julio Verne, que 80 d\u00edas ni que nada.<br \/>\nSin duda, una que va a desentonar por el tama\u00f1o de mentira es la que involucra los aumentos a la gasolina de &#8216;Pemez&#8217;, s\u00ed, ese combustible tan necesario para los motores ecol\u00f3gicos de combusti\u00f3n interna que logr\u00e9 bajar, pero cuando se me volvi\u00f3 a subir ya no supe por qu\u00e9 pas\u00f3, tal vez fue un compl\u00f3, porque en serio, junto con mis diputados y mis senadores morenistas, s\u00ed, esos del voto pareeeejoooo, la \u00edbamos casi a regalar, bueno eso fue lo que me pas\u00e9 dici\u00e9ndoles durante 18 a\u00f1os, pero qu\u00e9 creen: me lastim\u00e9 la rodilla y todos ellos tambi\u00e9n, s\u00ed, todos\u2026 y pues ya no se pudo, en realidad no fui yo el que la baj\u00f3, aunque me es m\u00e1s f\u00e1cil enga\u00f1ar al pueblo bueno, que convencerlo que ha sido enga\u00f1ado, de eso me puse a reflexionar, jejeje mmm van a decir, las 30 personas que de verdad me conocen \u00abentre ellos mi hermano P\u00edo\u00bb, (aunque hubiesen o\u00eddo a los otros 29,999,970 restantes de los 30 millones que seg\u00fan yo votaron por un cambio, se llenaron la boca diciendo cosas buenas de m\u00ed, imag\u00ednense que igualados).<br \/>\nPero ya en serio\u2026 no me conocen y apenas se est\u00e1n dando cuenta de c\u00f3mo soy, bueno algunos\u2026 porque otros hasta quieren ponerle mi nombre a Tabasco o a lo que dej\u00f3 mi cu\u00f1ada de Macuspana, el pueblito donde nac\u00ed, crec\u00ed y lo mand\u00e9 a desaparecer porque hay que acabar con todo lo que haya construido el neoliberalismo, y as\u00ed me lo aconsej\u00f3 el Rey Herodes que es mi asesor, no vaya siendo que me crezca ah\u00ed otro vendedor de ilusiones que sea tan bueno para los cuentos como yo, y se le atraviese a mi choco flan, que va a ser la tercera generaci\u00f3n de mi gobierno, porque as\u00ed lo dicen las mediciones del acuerdo con su gobernante, y yo quiero durar un poquito m\u00e1s, porque no vamos a terminar la cuarta transsss \u2026 \u00a1Ay me caigoooo! \u00a1y traka!, que despierto del mandrakazo que me di por echarme una pesta\u00f1ita de nuevo mi Zoocio, escuchando el #2oInformedeGobierno del presidente Andr\u00e9s M. L\u00f3pez Obrador, yo creo que la mala obra me la hicieron los aud\u00edfonos porque ya en la casa no soportan el tono y velocidad de su majestad, pero no s\u00e9 por qu\u00e9 la intolerancia, si a m\u00ed me arrulla y hasta creo haberlo escuchado m\u00e1s honesto en mis sue\u00f1os, \u00bft\u00fa qu\u00e9 piensas querido hermano?<br \/>\nBueno en esas estaba el anterior sabadaba, porque en una de esas no te acordabas, pero te promet\u00ed hace ocho, tratar de encontrarle (aunque fuera con microscopio), alg\u00fan beneficio para Veracruz, al menos para M\u00e9xico y la verdad no me he lastimado la rodilla para tener pretexto y la realidad se afronta, igualito como la enfrent\u00f3 el Presidente en su mensaje en Palacio Nacional en mi sue\u00f1o, y como lo hace todos los d\u00edas de la semana en su marat\u00f3nica conferencia real de gran inter\u00e9s\u2026 bueno pues como yo no me caigo para arriba, como algunas figuras pol\u00edticas encumbradas en el altiplano por sudor propio o por sudor compartido no necesariamente de su misma generaci\u00f3n, me reincorpor\u00e9 velozmente de guamazo y me dispuse a reconectar el You Tube. \u00bfCu\u00e1l ser\u00eda mi sorpresa?, que al volver a ingresar a las redes sociales del Lic. Andr\u00e9s M. L\u00f3pez Obrador, inmaculadas de boots pagados y de j\u00f3venes construyendo el futuro, de los j\u00f3venes que llevan el mismo apellido del presidente, me va saliendo una transmisi\u00f3n en vivo que me hizo olvidar por completo la c\u00e1tedra de pol\u00edtica p\u00fablica del 1 de septiembre pasado.<br \/>\nY ah\u00ed estaba \u00e9l, ataviado con una guayabera blanca de lino, sentado en una silla artesanal de caoba seguramente, y a la sombra de un cedro que el mismo l\u00edder de la naci\u00f3n declar\u00f3 tienen la misma edad, seguro por eso cuando la c\u00e1mara intent\u00f3 tomarlo completo, record\u00e9 aquella f\u00e1bula de las habichuelas m\u00e1gicas, no por aquello del huev\u00f3n de oro, al final a m\u00ed no me interesa si trabaj\u00f3 durante tantos a\u00f1os de \u00abcampa\u00f1a\u00bb o s\u00f3lo anduvo paseando por los pueblos y comiendo en fondas, ni siquiera si se tard\u00f3 quince a\u00f1os en titularse en la UNAM (1973 &#8211; 1987) con un promedio de 7.7, eso de verdad no es mi tema, lo sorprendente es que cuando bajaron la c\u00e1mara, estaba por iniciar una escena propia del Curandero de la Selva (Medicine Man), aquella pel\u00edcula famosa que se film\u00f3 en Nanciyaga, una reserva natural del municipio de Catemaco, y que fue protagonizada por Thomas Sean Connery, un actor y productor brit\u00e1nico que a diferencia del que estaba en el mon\u00f3logo sabatino desde Palenque, es un hombre serio y exitoso en lo que hace no s\u00f3lo en lo que cuenta.<br \/>\nEn su faceta profesional, Sean ha protagonizado diferentes g\u00e9neros y personajes, siempre apegado a sus guiones y con una que otra improvisaci\u00f3n, lo que hace a un primer actor merecedor de los m\u00e1s grandes elogios y distinciones como el BAFTA o el \u00d3scar, incluso ya fue ganador del Golden Globe. Uno de sus personajes famosos fue el Agente Secreto 007, pero en una extraordinaria entrevista realizada por Paramount Channel realizada en 1998 declar\u00f3 que diez a\u00f1os atr\u00e1s hab\u00eda interpretado tal vez a uno de los personajes que aleccionaron su vida y apaciguaron su temperamento, este fue el Teniente Coronel Caldwell en un filme de bajo presupuesto que fue titulado en algunos pa\u00edses de habla hispana como \u00abEl Presidio\u00bb, pero que en realidad se llam\u00f3 \u00abM\u00e1s fuerte que el Odio\u00bb y donde Caldwell mezcla sus pasiones personales con el poder que le da su investidura como Teniente Coronel para discriminar y enjuiciar desde su propia \u00f3ptica las acciones de los delincuentes, polic\u00edas, civiles e inclusive a su propia familia, lo que desata una trama donde el \u00fanico perdedor termina siendo \u00e9l.<br \/>\nTodo eso vino a mi memoria mientras escuchaba a aquel versador macuspano cual monumento a Lincoln sentado en medio de la selva chiapaneca disertando sobre el fallo del INE, sobre un Ciro del cual ha dicho su nombre diez mil veces y en ese momento lo olvid\u00f3, y de c\u00f3mo desde la adversidad se construye invitando a los inconformes a tomar carreteras y avenidas para expresarse, bien dec\u00eda mi padre, que quien siembra vientos cosecha tempestades.<br \/>\nY a unos cuantos kil\u00f3metros de donde estaba el ide\u00f3logo de la 4TE, los discursos del EZLN ya se escuchaban; a otros cuantos los m\u00e9dicos y enfermeras del IMSS, el ISSSTE y los sistemas locales de salud que siguen con el desabasto y las condiciones de amenaza para no denunciarlo y perder su trabajo; casi pegados a ellos los familiares de 70,000 muertos por Covid lloran su partida; en la frontera sur del mismo estado los centroamericanos y la Guardia Nacional inconformes ambos, unos por no acceder a la libertad de tr\u00e1nsito que se les prometi\u00f3 en las arengas de campa\u00f1a por todo el pa\u00eds, y otros por tampoco acceder a las condiciones m\u00ednimas salariales y de equipamiento en su corporaci\u00f3n que ponen en peligro su vida, incluso en el limbo laboral por el cambio de una corporaci\u00f3n a otra.<br \/>\nPoco al norte los normalistas en Michoac\u00e1n son atropellados por un autob\u00fas de las fuerzas policiales mientras se manifiestan ante la mirada at\u00f3nita de sus familiares que no tienen que buscar a los culpables de esta agresi\u00f3n en Paseo de la Reforma ayudados por intereses pol\u00edticos mezquinos que los utilicen en videos y fotograf\u00edas, porque los tienen enfrente pero no pueden hacer nada, al mismo tiempo la vida de otro reportero es arrebatada en Tezonapa, Veracruz, de la forma m\u00e1s salvaje, y se une a los miles de homicidios diarios en este pa\u00eds.<br \/>\nEn el Estado de M\u00e9xico desalojan a mujeres del edificio de la Comisi\u00f3n Nacional de los Derechos Humanos, con el consentimiento de la Federaci\u00f3n, aunque lo nieguen, porque ning\u00fan gobernador de oposici\u00f3n y menos uno alineado como Alfredo Del Mazo har\u00eda esa acci\u00f3n sin el consentimiento del presidente de la Rep\u00fablica Andr\u00e9s M. L\u00f3pez Obrador, quien es el ombudsman defensor de la ineficiente y carn\u00edvora Rosario Piedra Ibarra, para ficharlas como delincuentes que exigen di\u00e1logo pol\u00edtico y atenci\u00f3n inmediata, mismo caso que en Chihuahua donde se cometi\u00f3 la mayor de las irresponsabilidades: dejar al pueblo enfrentarse al Ej\u00e9rcito por uno de los bienes m\u00e1s preciados que tenemos los seres vivos en este planeta, el agua, matando la Guardia Nacional a una pareja por la espalda con el pretexto de una confusi\u00f3n.<br \/>\nAs\u00ed transcurrieron las horas de la semana en la que el versador macuspano se apareci\u00f3 en mi pantalla despu\u00e9s de aburrirme hasta dormir para mostrarme una nueva escena de su pel\u00edcula donde no tiene nada que ver con Caldwell porque el s\u00ed puede ser \u00abM\u00e1s fuerte que el Odio\u00bb, y no tendr\u00eda al pa\u00eds sumido en la confrontaci\u00f3n, el encono, la enemistad y la tristeza, tampoco tiene una cana de parecido con el \u00abCurandero de la Selva\u00bb, porque entre m\u00e1s viejo m\u00e1s sabio y el versador macuspano entre m\u00e1s viejo m\u00e1s pend\u2026iente queda todav\u00eda el tema del #2oInforme a una administraci\u00f3n que ya extravi\u00f3 el gobierno y ya se acab\u00f3 los guardaditos como dijo el Secretario de Hacienda, por eso la pr\u00f3xima semana hablaremos del #PaketaxoEcon\u00f3mico si a\u00fan nos das chancecito mi Zoocio \u2026<br \/>\nSeres vivos y no vivos<br \/>\n\u00bfQu\u00e9 prefiere el presidente Andr\u00e9s M. L\u00f3pez Obrador?, \u00bfqu\u00e9 sus correligionarios ejerzan sus funciones flotando como plumas de ganso o hundi\u00e9ndose como piedra?, Piedra Ibarra Rosario y \u00bfganso?<br \/>\nNos leemos pronto, pero en Zoociedad An\u00f3nima.<\/p>\n","protected":false},"excerpt":{"rendered":"<p>Zoociedad An\u00f3nima El origen &nbsp; \u00abAmigas y amigos, fui de los primeros en sostener que el principal problema de M\u00e9xico era la corrupci\u00f3n y ahora no tengo duda de que sigue siendo igual, pero ahora es la de nosotros y se llama donaci\u00f3n, escucharon bien, donaci\u00f3n, no corrupci\u00f3n, bueno problema resuelto. Como lo anunci\u00e9 el [&hellip;]<\/p>\n","protected":false},"author":2,"featured_media":0,"comment_status":"open","ping_status":"open","sticky":false,"template":"","format":"standard","meta":{"_jetpack_newsletter_access":"","_jetpack_dont_email_post_to_subs":false,"_jetpack_newsletter_tier_id":0,"_jetpack_memberships_contains_paywalled_content":false,"_jetpack_memberships_contains_paid_content":false,"footnotes":""},"categories":[70],"tags":[17426,618,158,17829,21140,1208,895,14126,1499,21139,14703,1026,10570,21141,372,21142,13453,1881,195],"class_list":["post-60756","post","type-post","status-publish","format-standard","hentry","category-de-opinion","tag-4t","tag-andres-manuel-lopez-obrador","tag-catemaco","tag-covid","tag-curandero-de-la-selva","tag-imss","tag-issste","tag-jovenes-construyendo-el-futuro","tag-lopez-obrador-morena","tag-macuspano","tag-marcelo-ebrard","tag-morena","tag-neoliberalismo","tag-normalistas-en-michoacan","tag-pemex","tag-piedra-ibarra-rosario","tag-sabadaba","tag-tezonapa","tag-veracruz"],"jetpack_featured_media_url":"","jetpack_sharing_enabled":true,"jetpack_shortlink":"https:\/\/wp.me\/p4Qcd3-fNW","_links":{"self":[{"href":"https:\/\/lospoliticosveracruz.com.mx\/index.php?rest_route=\/wp\/v2\/posts\/60756","targetHints":{"allow":["GET"]}}],"collection":[{"href":"https:\/\/lospoliticosveracruz.com.mx\/index.php?rest_route=\/wp\/v2\/posts"}],"about":[{"href":"https:\/\/lospoliticosveracruz.com.mx\/index.php?rest_route=\/wp\/v2\/types\/post"}],"author":[{"embeddable":true,"href":"https:\/\/lospoliticosveracruz.com.mx\/index.php?rest_route=\/wp\/v2\/users\/2"}],"replies":[{"embeddable":true,"href":"https:\/\/lospoliticosveracruz.com.mx\/index.php?rest_route=%2Fwp%2Fv2%2Fcomments&post=60756"}],"version-history":[{"count":1,"href":"https:\/\/lospoliticosveracruz.com.mx\/index.php?rest_route=\/wp\/v2\/posts\/60756\/revisions"}],"predecessor-version":[{"id":60758,"href":"https:\/\/lospoliticosveracruz.com.mx\/index.php?rest_route=\/wp\/v2\/posts\/60756\/revisions\/60758"}],"wp:attachment":[{"href":"https:\/\/lospoliticosveracruz.com.mx\/index.php?rest_route=%2Fwp%2Fv2%2Fmedia&parent=60756"}],"wp:term":[{"taxonomy":"category","embeddable":true,"href":"https:\/\/lospoliticosveracruz.com.mx\/index.php?rest_route=%2Fwp%2Fv2%2Fcategories&post=60756"},{"taxonomy":"post_tag","embeddable":true,"href":"https:\/\/lospoliticosveracruz.com.mx\/index.php?rest_route=%2Fwp%2Fv2%2Ftags&post=60756"}],"curies":[{"name":"wp","href":"https:\/\/api.w.org\/{rel}","templated":true}]}}