{"id":60800,"date":"2020-09-13T14:19:43","date_gmt":"2020-09-13T19:19:43","guid":{"rendered":"http:\/\/www.lospoliticosveracruz.com.mx\/?p=60800"},"modified":"2020-09-13T14:24:21","modified_gmt":"2020-09-13T19:24:21","slug":"tanto-peca-el-que-mata-la-vaca","status":"publish","type":"post","link":"https:\/\/lospoliticosveracruz.com.mx\/?p=60800","title":{"rendered":"Tanto peca, el que mata la vaca\u2026"},"content":{"rendered":"<p><strong>Teresa Carbajal<br \/>\n<\/strong><em>Debo, no niego; pago, lo justo<\/em><\/p>\n<p>El Instituto de Pensiones del Estado de Veracruz (IPE) es una instituci\u00f3n de salvaguarda de los derechos fundamentales, laborales y sociales de los trabajadores en retiro que dedicaron su vida al servicio del gobierno; y como instituci\u00f3n del estado no puede, ni debe ser c\u00f3mplice de la explotaci\u00f3n de quienes a cambio de un pr\u00e9stamo graban sus n\u00f3minas con descuentos superiores a lo legalmente permitido para pagar intereses usurarios.<\/p>\n<p>Como parte de las acciones de la Jornada Estatal de Defensa del Patrimonio Familiar (JEDPF) que arrancamos el pasado 27 de agosto, atendimos el caso de una profesora pensionada del IPE, con domicilio en Teocelo, Ver., a quien una casa de pr\u00e9stamo le otorg\u00f3 la cantidad de 342,000 para cobrarle 742,000 a un plazo de 60 meses, con un descuento mensual de poco mas de 12\u00a0 mil pesos lo que equivale a cerca del 40% de su ingreso total mensual.<\/p>\n<p>A la fecha ha abonado 346 mil\u00a0 y debe casi 400 de \u201cpuros\u201d intereses, sin embargo poco puede hacer por la v\u00eda conciliatoria, la que incluso ya intent\u00f3 con la casa de pr\u00e9stamos, porque parte de los requisitos para que le dieran el cr\u00e9dito fue la firma de una \u201cautorizaci\u00f3n irrevocable\u201d al IPE para que \u00e9ste procediera a hacer el descuento -de hasta el \u00faltimo peso y centavo- de la irracional deuda.<\/p>\n<p>A fin de brindar la asesor\u00eda legal tuvimos que documentar el caso, comenzando por saber los motivos que originan el descuento institucional alleg\u00e1ndonos informaci\u00f3n p\u00fablica a trav\u00e9s de un ejercicio de transparencia, respecto a los convenios que el Instituto tiene celebrados con estas casas de pr\u00e9stamos, y por los que percibe el 5% neto, y libre de impuestos sobre el descuento mensual que se aplica al deudor, o sea la comisi\u00f3n la paga el propio deudor y no la prestamista.<\/p>\n<p>Ello dio ocasi\u00f3n para que, si bien el Instituto como tal no es el otorgante del cr\u00e9dito, s\u00ed percibe un beneficio con la colocaci\u00f3n de dichos cr\u00e9ditos; pues jur\u00eddicamente hablando es quien ejecuta los cobros, al retenerlos y entregarlos al acreditante, o popularmente hablando, \u201ctanto peca, el que mata la vaca como el que le agarra la pata\u201d.<\/p>\n<p>De ah\u00ed que no puede sustraerse a la problem\u00e1tica que presentan los jubilados y pensionados y por tanto le asiste el deber legal como ente de tutela y atenci\u00f3n a una poblaci\u00f3n catalogada como vulnerable.<\/p>\n<p>Por lo que en primera instancia, le hicimos un exhorto p\u00fablico a dicho ente para revisar con perspectiva de derechos humanos esos contratos de cr\u00e9dito por considerar que los mismos en el apartado de tasas de inter\u00e9s resultan violatorios de los derechos de los pensionados y para los efectos del art\u00edculo 21.3 de la Convenci\u00f3n Americana sobre Derechos Humanos y 362 del C\u00f3digo de Comercio pudieran resultar usurarios.<\/p>\n<p>Si deseas sumarte a la JEDPF, env\u00edanos tu caso a \u00a0<a href=\"http:\/\/www.elbarzonrc.org\/\">www.elbarzonrc.org<\/a> contacta<a href=\"mailto:elbarzonrc@yahoo.com.mx\">elbarzonrc@yahoo.com.mx<\/a>, llama al 2281148502 \u00f3 s\u00edgueme en @terecarbajal<\/p>\n<p>&nbsp;<\/p>\n<p>&nbsp;<\/p>\n<p>&nbsp;<\/p>\n","protected":false},"excerpt":{"rendered":"<p>Teresa Carbajal Debo, no niego; pago, lo justo El Instituto de Pensiones del Estado de Veracruz (IPE) es una instituci\u00f3n de salvaguarda de los derechos fundamentales, laborales y sociales de los trabajadores en retiro que dedicaron su vida al servicio del gobierno; y como instituci\u00f3n del estado no puede, ni debe ser c\u00f3mplice de la [&hellip;]<\/p>\n","protected":false},"author":2,"featured_media":0,"comment_status":"open","ping_status":"open","sticky":false,"template":"","format":"standard","meta":{"_jetpack_newsletter_access":"","_jetpack_dont_email_post_to_subs":false,"_jetpack_newsletter_tier_id":0,"_jetpack_memberships_contains_paywalled_content":false,"_jetpack_memberships_contains_paid_content":false,"footnotes":""},"categories":[70],"tags":[21169,4248,3530,3178,15570,195],"class_list":["post-60800","post","type-post","status-publish","format-standard","hentry","category-de-opinion","tag-casa-de-prestamos","tag-ipe","tag-pensionados","tag-pensiones-del-estado","tag-teresa-carbajal","tag-veracruz"],"jetpack_featured_media_url":"","jetpack_sharing_enabled":true,"jetpack_shortlink":"https:\/\/wp.me\/p4Qcd3-fOE","_links":{"self":[{"href":"https:\/\/lospoliticosveracruz.com.mx\/index.php?rest_route=\/wp\/v2\/posts\/60800","targetHints":{"allow":["GET"]}}],"collection":[{"href":"https:\/\/lospoliticosveracruz.com.mx\/index.php?rest_route=\/wp\/v2\/posts"}],"about":[{"href":"https:\/\/lospoliticosveracruz.com.mx\/index.php?rest_route=\/wp\/v2\/types\/post"}],"author":[{"embeddable":true,"href":"https:\/\/lospoliticosveracruz.com.mx\/index.php?rest_route=\/wp\/v2\/users\/2"}],"replies":[{"embeddable":true,"href":"https:\/\/lospoliticosveracruz.com.mx\/index.php?rest_route=%2Fwp%2Fv2%2Fcomments&post=60800"}],"version-history":[{"count":1,"href":"https:\/\/lospoliticosveracruz.com.mx\/index.php?rest_route=\/wp\/v2\/posts\/60800\/revisions"}],"predecessor-version":[{"id":60801,"href":"https:\/\/lospoliticosveracruz.com.mx\/index.php?rest_route=\/wp\/v2\/posts\/60800\/revisions\/60801"}],"wp:attachment":[{"href":"https:\/\/lospoliticosveracruz.com.mx\/index.php?rest_route=%2Fwp%2Fv2%2Fmedia&parent=60800"}],"wp:term":[{"taxonomy":"category","embeddable":true,"href":"https:\/\/lospoliticosveracruz.com.mx\/index.php?rest_route=%2Fwp%2Fv2%2Fcategories&post=60800"},{"taxonomy":"post_tag","embeddable":true,"href":"https:\/\/lospoliticosveracruz.com.mx\/index.php?rest_route=%2Fwp%2Fv2%2Ftags&post=60800"}],"curies":[{"name":"wp","href":"https:\/\/api.w.org\/{rel}","templated":true}]}}