{"id":61170,"date":"2020-09-19T16:51:01","date_gmt":"2020-09-19T21:51:01","guid":{"rendered":"http:\/\/www.lospoliticosveracruz.com.mx\/?p=61170"},"modified":"2020-09-19T16:51:01","modified_gmt":"2020-09-19T21:51:01","slug":"hugo-les-paso-el-matabichos","status":"publish","type":"post","link":"https:\/\/lospoliticosveracruz.com.mx\/?p=61170","title":{"rendered":"Hugo les pas\u00f3 el matabichos!"},"content":{"rendered":"<p>&nbsp;<\/p>\n<p><a href=\"http:\/\/www.lospoliticosveracruz.com.mx\/wp-content\/uploads\/2020\/09\/SSP3.jpg\"><img loading=\"lazy\" decoding=\"async\" class=\" size-full wp-image-61171 aligncenter\" src=\"http:\/\/www.lospoliticosveracruz.com.mx\/wp-content\/uploads\/2020\/09\/SSP3.jpg\" alt=\"SSP\" width=\"600\" height=\"320\" \/><\/a><\/p>\n<p>A fin de garantizar condiciones salubres a usuarios y conductores del transporte p\u00fablico, la Secretar\u00eda de Seguridad P\u00fablica (SSP) ha efectuado m\u00e1s de 270 mil acciones en 112 municipios: distribuci\u00f3n de cubrebocas y gel antibacterial, colocaci\u00f3n de microperforados con las medidas sanitarias y desinfecci\u00f3n de 123 mil veh\u00edculos, mediante jornadas de limpieza semanales y quincenales.<br \/>\nAl respecto, este s\u00e1bado tuvo lugar dicha actividad en la capital, donde participaron 3 mil 500 taxis, 300 autobuses urbanos y 35 colectivos de Xalapa, Acatl\u00e1n, Alto Lucero, Banderilla, Coacoatzintla, Coatepec, Cosautl\u00e1n, Emiliano Zapata, Jilotepec, Miahuatl\u00e1n, Naolinco, Rafael Lucio, Teocelo, Tepetl\u00e1n, Tlacolulan, Tlalnelhuayocan, Tonay\u00e1n y Xico.<br \/>\nDurante el operativo, en la intersecci\u00f3n de los circuitos Presidentes y Gonzalo Aguirre Beltr\u00e1n, el titular de la dependencia, Hugo Guti\u00e9rrez Maldonado, agradeci\u00f3 la disposici\u00f3n de los concesionarios para llevar a cabo estas tareas.<br \/>\nA su vez, el director general de Transporte de la SSP, \u00c1ngel Alarc\u00f3n Palmeros, indic\u00f3 que, por decreto, todas las modalidades operan al 50 por ciento de su capacidad; aunque las medidas sanitarias pueden variar seg\u00fan el color del sem\u00e1foro en cada municipio. De igual manera, inform\u00f3 que hay supervisi\u00f3n permanente de las unidades de alquiler y autobuses, con el prop\u00f3sito de reducir el contagio y propagaci\u00f3n del COVID-19.<br \/>\nEs importante mencionar que estas labores tambi\u00e9n tuvieron lugar en Papantla y ma\u00f1ana en Mart\u00ednez de la Torre; a la fecha se ha abarcado gran parte de los municipios de las zonas norte, centro y sur del estado.<\/p>\n","protected":false},"excerpt":{"rendered":"<p>&nbsp; A fin de garantizar condiciones salubres a usuarios y conductores del transporte p\u00fablico, la Secretar\u00eda de Seguridad P\u00fablica (SSP) ha efectuado m\u00e1s de 270 mil acciones en 112 municipios: distribuci\u00f3n de cubrebocas y gel antibacterial, colocaci\u00f3n de microperforados con las medidas sanitarias y desinfecci\u00f3n de 123 mil veh\u00edculos, mediante jornadas de limpieza semanales y [&hellip;]<\/p>\n","protected":false},"author":2,"featured_media":0,"comment_status":"open","ping_status":"open","sticky":false,"template":"","format":"standard","meta":{"_jetpack_newsletter_access":"","_jetpack_dont_email_post_to_subs":false,"_jetpack_newsletter_tier_id":0,"_jetpack_memberships_contains_paywalled_content":false,"_jetpack_memberships_contains_paid_content":false,"footnotes":""},"categories":[73],"tags":[17829,17389,21439,17005,13303,4555,359,7601],"class_list":["post-61170","post","type-post","status-publish","format-standard","hentry","category-de-boleto","tag-covid","tag-cubrebocas","tag-director-general-de-transporte-de-la-ssp","tag-gel-antibacterial","tag-hugo-gutierrez-maldonado","tag-secretaria-de-seguridad-publica","tag-ssp","tag-transporte-publico"],"jetpack_featured_media_url":"","jetpack_sharing_enabled":true,"jetpack_shortlink":"https:\/\/wp.me\/p4Qcd3-fUC","_links":{"self":[{"href":"https:\/\/lospoliticosveracruz.com.mx\/index.php?rest_route=\/wp\/v2\/posts\/61170","targetHints":{"allow":["GET"]}}],"collection":[{"href":"https:\/\/lospoliticosveracruz.com.mx\/index.php?rest_route=\/wp\/v2\/posts"}],"about":[{"href":"https:\/\/lospoliticosveracruz.com.mx\/index.php?rest_route=\/wp\/v2\/types\/post"}],"author":[{"embeddable":true,"href":"https:\/\/lospoliticosveracruz.com.mx\/index.php?rest_route=\/wp\/v2\/users\/2"}],"replies":[{"embeddable":true,"href":"https:\/\/lospoliticosveracruz.com.mx\/index.php?rest_route=%2Fwp%2Fv2%2Fcomments&post=61170"}],"version-history":[{"count":1,"href":"https:\/\/lospoliticosveracruz.com.mx\/index.php?rest_route=\/wp\/v2\/posts\/61170\/revisions"}],"predecessor-version":[{"id":61173,"href":"https:\/\/lospoliticosveracruz.com.mx\/index.php?rest_route=\/wp\/v2\/posts\/61170\/revisions\/61173"}],"wp:attachment":[{"href":"https:\/\/lospoliticosveracruz.com.mx\/index.php?rest_route=%2Fwp%2Fv2%2Fmedia&parent=61170"}],"wp:term":[{"taxonomy":"category","embeddable":true,"href":"https:\/\/lospoliticosveracruz.com.mx\/index.php?rest_route=%2Fwp%2Fv2%2Fcategories&post=61170"},{"taxonomy":"post_tag","embeddable":true,"href":"https:\/\/lospoliticosveracruz.com.mx\/index.php?rest_route=%2Fwp%2Fv2%2Ftags&post=61170"}],"curies":[{"name":"wp","href":"https:\/\/api.w.org\/{rel}","templated":true}]}}