{"id":61471,"date":"2020-09-25T08:34:13","date_gmt":"2020-09-25T13:34:13","guid":{"rendered":"http:\/\/www.lospoliticosveracruz.com.mx\/?p=61471"},"modified":"2020-09-25T08:34:13","modified_gmt":"2020-09-25T13:34:13","slug":"orfis-mal-y-de-malas","status":"publish","type":"post","link":"https:\/\/lospoliticosveracruz.com.mx\/?p=61471","title":{"rendered":"Orfis, mal y de malas"},"content":{"rendered":"<p><strong>Ricardo Ch\u00faa<\/strong><br \/>\n<em>Sale y Vale<\/em><\/p>\n<p>ORFIS, BAJO LUPA&#8230; Al parecer la presunta incorporaci\u00f3n de Rene Mariani Ochoa,. de nuevo, al \u00d3rgano de Fiscalizaci\u00f3n Superior (ORFIS), como asesor de la titular, Delia Gonz\u00e1lez Cobos&#8230; No es precisamente para que venga a reforzar a su equipo&#8230; M\u00e1s bien para \u00absalvarlo\u00bb&#8230; Situaci\u00f3n que ya hasta molest\u00f3 a Cuitl\u00e1huac Garc\u00eda&#8230; Ya que no hay d\u00eda que no tenga queja del mal funcionamiento del organismo y de la propia Auditor General&#8230; Hasta los aliados se quejan de ella&#8230;<\/p>\n<p>&nbsp;<br \/>\n<a href=\"https:\/\/www.facebook.com\/notaria61veracruz\/\"><img decoding=\"async\" src=\"http:\/\/www.lospoliticosveracruz.com.mx\/wp-content\/uploads\/2020\/07\/CINTILLO-Armando.jpg\" alt=\"\" \/><\/a><br \/>\n&nbsp;<\/p>\n<p>Por eso, al parecer, ALGUIEN muy poderoso en CDMX con vecindad en Xalapa, recomend\u00f3 el regreso de Mariani al organismo, del cual fue el titular en tiempos de Miguel Alem\u00e1n Velasco como gobernador y termin\u00f3 siendo criticado en el sexenio de Fidel Herrera Beltr\u00e1n, por presuntos manejos tambi\u00e9n poco claros en el ORFIS&#8230;. Que hasta hizo famosa la frase: \u00abEl rico no soy yo, es la familia de mi esposa\u00bb&#8230; Por ello, es raro su presunto retorno&#8230; Hasta el momento, no han hecho nada oficial&#8230; ASESOR ESTRELLA&#8230;<br \/>\nSin embargo, al parecer, Mariani Ochoa no ser\u00eda \u00fanico ente del pasado que regresar\u00eda a la dependencia&#8230; Ya que tambi\u00e9n Delia Gonz\u00e1lez est\u00e1 recontratando a pol\u00edticos que tuvieron mucha cercan\u00eda y poder con Fidel Herrera y Javier Duarte&#8230; Como lo es la ex titular de Espacios Educativos de la SEP, Karime Aguilera Landeta, qui\u00e9n ya tambi\u00e9n, ah\u00ed anda colaborando en el ORFIS&#8230; Lo dicho, los pol\u00edticos se reciclan&#8230; Lo \u00fanico que necesitan en Veracruz, en los \u00faltimos a\u00f1os, es ser anti panista para entrar a este nuevo sistema morenista&#8230; Y AUN HAY M\u00c1S&#8230;<br \/>\nPero ese no es el \u00fanico problema que se tiene en el ORFIS&#8230; Ya que hay una escasez de empleados en los \u00faltimos dos meses porque se han enfermado casi el 50 por ciento de los que ah\u00ed laboran de COVID-19&#8230; Y, eso que s\u00f3lo iban de guardia&#8230; Pero aun as\u00ed la pandemia peg\u00f3 muy duro en esta dependencia y el grave problema, de los cuales, se han quejado los empleados de base de este edificio, que s\u00f3lo han sanitizado las oficinas principales&#8230; El resto no lo ha sido, por eso el \u00abbicho\u00bb contin\u00faa haciendo estragos&#8230;<br \/>\nSituaci\u00f3n que ha sido informado por el propio gremio en este organismo y no se han tomado las medidas sanitarias pertinentes&#8230; Ya que son muchas personas, las que llegan a este sitio ha realizar tr\u00e1mites y no se sabe, si alguno de ellos traiga el virus o este enfermo y sea asintom\u00e1tico&#8230; El caso es que gran parte de su personal ha enfermado y algunos han sido de gravedad&#8230; Pero si contin\u00faan sin sanitizar, llegar\u00e1 diciembre y no van a dejar de presentarse m\u00e1s casos .. As\u00ed las cosas&#8230;<\/p>\n<p>\u00abLA CARGADA\u00bb DE MARIO DELGADO&#8230; Muchos consideran en MORENA que Mario Delgado Carrillo, diputado federal, coordinador de este grupo legislativo en el Congreso de la Uni\u00f3n, por ende Presidente de la Junta de Coordinaci\u00f3n Pol\u00edtica en la c\u00e1mara de diputados, cercano a \u00abMarchello\u00bb Ebrard&#8230; Es uno de los pol\u00edticos m\u00e1s ricos del sistema de este partido en el poder&#8230; Y que ahora pretende dirigirlo en M\u00e9xico&#8230;. Dinero le sobra, \u00abcargada\u00bb de legisladores tambi\u00e9n&#8230; MORENA con \u00e9l ser\u00eda: PRESIDENTE RICO CON PUEBLO POBRE&#8230; \u00bfO NO?&#8230;<br \/>\nCon Mario Delgado, la \u00abausteridad republicana\u00bb, no existe&#8230; S\u00f3lo hay que tenerlo cerca para ver como cuida su imagen y lo que debe gastar para que no se le mueva, ni un cabello&#8230; P\u00fablicas son sus consultas en hospitales exclusivos de CDMX para cuidar su salud&#8230; Qu\u00e9 INSABI, que ISSSTE&#8230; El va al ABC de Santa Fe, \u00bfAcaso hay otro?&#8230; POL\u00cdTICO RICO Y PUEBLO POBRE&#8230; Pero es el candidato del \u00ablopezobradorismo\u00bb para que se quede en la presidencia de MORENA&#8230; Al estilo del viejo PRI&#8230;. EL DEDAZO&#8230;<br \/>\nAs\u00ed que esos actos proselitistas para buscar la dirigencia nacional que realiza Delgado, distan muchos de ser austeros, eventos en hoteles, traslados, comidas con ricas viandas (dr\u00eda el vecino Timoteo), es parte de su vida, donde s\u00f3lo acuden los Morenistas de \u00abalta alcurnia\u00bb, diputados federales, locales y todos aquellos que dicen ser pueblo pero son \u00abFiFis\u00bb, mientras la real militancia, los que votaron por AMLO&#8230; Ah\u00ed andan deambulando por las calles, buscando como sobrevivir al Coronavirus y a la crisis econ\u00f3mica&#8230; PUEBLO POBRE&#8230;<br \/>\nAdem\u00e1s estas acciones de Mario Delgado no son de ahora&#8230; En su campa\u00f1a al senado, cuando Marchello, no lo pudo imponer como su sucesor en la Jefatura de Gobierno en CDMX, se le dio como premio de \u00abconsolaci\u00f3n\u00bb el Senado en 2012&#8230; Donde fue evidente la cantidad de recursos gastados en esa campa\u00f1a, donde ten\u00eda como invitada a la actriz, Ninel Conde, quien le abr\u00eda sus eventos&#8230; Pero era perredista, por eso se le \u00abperdona\u00bb&#8230; Del 2012 al 2020 ahora con MORENA nada ha cambiado&#8230; Y el \u00abpiso parejo\u00bb que le pide, Alejandro Rojas, vale \u00abmayes\u00bb<br \/>\nEN RESUMEN&#8230; Ayer estuvo en Veracruz de gira&#8230; Tuvo el \u00abapoyo\u00bb de los diputados federales,. \u00abLa cargada\u00bb al estilo PRI&#8230; Tuvo sus \u00abLord Mol\u00e9culas\u00bb , que le hicieron preguntas a modo&#8230; S\u00f3lo se dedico a decir lo mismo que dice AMLO sobre la corrupci\u00f3n y \u00abconservadores\u00bb&#8230; Prometi\u00f3 \u00ablealtad a ciegas\u00bb a AMLO&#8230; No habl\u00f3 de un proyecto incluyente y de hacer crecer a MORENA, de criticar a los malos gobiernos de su partido&#8230; En pocas palabras.. escuchen la \u00abma\u00f1anera\u00bb y es lo mismo que dijo Mario Delgado.. SIN COMENTARIOS&#8230; AMEN..<\/p>\n<p>PD&#8230; El tema APIVER y su \u00abrequisa\u00bb al Consejo Administraci\u00f3n lo har\u00e1n por el lado ambiental&#8230; Ya que pol\u00edticamente se les sali\u00f3 de las manos al gobierno federal&#8230; Sin embargo, por el caso ambiental tienen toda las de ganar&#8230; Al requerir a las empresas portuarias que dieron servicio al recinto en 20 a\u00f1os y echaron toda sus desechos a sitio inadecuado utilizado como basurero&#8230; Por ah\u00ed los van a trabar&#8230; No hay vuelta de hoja&#8230; Un orden de Palacio Nacional que se cumple en Palacio de Gobierno&#8230; AMEN&#8230;<\/p>\n","protected":false},"excerpt":{"rendered":"<p>Ricardo Ch\u00faa Sale y Vale ORFIS, BAJO LUPA&#8230; Al parecer la presunta incorporaci\u00f3n de Rene Mariani Ochoa,. de nuevo, al \u00d3rgano de Fiscalizaci\u00f3n Superior (ORFIS), como asesor de la titular, Delia Gonz\u00e1lez Cobos&#8230; No es precisamente para que venga a reforzar a su equipo&#8230; M\u00e1s bien para \u00absalvarlo\u00bb&#8230; Situaci\u00f3n que ya hasta molest\u00f3 a Cuitl\u00e1huac [&hellip;]<\/p>\n","protected":false},"author":2,"featured_media":0,"comment_status":"open","ping_status":"open","sticky":false,"template":"","format":"standard","meta":{"_jetpack_newsletter_access":"","_jetpack_dont_email_post_to_subs":false,"_jetpack_newsletter_tier_id":0,"_jetpack_memberships_contains_paywalled_content":false,"_jetpack_memberships_contains_paid_content":false,"footnotes":""},"categories":[70],"tags":[1681,10282,15181,21702,21703,21705,20170,1026,135,1947,266,16929,251,10279,21704],"class_list":["post-61471","post","type-post","status-publish","format-standard","hentry","category-de-opinion","tag-cuitlahuac-garcia","tag-dedazo","tag-delia-gonzalez-cobos","tag-karime-aguilera-landeta","tag-los-politicos-se-reciclan","tag-marchello-ebrard","tag-mario-delgado-carrillo","tag-morena","tag-orfis","tag-organo-de-fiscalizacion-superior","tag-pan","tag-pandemia","tag-pri","tag-rene-mariani-ochoa","tag-sin-sanitizar"],"jetpack_featured_media_url":"","jetpack_sharing_enabled":true,"jetpack_shortlink":"https:\/\/wp.me\/p4Qcd3-fZt","_links":{"self":[{"href":"https:\/\/lospoliticosveracruz.com.mx\/index.php?rest_route=\/wp\/v2\/posts\/61471","targetHints":{"allow":["GET"]}}],"collection":[{"href":"https:\/\/lospoliticosveracruz.com.mx\/index.php?rest_route=\/wp\/v2\/posts"}],"about":[{"href":"https:\/\/lospoliticosveracruz.com.mx\/index.php?rest_route=\/wp\/v2\/types\/post"}],"author":[{"embeddable":true,"href":"https:\/\/lospoliticosveracruz.com.mx\/index.php?rest_route=\/wp\/v2\/users\/2"}],"replies":[{"embeddable":true,"href":"https:\/\/lospoliticosveracruz.com.mx\/index.php?rest_route=%2Fwp%2Fv2%2Fcomments&post=61471"}],"version-history":[{"count":1,"href":"https:\/\/lospoliticosveracruz.com.mx\/index.php?rest_route=\/wp\/v2\/posts\/61471\/revisions"}],"predecessor-version":[{"id":61473,"href":"https:\/\/lospoliticosveracruz.com.mx\/index.php?rest_route=\/wp\/v2\/posts\/61471\/revisions\/61473"}],"wp:attachment":[{"href":"https:\/\/lospoliticosveracruz.com.mx\/index.php?rest_route=%2Fwp%2Fv2%2Fmedia&parent=61471"}],"wp:term":[{"taxonomy":"category","embeddable":true,"href":"https:\/\/lospoliticosveracruz.com.mx\/index.php?rest_route=%2Fwp%2Fv2%2Fcategories&post=61471"},{"taxonomy":"post_tag","embeddable":true,"href":"https:\/\/lospoliticosveracruz.com.mx\/index.php?rest_route=%2Fwp%2Fv2%2Ftags&post=61471"}],"curies":[{"name":"wp","href":"https:\/\/api.w.org\/{rel}","templated":true}]}}