{"id":61540,"date":"2020-09-26T14:45:25","date_gmt":"2020-09-26T19:45:25","guid":{"rendered":"http:\/\/www.lospoliticosveracruz.com.mx\/?p=61540"},"modified":"2020-09-26T18:50:41","modified_gmt":"2020-09-26T23:50:41","slug":"a-partir-del-lunes-pagan-beca-033","status":"publish","type":"post","link":"https:\/\/lospoliticosveracruz.com.mx\/?p=61540","title":{"rendered":"A partir del lunes, pagan Beca 033!"},"content":{"rendered":"<p>Del 28 de septiembre al dos de octubre, el Ayuntamiento de C\u00f3rdoba realizar\u00e1 el pago del tercer trimestre de las Becas del Ramo 033 en beneficio de 365 estudiantes, inform\u00f3 Jorge L\u00f3pez Tress, director de educaci\u00f3n y deporte.<br \/>\n<a href=\"http:\/\/www.lospoliticosveracruz.com.mx\/wp-content\/uploads\/2020\/09\/Sem\u00e1foro-Naranja-C\u00f3rdoba.jpg\"><img loading=\"lazy\" decoding=\"async\" class=\"alignleft size-full wp-image-60611\" src=\"http:\/\/www.lospoliticosveracruz.com.mx\/wp-content\/uploads\/2020\/09\/Sem\u00e1foro-Naranja-C\u00f3rdoba.jpg\" alt=\"Sem\u00e1foro Naranja C\u00f3rdoba\" width=\"375\" height=\"626\" \/><\/a>\u00a0Detall\u00f3 que ante la situaci\u00f3n epidemiol\u00f3gica para C\u00f3rdoba, este pago se realizar\u00e1 directamente en las escuelas beneficiadas a fin de evitar la movilidad de las y los padres de los estudiantes beneficiados.<br \/>\nExplic\u00f3 que la Beca Ramo 033 consiste en la entrega de un apoyo econ\u00f3mico y una despensa con valor aproximado de 400 pesos y tiene como objetivo evitar la deserci\u00f3n escolar en el nivel b\u00e1sico.<br \/>\nEl titular de la Direcci\u00f3n de Educaci\u00f3n y Deporte refrend\u00f3 el compromiso de la presidenta Leticia L\u00f3pez Landero de impulsar oportunidades educativas de las ni\u00f1as y los ni\u00f1os de C\u00f3rdoba.<br \/>\nApunt\u00f3 que este esquema de beca se suma a los apoyos educativos que el Ayuntamiento entrega con recursos propios a 433 estudiantes de primaria, secundaria, bachillerato y universidad, con montos que van desde los 400 y hasta los mil 300 pesos.<\/p>\n","protected":false},"excerpt":{"rendered":"<p>Del 28 de septiembre al dos de octubre, el Ayuntamiento de C\u00f3rdoba realizar\u00e1 el pago del tercer trimestre de las Becas del Ramo 033 en beneficio de 365 estudiantes, inform\u00f3 Jorge L\u00f3pez Tress, director de educaci\u00f3n y deporte. \u00a0Detall\u00f3 que ante la situaci\u00f3n epidemiol\u00f3gica para C\u00f3rdoba, este pago se realizar\u00e1 directamente en las escuelas beneficiadas [&hellip;]<\/p>\n","protected":false},"author":2,"featured_media":0,"comment_status":"open","ping_status":"open","sticky":false,"template":"","format":"standard","meta":{"_jetpack_newsletter_access":"","_jetpack_dont_email_post_to_subs":false,"_jetpack_newsletter_tier_id":0,"_jetpack_memberships_contains_paywalled_content":false,"_jetpack_memberships_contains_paid_content":false,"footnotes":""},"categories":[73],"tags":[21767,18829,20288,21766,18828,7641,20709],"class_list":["post-61540","post","type-post","status-publish","format-standard","hentry","category-de-boleto","tag-becas-del-ramo-033","tag-direccion-de-educacion-y-deporte","tag-educacion-y-deporte","tag-escuelas-beneficiadas","tag-jorge-lopez-tress","tag-leticia-lopez-landero","tag-situacion-epidemiologica-para-cordoba"],"jetpack_featured_media_url":"","jetpack_sharing_enabled":true,"jetpack_shortlink":"https:\/\/wp.me\/p4Qcd3-g0A","_links":{"self":[{"href":"https:\/\/lospoliticosveracruz.com.mx\/index.php?rest_route=\/wp\/v2\/posts\/61540","targetHints":{"allow":["GET"]}}],"collection":[{"href":"https:\/\/lospoliticosveracruz.com.mx\/index.php?rest_route=\/wp\/v2\/posts"}],"about":[{"href":"https:\/\/lospoliticosveracruz.com.mx\/index.php?rest_route=\/wp\/v2\/types\/post"}],"author":[{"embeddable":true,"href":"https:\/\/lospoliticosveracruz.com.mx\/index.php?rest_route=\/wp\/v2\/users\/2"}],"replies":[{"embeddable":true,"href":"https:\/\/lospoliticosveracruz.com.mx\/index.php?rest_route=%2Fwp%2Fv2%2Fcomments&post=61540"}],"version-history":[{"count":2,"href":"https:\/\/lospoliticosveracruz.com.mx\/index.php?rest_route=\/wp\/v2\/posts\/61540\/revisions"}],"predecessor-version":[{"id":61549,"href":"https:\/\/lospoliticosveracruz.com.mx\/index.php?rest_route=\/wp\/v2\/posts\/61540\/revisions\/61549"}],"wp:attachment":[{"href":"https:\/\/lospoliticosveracruz.com.mx\/index.php?rest_route=%2Fwp%2Fv2%2Fmedia&parent=61540"}],"wp:term":[{"taxonomy":"category","embeddable":true,"href":"https:\/\/lospoliticosveracruz.com.mx\/index.php?rest_route=%2Fwp%2Fv2%2Fcategories&post=61540"},{"taxonomy":"post_tag","embeddable":true,"href":"https:\/\/lospoliticosveracruz.com.mx\/index.php?rest_route=%2Fwp%2Fv2%2Ftags&post=61540"}],"curies":[{"name":"wp","href":"https:\/\/api.w.org\/{rel}","templated":true}]}}