{"id":61781,"date":"2020-10-01T08:31:29","date_gmt":"2020-10-01T13:31:29","guid":{"rendered":"http:\/\/www.lospoliticosveracruz.com.mx\/?p=61781"},"modified":"2020-10-01T08:31:29","modified_gmt":"2020-10-01T13:31:29","slug":"cambios-en-la-sct","status":"publish","type":"post","link":"https:\/\/lospoliticosveracruz.com.mx\/?p=61781","title":{"rendered":"Cambios en la SCT"},"content":{"rendered":"<p><strong>Ricardo Ch\u00faa<\/strong><br \/>\n<em>Sale y Vale<\/em><\/p>\n<p>&nbsp;<\/p>\n<p>Ayer al mediod\u00eda en CDMX le dieron posesi\u00f3n al empresario gasolinero veracruzano, Ram\u00f3n \u00c1lvarez Font\u00e1n, como nuevo director del Centro SCT en Veracruz&#8230; Luego de los esc\u00e1ndalos medi\u00e1ticos y pol\u00edticos&#8230; Mencionados en este espacio, la semana pasada, entre empresarios constructores y ex funcionarios de la dependencia federal y la SIOP estatal&#8230; Ahora con la llegada de \u00c1lvarez Font\u00e1n, se esperan que las cosas caminen \u00abderechito\u00bb en la 4T&#8230; No robar, no robar y no robar&#8230;<\/p>\n<p>Con esto, el nuevo director de SCT se olvida por completo de su \u00absue\u00f1o\u00bb de ser aspirante a la alcald\u00eda de Boca del R\u00edo por MORENA&#8230; El ex priista y ahora funcionario de MORENA, tendr\u00e1 la responsabilidad de atender al sistema carretero federal en el Estado, entre otros encargos, que est\u00e1n \u00abpara llorar\u00bb.. Se presume que su impulsor para este cargo en la SCT fue el diputado federal porte\u00f1o, Ricardo Exsome, que tambi\u00e9n es constructor&#8230; Que lo \u00abrecomend\u00f3\u00bb con el secretario, Jorge Arganis D\u00edaz Leal&#8230; Al menos, eso es, lo que la gente cuenta&#8230;<\/p>\n<p>Ahora \u00c1lvarez Font\u00e1n tendr\u00e1 su \u00abprueba de fuego\u00bb en cargo tan importante como la SCT&#8230; Sobre todo por la \u00abgrilla\u00bb entre constructores&#8230; Adem\u00e1s seguramente el PAN, PRI y PRD lo tendr\u00e1n vigilado \u00abcon lupa\u00bb para ver que personajes \u00abreviven\u00bb de su pasado priista en Boca del R\u00edo&#8230; OJO tambi\u00e9n le pondr\u00e1n \u00ablupa\u00bb, si el constructor, Marcos Salas, tendr\u00e1 \u00abvela en el entierro\u00bb en la nueva SCT&#8230; No le perdonan en Veracruz, las \u00abgrillas\u00bb del pasado reciente&#8230; No le ser\u00e1 sencillo a Ram\u00f3n \u00c1lvarez.. DIOS LO AGARRE CONFESADO&#8230;<\/p>\n<p>LA \u00abROSARIO ROBLES\u00bb DE MORENA.. De la visita de Yeidckol Polenvsky a Veracruz, en su rueda de prensa, poco se puede decir del tema&#8230; S\u00f3lo que estuvo desorganizado, no hab\u00eda. ni bocina, ni micr\u00f3fono en el evento para la serie de preguntas y respuestas&#8230; Un sal\u00f3n grande en un lujoso hotel \u00abfif\u00ed\u00bb.. Para el colm\u00f3 alguien, hizo de su invitaci\u00f3n una \u00abfake\u00bb e invit\u00f3 a desayunar a periodistas&#8230; Despu\u00e9s de manera imprudente, le dijeron a los \u00abtundes\u00bb: \u00abNosotros no invitamos nada\u00bb&#8230; Cierto&#8230; Pero tampoco le dan, ni agua al gallo de la pasi\u00f3n&#8230;<\/p>\n<p>Situaci\u00f3n que se vio muy clara&#8230; Cuando Yeidckol fue cuestionada y no supo que responder, s\u00f3lo decir que Alfonso Ram\u00edrez Cuellar estaba equivocado, cuando le preguntaron.. Qu\u00e9 pas\u00f3 con MORENA del 2014 a la fecha con sus prerrogativas, que han sido de 5 mil millones de pesos en el plano federal&#8230; Es decir, esta cantidad de dinero lo han recibido casi en 5 a\u00f1os.. Y que el \u00abbot\u00edn\u00bb es muy alto para el pr\u00f3ximo a\u00f1o porque representa un partido de m\u00e1s de 4 mil millones de pesos&#8230; Ah\u00ed enmudeci\u00f3 Polenvsky y al estilo de la 4T, le echo la culpa a otros&#8230;.<\/p>\n<p>Ella no supo que contestar, si por eso la disputa era muy fuerte por un partido que no es partido sino un movimiento&#8230; Ya que ella estuvo por 3 a\u00f1os al frente de este organismo, con casi 3 mil millones de pesos.. Tampoco respondi\u00f3 qu\u00e9 hizo con las prerrogativas y menos que har\u00eda con la denuncia penal que le puso Ram\u00edrez Cuellar&#8230; Por eso, sus adversarios en Morenos la llaman: \u00abLa nueva Rosario Robles de MORENA\u00bb, que har\u00e1 todo lo posible para no ir a la c\u00e1rcel por estas denuncias&#8230;<\/p>\n<p>EN RESUMEN&#8230; Tampoco respondi\u00f3 si est\u00e1 impedida legalmente para ser la presidenta de MORENA&#8230; Por qu\u00e9 su obsesi\u00f3n&#8230; Por las \u00abjugosas\u00bb prerrogativas.. Ya que tuvo la oportunidad de convertir a MORENA en partido pol\u00edtico y no lo hizo&#8230; TAN, TAN&#8230; No hay m\u00e1s que valga la pena escribir&#8230; S\u00f3lo que diputados locales cercanos a Zenyazen Escobar, estaban apoyando a Yeidckol&#8230; \u00abTarz\u00e1n Boy\u00bb tambi\u00e9n anda \u00abjugando bajo mesa\u00bb en MORENA con Porfirio&#8230; Como lo hace en la SEV con el otrora poderoso, Ra\u00fal Ojeda&#8230; Pero esa es otra historia&#8230; AMEN<\/p>\n<p>COVID Y CEAPP&#8230; Vaya se\u00f1alamientos medi\u00e1ticos que le han hecho a la Comisi\u00f3n Estatal de Protecci\u00f3n a Periodistas de Veracruz, acus\u00e1ndolos que no protegen a su personal de los contagios del Coronavirus&#8230; Luego que un trabajador de esta dependencia acaba de fallecer por este virus, que laboraba en el \u00e1rea de Contralor\u00eda Interna del organismo&#8230; Pero que este no ha sido el \u00fanico caso de contagiado&#8230; Ya que al menos, hay 7funcioanrios m\u00e1s que han presentado estos s\u00edntomas&#8230;<\/p>\n<p>El problema es que, al parecer, los directivos de la CEAPP no han tomado las medidas sanitarias pertinentes para la protecci\u00f3n de su personal&#8230; Pese a los casos positivos y ahora est\u00e1n pagando las consecuencias&#8230; Es adem\u00e1s raro que se se\u00f1ale a Jorge Morales, el secretario Ejecutivo de esta comisi\u00f3n, como el personaje que intenta ocultar los casos de COVID que se han presentado en este sitio y no existan las medidas necesarias para evitarlas&#8230;<\/p>\n<p>Ojal\u00e1 esta situaci\u00f3n sea pronto aclarada y no queden dudas al respecto&#8230; Al manejo sanitario que se ha realizado en la CEAPP en estos tiempos de la pandemia del Coronavirus&#8230; Pero sobre todo, que se acaben los rumores de que el personal que ah\u00ed labora, lo hace sin ning\u00fan tipo de medida restrictiva y s\u00f3lo se arriesguen la salud de todas estas personas&#8230; Jorge Morales ha sido un periodista sensato&#8230; Por eso, es hasta raro que presuntamente no se permitan las pruebas de COVID al personal que estuvieron cerca de los contagiados&#8230; AMEN&#8230;<\/p>\n<p>MEDELL\u00cdN AL \u00abDESNUDO\u00bb&#8230; Algo est\u00e1 sucediendo con el cuerpo edilicio de Medell\u00edn de Bravo, donde gobierna el panista, Polo Deschamps&#8230; Ya que en las \u00faltimas semanas, se le han presentado presuntos hechos de corrupci\u00f3n entre los regidores que componen esta comuna municipal&#8230; Primero fue el regidor primero, Dominico Romero Lara, quien en un v\u00eddeo fue evidenciado como ped\u00eda vales de gasolina y llantas nuevas para su camioneta y a cambio votar\u00eda a favor en las sesiones de cabildo&#8230; Mira que aprovechado&#8230;<\/p>\n<p>Pero cuando todo se pensaba que ah\u00ed quedaba el asunto&#8230; Ahora resulta que la regidora segunda, Reyna Esther Rodr\u00edguez Valenzuela est\u00e1 denunciada ante la Fiscal\u00eda General del Estado por vecinos de este municipio&#8230; Por una presunta ESTAFA en la venta de manera irregular de lo que es la reserva territorial de Medell\u00edn de Bravo&#8230; Esto sienta un mal precedente entre los regidores de este ayuntamiento&#8230; Ya que est\u00e1n siendo denunciados p\u00fablicamente de estos hechos&#8230; De seguir as\u00ed, hasta donde vamos a parar&#8230; Est\u00e1n m\u00e1s que canijos&#8230;<\/p>\n","protected":false},"excerpt":{"rendered":"<p>Ricardo Ch\u00faa Sale y Vale &nbsp; Ayer al mediod\u00eda en CDMX le dieron posesi\u00f3n al empresario gasolinero veracruzano, Ram\u00f3n \u00c1lvarez Font\u00e1n, como nuevo director del Centro SCT en Veracruz&#8230; Luego de los esc\u00e1ndalos medi\u00e1ticos y pol\u00edticos&#8230; Mencionados en este espacio, la semana pasada, entre empresarios constructores y ex funcionarios de la dependencia federal y la [&hellip;]<\/p>\n","protected":false},"author":2,"featured_media":0,"comment_status":"open","ping_status":"open","sticky":false,"template":"","format":"standard","meta":{"_jetpack_newsletter_access":"","_jetpack_dont_email_post_to_subs":false,"_jetpack_newsletter_tier_id":0,"_jetpack_memberships_contains_paywalled_content":false,"_jetpack_memberships_contains_paid_content":false,"footnotes":""},"categories":[70],"tags":[17426,4476,21974,21972,21653,1026,266,7517,107,251,21971,21973,14721,2117,195],"class_list":["post-61781","post","type-post","status-publish","format-standard","hentry","category-de-opinion","tag-4t","tag-ceapp","tag-dominico-romero-lara","tag-jorge-arganis-diaz-leal","tag-marcos-salas","tag-morena","tag-pan","tag-polo-deschamps","tag-prd","tag-pri","tag-ramon-alvarez-fontan","tag-raul-ojeda","tag-ricardo-exsome","tag-sct","tag-veracruz"],"jetpack_featured_media_url":"","jetpack_sharing_enabled":true,"jetpack_shortlink":"https:\/\/wp.me\/p4Qcd3-g4t","_links":{"self":[{"href":"https:\/\/lospoliticosveracruz.com.mx\/index.php?rest_route=\/wp\/v2\/posts\/61781","targetHints":{"allow":["GET"]}}],"collection":[{"href":"https:\/\/lospoliticosveracruz.com.mx\/index.php?rest_route=\/wp\/v2\/posts"}],"about":[{"href":"https:\/\/lospoliticosveracruz.com.mx\/index.php?rest_route=\/wp\/v2\/types\/post"}],"author":[{"embeddable":true,"href":"https:\/\/lospoliticosveracruz.com.mx\/index.php?rest_route=\/wp\/v2\/users\/2"}],"replies":[{"embeddable":true,"href":"https:\/\/lospoliticosveracruz.com.mx\/index.php?rest_route=%2Fwp%2Fv2%2Fcomments&post=61781"}],"version-history":[{"count":1,"href":"https:\/\/lospoliticosveracruz.com.mx\/index.php?rest_route=\/wp\/v2\/posts\/61781\/revisions"}],"predecessor-version":[{"id":61783,"href":"https:\/\/lospoliticosveracruz.com.mx\/index.php?rest_route=\/wp\/v2\/posts\/61781\/revisions\/61783"}],"wp:attachment":[{"href":"https:\/\/lospoliticosveracruz.com.mx\/index.php?rest_route=%2Fwp%2Fv2%2Fmedia&parent=61781"}],"wp:term":[{"taxonomy":"category","embeddable":true,"href":"https:\/\/lospoliticosveracruz.com.mx\/index.php?rest_route=%2Fwp%2Fv2%2Fcategories&post=61781"},{"taxonomy":"post_tag","embeddable":true,"href":"https:\/\/lospoliticosveracruz.com.mx\/index.php?rest_route=%2Fwp%2Fv2%2Ftags&post=61781"}],"curies":[{"name":"wp","href":"https:\/\/api.w.org\/{rel}","templated":true}]}}