{"id":61830,"date":"2020-10-02T11:16:37","date_gmt":"2020-10-02T16:16:37","guid":{"rendered":"http:\/\/www.lospoliticosveracruz.com.mx\/?p=61830"},"modified":"2020-10-02T11:30:39","modified_gmt":"2020-10-02T16:30:39","slug":"peli-de-terror-desaparecer-fideicomisos-polanco","status":"publish","type":"post","link":"https:\/\/lospoliticosveracruz.com.mx\/?p=61830","title":{"rendered":"Peli de terror, desaparecer fideicomisos: Polanco"},"content":{"rendered":"<p>&nbsp;<\/p>\n<p>El joven cineasta veracruzano, Miguel \u00c1ngel Polanco, pidi\u00f3 a diputados federales veracruzanos rechazar la \u00abobediencia a ciegas\u00bb y votar en contra de la desaparici\u00f3n de fideicomisos, especialmente el destinado a apoyar al cine mexicano.<br \/>\n\u00abNos queda claro que las prioridades de este gobierno son otras , como trenes ecocidas, refiner\u00edas inservibles, pero creo que es un momento para la reflexi\u00f3n, porque cosas como el cine pueden contribuir de mejor manera como un activo econ\u00f3mico de nuestro pa\u00eds, si se le presta la atenci\u00f3n debida \u00ab.<br \/>\nEn ese sentido, denunci\u00f3 que una vez es la ignorancia el sello que caracteriza la labor legislativa de los diputados de MORENA que buscan desaparecer los fideicomisos, espec\u00edficamente el de FIDECINE.<br \/>\n\u00abEs importante decir que se trata del est\u00edmulo proveniente de la Federaci\u00f3n que abarca todo el espectro f\u00edlmico, de la concepci\u00f3n hasta la distribuci\u00f3n\u00bb .<br \/>\nPor lo que eliminarlo ser\u00eda cerrar ese est\u00edmulo que tienen los creadores \u00abaqu\u00ed lo importante ser\u00eda evaluar los panoramas que abrir\u00eda su desaparici\u00f3n.<br \/>\nEl cineasta veracruzano, precis\u00f3 que la Federaci\u00f3n tiene obligaci\u00f3n de apoyar la cultura, documentarla \u00aby se les hace un llamado a los diputados federales, por lo menos a los de Veracruz, y ejerzan la acci\u00f3n de representarnos dignamente y no cometan este error tan grande en detrimento de la cinematograf\u00eda nacional.\u00bb<br \/>\nEl Fondo de Inversi\u00f3n y Est\u00edmulos al Cine (Fidecine), est\u00e1 por extinguirse debido al plan de austeridad del presidente Andr\u00e9s Manuel L\u00f3pez Obrador.<br \/>\nMiguel \u00c1ngel Polanco, actualmente desarrolla La Cura, producci\u00f3n original veracruzana\u00a0que ser\u00e1 filmada en Xalapa.<\/p>\n","protected":false},"excerpt":{"rendered":"<p>&nbsp; El joven cineasta veracruzano, Miguel \u00c1ngel Polanco, pidi\u00f3 a diputados federales veracruzanos rechazar la \u00abobediencia a ciegas\u00bb y votar en contra de la desaparici\u00f3n de fideicomisos, especialmente el destinado a apoyar al cine mexicano. \u00abNos queda claro que las prioridades de este gobierno son otras , como trenes ecocidas, refiner\u00edas inservibles, pero creo que [&hellip;]<\/p>\n","protected":false},"author":2,"featured_media":0,"comment_status":"open","ping_status":"open","sticky":false,"template":"","format":"standard","meta":{"_jetpack_newsletter_access":"","_jetpack_dont_email_post_to_subs":false,"_jetpack_newsletter_tier_id":0,"_jetpack_memberships_contains_paywalled_content":false,"_jetpack_memberships_contains_paid_content":false,"footnotes":""},"categories":[6446],"tags":[618,22021,22019,22020,21824,21823,22024,22018,1026,22017,22023,22022],"class_list":["post-61830","post","type-post","status-publish","format-standard","hentry","category-la-nota","tag-andres-manuel-lopez-obrador","tag-cine-mexicano","tag-cineasta-veracruzano","tag-desaparicion-de-fideicomisos","tag-diputados-de-morena","tag-fidecine","tag-la-cura","tag-miguel-angel-polanco","tag-morena","tag-obediencia-a-ciegas","tag-refinerias-inservibles","tag-trenes-ecocidas"],"jetpack_featured_media_url":"","jetpack_sharing_enabled":true,"jetpack_shortlink":"https:\/\/wp.me\/p4Qcd3-g5g","_links":{"self":[{"href":"https:\/\/lospoliticosveracruz.com.mx\/index.php?rest_route=\/wp\/v2\/posts\/61830","targetHints":{"allow":["GET"]}}],"collection":[{"href":"https:\/\/lospoliticosveracruz.com.mx\/index.php?rest_route=\/wp\/v2\/posts"}],"about":[{"href":"https:\/\/lospoliticosveracruz.com.mx\/index.php?rest_route=\/wp\/v2\/types\/post"}],"author":[{"embeddable":true,"href":"https:\/\/lospoliticosveracruz.com.mx\/index.php?rest_route=\/wp\/v2\/users\/2"}],"replies":[{"embeddable":true,"href":"https:\/\/lospoliticosveracruz.com.mx\/index.php?rest_route=%2Fwp%2Fv2%2Fcomments&post=61830"}],"version-history":[{"count":3,"href":"https:\/\/lospoliticosveracruz.com.mx\/index.php?rest_route=\/wp\/v2\/posts\/61830\/revisions"}],"predecessor-version":[{"id":61834,"href":"https:\/\/lospoliticosveracruz.com.mx\/index.php?rest_route=\/wp\/v2\/posts\/61830\/revisions\/61834"}],"wp:attachment":[{"href":"https:\/\/lospoliticosveracruz.com.mx\/index.php?rest_route=%2Fwp%2Fv2%2Fmedia&parent=61830"}],"wp:term":[{"taxonomy":"category","embeddable":true,"href":"https:\/\/lospoliticosveracruz.com.mx\/index.php?rest_route=%2Fwp%2Fv2%2Fcategories&post=61830"},{"taxonomy":"post_tag","embeddable":true,"href":"https:\/\/lospoliticosveracruz.com.mx\/index.php?rest_route=%2Fwp%2Fv2%2Ftags&post=61830"}],"curies":[{"name":"wp","href":"https:\/\/api.w.org\/{rel}","templated":true}]}}