{"id":61835,"date":"2020-10-02T13:48:42","date_gmt":"2020-10-02T18:48:42","guid":{"rendered":"http:\/\/www.lospoliticosveracruz.com.mx\/?p=61835"},"modified":"2020-10-02T13:48:42","modified_gmt":"2020-10-02T18:48:42","slug":"anuncian-marcha-por-la-vida","status":"publish","type":"post","link":"https:\/\/lospoliticosveracruz.com.mx\/?p=61835","title":{"rendered":"Anuncian marcha por la vida"},"content":{"rendered":"<p>&nbsp;<\/p>\n<p>El Frente Nacional por la Familia (FNF), anunci\u00f3 una marcha -con la sana distancia- para este s\u00e1bado en la capital del estado para dejar en claro su rechazo en contra de la despenalizaci\u00f3n del aborto.<br \/>\nLa caravana iniciar\u00e1 a partir de las 11 horas del Teatro del estado, por lo que convocan a la sociedad a sumarse a esta movilizaci\u00f3n.<br \/>\nLa vicepresidenta del Frente Nacional por la Familia, Ethel Gonz\u00e1lez Polo, dijo que es necesario ante los reiterados intentos del Gobierno Federal, diversos diputados locales y federales, as\u00ed como de violentos grupos \u00abextremistas\u00bb, por legalizar el homicidio de los m\u00e1s indefensos.<br \/>\nNo obstante, aclar\u00f3 que el Frente Nacional por la Familia, respetan el derecho de las mujeres para decidir sobre su cuerpo, pero no sobre un cuerpo y la vida de un tercero, aunque est\u00e9 dentro de su vientre, \u00abporque no es su cuerpo, no es su vida\u00bb.<\/p>\n","protected":false},"excerpt":{"rendered":"<p>&nbsp; El Frente Nacional por la Familia (FNF), anunci\u00f3 una marcha -con la sana distancia- para este s\u00e1bado en la capital del estado para dejar en claro su rechazo en contra de la despenalizaci\u00f3n del aborto. La caravana iniciar\u00e1 a partir de las 11 horas del Teatro del estado, por lo que convocan a la [&hellip;]<\/p>\n","protected":false},"author":2,"featured_media":0,"comment_status":"open","ping_status":"open","sticky":false,"template":"","format":"standard","meta":{"_jetpack_newsletter_access":"","_jetpack_dont_email_post_to_subs":false,"_jetpack_newsletter_tier_id":0,"_jetpack_memberships_contains_paywalled_content":false,"_jetpack_memberships_contains_paid_content":false,"footnotes":""},"categories":[6446],"tags":[2859,22026,22028,22027,22025,13939,2056,22029,1152,96],"class_list":["post-61835","post","type-post","status-publish","format-standard","hentry","category-la-nota","tag-aborto","tag-capital-del-estado","tag-diputados-locales-y-federales","tag-ethel-gonzalez-polo","tag-fnf","tag-frente-nacional-por-la-familia","tag-gobierno-federal","tag-grupos-violento","tag-marcha","tag-xalapa"],"jetpack_featured_media_url":"","jetpack_sharing_enabled":true,"jetpack_shortlink":"https:\/\/wp.me\/p4Qcd3-g5l","_links":{"self":[{"href":"https:\/\/lospoliticosveracruz.com.mx\/index.php?rest_route=\/wp\/v2\/posts\/61835","targetHints":{"allow":["GET"]}}],"collection":[{"href":"https:\/\/lospoliticosveracruz.com.mx\/index.php?rest_route=\/wp\/v2\/posts"}],"about":[{"href":"https:\/\/lospoliticosveracruz.com.mx\/index.php?rest_route=\/wp\/v2\/types\/post"}],"author":[{"embeddable":true,"href":"https:\/\/lospoliticosveracruz.com.mx\/index.php?rest_route=\/wp\/v2\/users\/2"}],"replies":[{"embeddable":true,"href":"https:\/\/lospoliticosveracruz.com.mx\/index.php?rest_route=%2Fwp%2Fv2%2Fcomments&post=61835"}],"version-history":[{"count":1,"href":"https:\/\/lospoliticosveracruz.com.mx\/index.php?rest_route=\/wp\/v2\/posts\/61835\/revisions"}],"predecessor-version":[{"id":61837,"href":"https:\/\/lospoliticosveracruz.com.mx\/index.php?rest_route=\/wp\/v2\/posts\/61835\/revisions\/61837"}],"wp:attachment":[{"href":"https:\/\/lospoliticosveracruz.com.mx\/index.php?rest_route=%2Fwp%2Fv2%2Fmedia&parent=61835"}],"wp:term":[{"taxonomy":"category","embeddable":true,"href":"https:\/\/lospoliticosveracruz.com.mx\/index.php?rest_route=%2Fwp%2Fv2%2Fcategories&post=61835"},{"taxonomy":"post_tag","embeddable":true,"href":"https:\/\/lospoliticosveracruz.com.mx\/index.php?rest_route=%2Fwp%2Fv2%2Ftags&post=61835"}],"curies":[{"name":"wp","href":"https:\/\/api.w.org\/{rel}","templated":true}]}}