{"id":62095,"date":"2020-10-08T07:34:50","date_gmt":"2020-10-08T12:34:50","guid":{"rendered":"http:\/\/www.lospoliticosveracruz.com.mx\/?p=62095"},"modified":"2020-10-08T07:34:50","modified_gmt":"2020-10-08T12:34:50","slug":"tarifas-electricas-absurdas","status":"publish","type":"post","link":"https:\/\/lospoliticosveracruz.com.mx\/?p=62095","title":{"rendered":"Tarifas el\u00e9ctricas absurdas"},"content":{"rendered":"<p><strong>Adalberto Tejeda-Mart\u00ednez<\/strong><\/p>\n<p>&nbsp;<\/p>\n<p>Se qued\u00f3 atr\u00e1s el verano y con \u00e9l las tarifas el\u00e9ctricas preferenciales para las zonas c\u00e1lidas del pa\u00eds. Hace un a\u00f1o, la inconformidad con el esquema de tarifas fue notoria pero la pandemia lo anul\u00f3 a pesar de que los consumos el\u00e9ctricos dom\u00e9sticos se incrementaron por el encierro. Entonces, quiz\u00e1s valgan estos apuntes en torno a este esquema absurdo de tarifas el\u00e9ctricas dom\u00e9sticas.<br \/>\nEs absurdo porque privilegia el consumo sobre el ahorro y beneficia a los sectores de mayores ingresos. Lo estableci\u00f3 la Secretar\u00eda de Hacienda y Cr\u00e9dito P\u00fablico y no la Comisi\u00f3n Federal de Electricidad, mediante dos acuerdos de 2002, que asignan las tarifas a partir de la temperatura del aire.<br \/>\nLa explicaci\u00f3n es necesaria, aunque aburrida. Si en dos meses consecutivos en tres de los a\u00f1os cinco m\u00e1s recientes se alcanzan temperaturas promedio mensuales de 25, 28, 30, 31, 32 o 33 grados cent\u00edgrados, se aplicar\u00e1n las tarifas 1A, 1B, 1C, 1D, 1E o 1F, respectivamente. Si no se llega a los 25, la tarifa ser\u00e1 tipo uno. Los subsidios en funci\u00f3n de la tarifa son: 150 kilowatts-hora al mes, con precio de la mitad del costo de producci\u00f3n, si la tarifa es tipo uno, como en Xalapa y en las zonas templadas o fr\u00edas; o 300 si la tarifa es 1A, o 400 si es 1B; con tarifa 1C se subsidian 850 kilowatts-hora al mes; o mil, dos mil o tres mil si son 1D, 1E o 1F.<br \/>\nPero la temperatura ambiente no es el \u00fanico factor que determina las necesidades de aire acondicionado, ventilaci\u00f3n o refrigeraci\u00f3n, sino tambi\u00e9n la humedad atmosf\u00e9rica, que no ha sido incorporada por la SHCP.<br \/>\nEn el noroeste des\u00e9rtico como Mexicali, o el sureste c\u00e1lido y h\u00famedo como Tabasco y el sur de Veracruz, con frecuencia aparecen movimientos ciudadanos contra este esquema de tarifas, sobre todo porque el subsidio s\u00f3lo se aplica la mitad m\u00e1s c\u00e1lida del a\u00f1o, de modo que en oto\u00f1o, aun con temperaturas y consumos el\u00e9ctricos altos, suelen llegar los recibos de electricidad con cobros mayores que en el verano.<br \/>\nUno de esos movimientos ocurri\u00f3 en 2003, encabezado por alcaldes del sur del estado. Se actualizaron los datos de temperatura y el puerto de Veracruz lleg\u00f3 a 1C; toda la costa qued\u00f3 en 1B, y de ah\u00ed hasta los mil metros de altitud, en 1A. Si se actualizaran los datos t\u00e9rmicos, la franja costera de Veracruz pasar\u00eda a la tarifa 1D.<br \/>\nNo obstante, las familias de menores ingresos no se beneficiaron, porque el esquema favorece a quienes consumen m\u00e1s energ\u00eda. Para alguien que no tiene aire acondicionado en su casa, estar en una u otra tarifa es pr\u00e1cticamente lo mismo.<br \/>\nEn el Congreso federal est\u00e1n congeladas varias iniciativas, algunas que incorporan la humedad. Pocas, o quiz\u00e1s ninguna, plantean que el subsidio a la electricidad deber\u00eda aplicar un criterio social que considere el ingreso econ\u00f3mico sobre el comportamiento clim\u00e1tico.<\/p>\n","protected":false},"excerpt":{"rendered":"<p>Adalberto Tejeda-Mart\u00ednez &nbsp; Se qued\u00f3 atr\u00e1s el verano y con \u00e9l las tarifas el\u00e9ctricas preferenciales para las zonas c\u00e1lidas del pa\u00eds. Hace un a\u00f1o, la inconformidad con el esquema de tarifas fue notoria pero la pandemia lo anul\u00f3 a pesar de que los consumos el\u00e9ctricos dom\u00e9sticos se incrementaron por el encierro. Entonces, quiz\u00e1s valgan estos [&hellip;]<\/p>\n","protected":false},"author":2,"featured_media":0,"comment_status":"open","ping_status":"open","sticky":false,"template":"","format":"standard","meta":{"_jetpack_newsletter_access":"","_jetpack_dont_email_post_to_subs":false,"_jetpack_newsletter_tier_id":0,"_jetpack_memberships_contains_paywalled_content":false,"_jetpack_memberships_contains_paid_content":false,"footnotes":""},"categories":[70],"tags":[8627,22235,793,22234,16929,6605,1849,11081,22233,96],"class_list":["post-62095","post","type-post","status-publish","format-standard","hentry","category-de-opinion","tag-comision-federal-de-electricidad","tag-comportamiento-climatico","tag-congreso-federal","tag-ingreso-economico","tag-pandemia","tag-secretaria-de-hacienda-y-credito-publico","tag-shcp","tag-subsidio","tag-tarifas-electricas-preferenciales","tag-xalapa"],"jetpack_featured_media_url":"","jetpack_sharing_enabled":true,"jetpack_shortlink":"https:\/\/wp.me\/p4Qcd3-g9x","_links":{"self":[{"href":"https:\/\/lospoliticosveracruz.com.mx\/index.php?rest_route=\/wp\/v2\/posts\/62095","targetHints":{"allow":["GET"]}}],"collection":[{"href":"https:\/\/lospoliticosveracruz.com.mx\/index.php?rest_route=\/wp\/v2\/posts"}],"about":[{"href":"https:\/\/lospoliticosveracruz.com.mx\/index.php?rest_route=\/wp\/v2\/types\/post"}],"author":[{"embeddable":true,"href":"https:\/\/lospoliticosveracruz.com.mx\/index.php?rest_route=\/wp\/v2\/users\/2"}],"replies":[{"embeddable":true,"href":"https:\/\/lospoliticosveracruz.com.mx\/index.php?rest_route=%2Fwp%2Fv2%2Fcomments&post=62095"}],"version-history":[{"count":1,"href":"https:\/\/lospoliticosveracruz.com.mx\/index.php?rest_route=\/wp\/v2\/posts\/62095\/revisions"}],"predecessor-version":[{"id":62097,"href":"https:\/\/lospoliticosveracruz.com.mx\/index.php?rest_route=\/wp\/v2\/posts\/62095\/revisions\/62097"}],"wp:attachment":[{"href":"https:\/\/lospoliticosveracruz.com.mx\/index.php?rest_route=%2Fwp%2Fv2%2Fmedia&parent=62095"}],"wp:term":[{"taxonomy":"category","embeddable":true,"href":"https:\/\/lospoliticosveracruz.com.mx\/index.php?rest_route=%2Fwp%2Fv2%2Fcategories&post=62095"},{"taxonomy":"post_tag","embeddable":true,"href":"https:\/\/lospoliticosveracruz.com.mx\/index.php?rest_route=%2Fwp%2Fv2%2Ftags&post=62095"}],"curies":[{"name":"wp","href":"https:\/\/api.w.org\/{rel}","templated":true}]}}