{"id":62222,"date":"2020-10-10T09:41:10","date_gmt":"2020-10-10T14:41:10","guid":{"rendered":"http:\/\/www.lospoliticosveracruz.com.mx\/?p=62222"},"modified":"2020-10-10T09:41:10","modified_gmt":"2020-10-10T14:41:10","slug":"defensa-de-usuarios-de-servicios-financieros","status":"publish","type":"post","link":"https:\/\/lospoliticosveracruz.com.mx\/?p=62222","title":{"rendered":"Defensa de Usuarios de Servicios Financieros"},"content":{"rendered":"<p><strong>Teresa Carbajal<\/strong><\/p>\n<p><em>Debo, no niego; pago, lo justo<\/em><\/p>\n<p>&nbsp;<\/p>\n<p>Uno de los principales problemas a que se enfrentar\u00e1n aquellos que quieran denunciar los abusos de los que son v\u00edctimas por abusivas pr\u00e1cticas de entidades financieras que han deformado el otorgamiento del cr\u00e9dito, es el desconocimiento sobre c\u00f3mo ejercer sus derechos.<br \/>\nEn efecto cuando alguien sufre alg\u00fan abuso despu\u00e9s de haber contratado un cr\u00e9dito, ya sea porque no se le entreg\u00f3 la documentaci\u00f3n completa como solicitud de cr\u00e9dito, car\u00e1tula, contrato con clausulado completo, tabla de amortizaci\u00f3n, copia del pagar\u00e9 y de todo aquello que se firme como anexo del contrato (la m\u00e1s com\u00fan), o por negativa a entregar estados de cuenta, o falta de claridad en la aplicaci\u00f3n de los pagos del cr\u00e9dito precisando qu\u00e9 suma se abon\u00f3 a capital y cual a intereses, o cuando despu\u00e9s de haber liquidado un cr\u00e9dito en su totalidad le es negado el comprobante de dicha liquidaci\u00f3n (carta finiquito).<br \/>\nSe tiene la certeza, de estar siendo v\u00edctima de un abuso, \u00bfpero c\u00f3mo hacerlo valer?, \u00bfante qui\u00e9n?, \u00bfde qu\u00e9 forma?, \u00bfde qu\u00e9 t\u00e9rmino dispone para hacerlo? y sobre todo, si puede hacerlo el afectado directamente o si debe designarse un abogado.<br \/>\nEs mejor que sepamos cuanto antes toda esta informaci\u00f3n porque de lo contrario nuestra intuici\u00f3n puede llevarnos a instancias que no son competentes, las que nos desgastar\u00e1n, quitar\u00e1n el tiempo, los esfuerzos no rendir\u00e1n frutos y en el peor de los casos, los abusivos se saldr\u00e1n con la suya al quedar nuestro reclamo en la impunidad el olvido y la terrible experiencia de que se lastim\u00f3 nuestro patrimonio con el atropello de nuestra dignidad.<br \/>\nEn el marco de la \u00abJornada Estatal para la Defensa del Patrimonio Familiar\u00bb que dio inicio el pasado 27 de agosto, desde el Barz\u00f3n nos hemos mantenido atentos al llamado ciudadano a trav\u00e9s de la exposici\u00f3n de casos de cartera vencida por insolvencia para la identificaci\u00f3n y registro de las problem\u00e1ticas y acreedor, para brindar ayuda en donde se detecten acciones abusivas o de cobranza.<br \/>\nFue as\u00ed que ubicamos las acciones genuinas de denuncia y defensa (sin intereses pol\u00edticos) del movimiento Fuerza Magisterial quienes refieren cobrar escasos pesos de sus sueldos quincenales, por ser v\u00edctimas de altos descuentos derivados de deudas con financieras que de alg\u00fan modo lograron imponer su gravamen a las n\u00f3minas de los profesores, quienes se quejan principalmente de altos intereses y en una gran mayor\u00eda de falta graves en materia de usos y pr\u00e1cticas en la prestaci\u00f3n de servicios financieros, que como en las antiguas \u00abtiendas de raya\u00bb de que hablaba aquel corrido revolucionario su esperanza de tener trabajo y sueldo es solo para seguir \u00ababonando\u00bb a deudas impagables.<br \/>\nPor el n\u00famero de quejosos (800 maestros) y su ubicaci\u00f3n en diferentes puntos del estado, implementamos una estrategia diferente para ayudarlos, que consiste en la impartici\u00f3n de dos talleres gratuitos uno sobre la elaboraci\u00f3n de quejas y ante la Comisi\u00f3n Nacional para la Protecci\u00f3n y Defensa de los Usuarios de Servicios Financieros (Condusef) y otro sobre defensa por cobranza abusiva.<br \/>\n\u00bfA\u00fan no te has inscrito a la Jornada Estatal de Defensa del Patrimonio Familiar?<br \/>\nLlama al 2281148502 visite www.elbarzonrc.org Contacte elbarzonrc@yahoo.com.mx, O s\u00edgame en @terecarbajal<\/p>\n","protected":false},"excerpt":{"rendered":"<p>Teresa Carbajal Debo, no niego; pago, lo justo &nbsp; Uno de los principales problemas a que se enfrentar\u00e1n aquellos que quieran denunciar los abusos de los que son v\u00edctimas por abusivas pr\u00e1cticas de entidades financieras que han deformado el otorgamiento del cr\u00e9dito, es el desconocimiento sobre c\u00f3mo ejercer sus derechos. En efecto cuando alguien sufre [&hellip;]<\/p>\n","protected":false},"author":2,"featured_media":0,"comment_status":"open","ping_status":"open","sticky":false,"template":"","format":"standard","meta":{"_jetpack_newsletter_access":"","_jetpack_dont_email_post_to_subs":false,"_jetpack_newsletter_tier_id":0,"_jetpack_memberships_contains_paywalled_content":false,"_jetpack_memberships_contains_paid_content":false,"footnotes":""},"categories":[70],"tags":[22329,15879,8002,22328,22327],"class_list":["post-62222","post","type-post","status-publish","format-standard","hentry","category-de-opinion","tag-carta-finiquito","tag-cobranza-abusiva","tag-condusef","tag-fuerza-magisterial","tag-sin-intereses-politicos"],"jetpack_featured_media_url":"","jetpack_sharing_enabled":true,"jetpack_shortlink":"https:\/\/wp.me\/p4Qcd3-gbA","_links":{"self":[{"href":"https:\/\/lospoliticosveracruz.com.mx\/index.php?rest_route=\/wp\/v2\/posts\/62222","targetHints":{"allow":["GET"]}}],"collection":[{"href":"https:\/\/lospoliticosveracruz.com.mx\/index.php?rest_route=\/wp\/v2\/posts"}],"about":[{"href":"https:\/\/lospoliticosveracruz.com.mx\/index.php?rest_route=\/wp\/v2\/types\/post"}],"author":[{"embeddable":true,"href":"https:\/\/lospoliticosveracruz.com.mx\/index.php?rest_route=\/wp\/v2\/users\/2"}],"replies":[{"embeddable":true,"href":"https:\/\/lospoliticosveracruz.com.mx\/index.php?rest_route=%2Fwp%2Fv2%2Fcomments&post=62222"}],"version-history":[{"count":1,"href":"https:\/\/lospoliticosveracruz.com.mx\/index.php?rest_route=\/wp\/v2\/posts\/62222\/revisions"}],"predecessor-version":[{"id":62225,"href":"https:\/\/lospoliticosveracruz.com.mx\/index.php?rest_route=\/wp\/v2\/posts\/62222\/revisions\/62225"}],"wp:attachment":[{"href":"https:\/\/lospoliticosveracruz.com.mx\/index.php?rest_route=%2Fwp%2Fv2%2Fmedia&parent=62222"}],"wp:term":[{"taxonomy":"category","embeddable":true,"href":"https:\/\/lospoliticosveracruz.com.mx\/index.php?rest_route=%2Fwp%2Fv2%2Fcategories&post=62222"},{"taxonomy":"post_tag","embeddable":true,"href":"https:\/\/lospoliticosveracruz.com.mx\/index.php?rest_route=%2Fwp%2Fv2%2Ftags&post=62222"}],"curies":[{"name":"wp","href":"https:\/\/api.w.org\/{rel}","templated":true}]}}