{"id":62249,"date":"2020-10-11T09:16:34","date_gmt":"2020-10-11T14:16:34","guid":{"rendered":"http:\/\/www.lospoliticosveracruz.com.mx\/?p=62249"},"modified":"2020-10-11T09:16:34","modified_gmt":"2020-10-11T14:16:34","slug":"la-mejor-decision-de-cuic","status":"publish","type":"post","link":"https:\/\/lospoliticosveracruz.com.mx\/?p=62249","title":{"rendered":"La mejor decisi\u00f3n de Cuic"},"content":{"rendered":"<p><strong>Ricardo Ch\u00faa<\/strong><\/p>\n<p><em>Sale y Vale<\/em><\/p>\n<p>LANDAU-GARRIDO&#8230; Un \u00e9xito la reuni\u00f3n Landau-Garrido en Veracruz puerto&#8230; En un sitio donde hace m\u00e1s de 100 a\u00f1os hab\u00eda una invasi\u00f3n militar entre un pa\u00eds a un puerto&#8230; Ayer fue una \u00abinvasi\u00f3n\u00bb de fraternidad entre un diplom\u00e1tico que le \u00abcae a toda madre\u00bb a los \u00abjarochos\u00bb con el fot\u00f3grafo mexicano del momento&#8230; Con \u00abderechos reservados\u00bb de NOTIVER, Hugo Garrido Montiel&#8230; La imagen y cultura, logr\u00f3 ese convivio fraterno&#8230;. EEUU tiene un embajador de lujo&#8230; Veracruz tiene un fot\u00f3grafo de super lujo&#8230; Felicidades desde hoy Maestro, Hugo Garrido&#8230;<\/p>\n<p>Antes de inaugurar la exposici\u00f3n fotogr\u00e1fica de Garrido&#8230; Landau pas\u00f3 a \u00abecharse\u00bb un \u00abLechero\u00bb ah\u00ed en \u00abEl Gran Caf\u00e9 de El Portal\u00bb, del Primo To\u00f1o Toca, se sent\u00f3 a lado de la avenida independencia&#8230; Escucho m\u00fasica, saludo a todos, hasta con los meseros se tom\u00f3 foto&#8230; \u00abEl Goyo\u00bb estaba m\u00e1s que sonriendo porque \u00e9l lo atendi\u00f3&#8230; Ah\u00ed hablaron de todo&#8230; Se la ha pasado bien el diplom\u00e1tico en esta entidad&#8230; A todos los atendi\u00f3 con respeto, cordialidad, cortes\u00eda y alegr\u00eda&#8230; Tanto a \u00absirios\u00bb como a \u00abtroyanos\u00bb&#8230; Y obvio la marimba no dej\u00f3 de sonar&#8230;<\/p>\n<p>Por cierto, se dio la vuelta por all\u00e1 tambi\u00e9n por los Caf\u00e9 de La Parroquia&#8230; Pas\u00f3 por la del Primo \u00c1ngel y Felipe&#8230; Ah\u00ed se tom\u00f3 una foto con la Doctora, M\u00f3nica Mendoza Madrigal&#8230; No cabe duda, Christopher Landau vino a todo&#8230; Hablo con Cuitl\u00e1huac, Patrocinio, con los Hugos Guti\u00e9rrez y Garrido, de econom\u00eda, seguridad y de fotograf\u00eda&#8230; Fue al malec\u00f3n y se tom\u00f3 la foto&#8230; Se reuni\u00f3 con el colectivo \u00abSolecito\u00bb&#8230; Hasta visit\u00f3 la tumba de la nieta de Hern\u00e1n Cort\u00e9s&#8230; Garrido ser\u00e1 \u00abagregado\u00bb cultural de Veracruz para el mundo&#8230; BYE-BYE CHRISTOPHER&#8230;<\/p>\n<p>CEAPP, LA LUCHA&#8230; No se hagan \u00abbolas\u00bb con el tema de la sucesi\u00f3n de la presidencia, secretario Ejecutivo e integrantes para la Comisi\u00f3n Estatal de Protecci\u00f3n a Periodistas en Veracruz&#8230; Organismo aut\u00f3nomo creado para esos efectos&#8230; Cada dos a\u00f1os que se dan estos cambios, sucede lo mismo&#8230; Una \u00abgrilla\u00bb entre los \u00abtundes\u00bb, \u00abvacas sagradas\u00bb y due\u00f1os de medios de comunicaci\u00f3n&#8230; Pero a\u00fan no se decide, qui\u00e9n se queda al frente.. NO HAY \u00abHUMO BLANCO\u00bb, as\u00ed que todo lo que se diga es s\u00f3lo rumor&#8230;<\/p>\n<p>La fuente m\u00e1s informada al respecto&#8230; Se\u00f1al\u00f3 que entre los elegidos se analizan 4 nombres principalmente, tres hombres y una mujer&#8230; Los cuatro tienen que ver con los medios audiovisuales&#8230; Sus perfiles est\u00e1n siendo analizados porque quieren, no s\u00f3lo \u00abgrilla\u00bb, sino tambi\u00e9n imagen y trabajo&#8230; Entre los que se nombraban estaban: Mario Lozano, de RTV; Carolina Ocampo, de Telever; Jorge Faibre, de TV Azteca y un cuarto ser\u00eda Jorge Malpica, de M\u00e1s Latina de Grupo FM&#8230; Pero todo indica que al que se perfila es a Mario Lozano&#8230;<\/p>\n<p>S\u00f3lo hay que ver si alguno de ellos&#8230; Se va a querer \u00abechar ese trompo\u00bb llamado CEAPP&#8230; Que deja m\u00e1s \u00abcolitis\u00bb nerviosa que agradecimientos del gremio&#8230; Se habla de otros m\u00e1s&#8230; Pero no tiene caso, seguir mencionando nombres, porque eso es \u00abjugar\u00bb con y para el escarnio p\u00fablico&#8230; S\u00f3lo se ha logrado saber, que uno de los que m\u00e1s posibilidades tiene es Lozano Carbonell, quien ha pasado por cargos en \u00e1reas de medios de comunicaci\u00f3n y ahora trabaja en RTV&#8230; Pa que especulan&#8230; El que va ser, ser\u00e1&#8230; SIEMPRE HA SIDO AS\u00cd&#8230; AMEN..<\/p>\n<p>PORFIRIO, ALEM\u00c1N Y CUITL\u00c1HUAC&#8230;. Hace 3 semanas en este espacio&#8230; Hicimos patente que fue el equipo de Mario Delgado cuando vino a Veracruz, de gira proselitista para buscar la dirigencia nacional de MORENA&#8230; Que \u00abfiltraron\u00bb audios donde Bertha Lujan, Alfonso Ram\u00edrez Cuellar y Cuitl\u00e1huac Garc\u00eda, se pon\u00edan de \u00abacuerdo\u00bb para apoyar a Porfririo Mu\u00f1oz Ledo para que \u00e9l lograra la presidencia de este partido&#8230; La exhibici\u00f3n de Cuitl\u00e1huac fue brutal&#8230; Y eso, no lo perdon\u00f3 el gobernador a Delgado&#8230; Se la cobr\u00f3 y luego se la dej\u00f3 ir&#8230;<\/p>\n<p>Hubo quienes lo criticaron, como lo mencionamos, por la decisi\u00f3n tomada a favor de Porfirio&#8230; Cuando para el gobernador fue la mejor que ha tomado en toda su carrera pol\u00edtica&#8230; Se fue con el que m\u00e1s sabe, el m\u00e1s astuto y con el que finalmente gan\u00f3 la elecci\u00f3n, seg\u00fan el INE en lo interno&#8230; Tanto as\u00ed, que hasta otro ex gobernador veracruzano, el priista, Migue Alem\u00e1n Velasco hizo patente su felicitaci\u00f3n a Mu\u00f1oz Ledo por su triunfo&#8230; Es decir, El Cuit le jug\u00f3 bien y le sali\u00f3 sin AMLO atr\u00e1s.. Y se quit\u00f3 a un enemigo fuerte de encima: Marchello Ebrard&#8230;<\/p>\n<p>Este fin de semana, en plena lucha electoral en MORENA, los gobernadores de este partido&#8230; Ya se est\u00e1n sumando a Mu\u00f1oz Ledo para que el INE le reconozca el triunfo, no el empate \u00abt\u00e9cnico\u00bb con Mario Delgado y ma\u00f1ana lunes tome protesta como nuevo Presidente Nacional.. Hasta los aspirantes a dirigentes estatales de MORENA est\u00e1n apoyando a Porfirio en esos estados&#8230; Es decir, \u00abLA CARGADA\u00bb estilo PRI&#8230; Est\u00e1 con Mu\u00f1oz Ledo&#8230; Se la aplicaron a Delgado&#8230; M\u00e1s sabe Porfirio por viejo&#8230; Que por Diablo&#8230; Diferencia del cielo al infierno.. Ja Ja Ja<\/p>\n<p>Lo que significa, al final, que Cuitl\u00e1huac y Claudia Sheinbaum se dieron cuenta que les fue mal con Yeidckol, se la jugaron despu\u00e9s con Bertha Lujan y no \u00abcuajo\u00bb&#8230; Los exhiben con audios del apoyo a Porfirio&#8230; Se \u00abbrincaron\u00bb a Yeidckol y terminaron con Mu\u00f1oz Ledo&#8230; Pero en ning\u00fan momento, en este proceso interno de MORENA, estuvieron con Mario Delgado&#8230; El \u00abpastor\u00bb de los diputados federales de MORENA, los \u00abmadreo\u00bb mucho, sobre todo a Cuitl\u00e1huac y a otros gobernadores&#8230; Y que esperaba de respuesta: \u00bfFlores?&#8230;<\/p>\n<p>Hasta pareciera que los mandatarios Morenos est\u00e1n en contra de Andr\u00e9s Manuel L\u00f3pez Obrador, que se supone ten\u00eda a Mario Delgado como su candidato del gobierno federal para la presidencia de MORENA&#8230; Pero no pas\u00f3 as\u00ed&#8230; El tema no es contra AMLO, es contra Marcelo&#8230; El Cuit ya trae acuerdos con Sheinbaum, y as\u00ed como desde el Congreso Federal le echaron la \u00abcargada\u00bb a Mario, los mandatarios estatales se fueron con Mu\u00f1oz Ledo y le dieron \u00abal clavo\u00bb&#8230; Los enemigos de antes, ahora son aliados y confidentes&#8230; Monreal est\u00e1 con Porfirio&#8230;<\/p>\n<p>EN RESUMEN&#8230; S\u00f3lo basta recordar qui\u00e9n es Mu\u00f1oz Ledo&#8230; Porfirio est\u00e1 m\u00e1s all\u00e1 del bien o del mal&#8230; Y \u00e9l ve a la misma altura a L\u00f3pez Obrador&#8230; Mario Delgado no, \u00e9l lo mira para arriba&#8230; Si gana Porfirio, ganan los \u00abradicales\u00bb, pero tambi\u00e9n los \u00abmoderados\u00bb&#8230; Ahora el problema ser\u00e1 para Andr\u00e9s Manuel&#8230; Ya que Mu\u00f1oz Ledo, no dejar\u00e1 que el Presidente, ni su gabinete, LE METAN UNA S\u00d3LA MANO A MORENA para el 2021&#8230; Se los advirti\u00f3 y lo va a cumplir&#8230; Con esto a Cuitl\u00e1huac, lo dejar\u00e1n de \u00abgrillar\u00bb que se va en diciembre&#8230; Se une al equipo de Mu\u00f1oz Ledo y \u00ablima asperezas\u00bb con Ricardo Monreal&#8230; Para el gobernador esto si \u00able cay\u00f3 como anillo al dedo\u00bb.. AMEN..<\/p>\n","protected":false},"excerpt":{"rendered":"<p>Ricardo Ch\u00faa Sale y Vale LANDAU-GARRIDO&#8230; Un \u00e9xito la reuni\u00f3n Landau-Garrido en Veracruz puerto&#8230; En un sitio donde hace m\u00e1s de 100 a\u00f1os hab\u00eda una invasi\u00f3n militar entre un pa\u00eds a un puerto&#8230; Ayer fue una \u00abinvasi\u00f3n\u00bb de fraternidad entre un diplom\u00e1tico que le \u00abcae a toda madre\u00bb a los \u00abjarochos\u00bb con el fot\u00f3grafo mexicano [&hellip;]<\/p>\n","protected":false},"author":2,"featured_media":0,"comment_status":"open","ping_status":"open","sticky":false,"template":"","format":"standard","meta":{"_jetpack_newsletter_access":"","_jetpack_dont_email_post_to_subs":false,"_jetpack_newsletter_tier_id":0,"_jetpack_memberships_contains_paywalled_content":false,"_jetpack_memberships_contains_paid_content":false,"footnotes":""},"categories":[70],"tags":[618,14233,4476,15701,1681,22349,22330,22347,17796,22346,22348,22350,1026,1225,1025,13604,647,4714,22345,909],"class_list":["post-62249","post","type-post","status-publish","format-standard","hentry","category-de-opinion","tag-andres-manuel-lopez-obrador","tag-carolina-ocampo","tag-ceapp","tag-christopher-landau","tag-cuitlahuac-garcia","tag-grupo-fm","tag-hugo-garrido-montiel","tag-jorge-faire","tag-jorge-malpica","tag-mario-lozano","tag-mas-latina","tag-migue-aleman-velasco","tag-morena","tag-notiver","tag-porfirio-munoz-ledo","tag-ricardo-chua","tag-rtv","tag-telever","tag-todo-veracruz-es-bello","tag-tv-azteca"],"jetpack_featured_media_url":"","jetpack_sharing_enabled":true,"jetpack_shortlink":"https:\/\/wp.me\/p4Qcd3-gc1","_links":{"self":[{"href":"https:\/\/lospoliticosveracruz.com.mx\/index.php?rest_route=\/wp\/v2\/posts\/62249","targetHints":{"allow":["GET"]}}],"collection":[{"href":"https:\/\/lospoliticosveracruz.com.mx\/index.php?rest_route=\/wp\/v2\/posts"}],"about":[{"href":"https:\/\/lospoliticosveracruz.com.mx\/index.php?rest_route=\/wp\/v2\/types\/post"}],"author":[{"embeddable":true,"href":"https:\/\/lospoliticosveracruz.com.mx\/index.php?rest_route=\/wp\/v2\/users\/2"}],"replies":[{"embeddable":true,"href":"https:\/\/lospoliticosveracruz.com.mx\/index.php?rest_route=%2Fwp%2Fv2%2Fcomments&post=62249"}],"version-history":[{"count":1,"href":"https:\/\/lospoliticosveracruz.com.mx\/index.php?rest_route=\/wp\/v2\/posts\/62249\/revisions"}],"predecessor-version":[{"id":62250,"href":"https:\/\/lospoliticosveracruz.com.mx\/index.php?rest_route=\/wp\/v2\/posts\/62249\/revisions\/62250"}],"wp:attachment":[{"href":"https:\/\/lospoliticosveracruz.com.mx\/index.php?rest_route=%2Fwp%2Fv2%2Fmedia&parent=62249"}],"wp:term":[{"taxonomy":"category","embeddable":true,"href":"https:\/\/lospoliticosveracruz.com.mx\/index.php?rest_route=%2Fwp%2Fv2%2Fcategories&post=62249"},{"taxonomy":"post_tag","embeddable":true,"href":"https:\/\/lospoliticosveracruz.com.mx\/index.php?rest_route=%2Fwp%2Fv2%2Ftags&post=62249"}],"curies":[{"name":"wp","href":"https:\/\/api.w.org\/{rel}","templated":true}]}}