{"id":62328,"date":"2020-10-12T15:16:21","date_gmt":"2020-10-12T20:16:21","guid":{"rendered":"http:\/\/www.lospoliticosveracruz.com.mx\/?p=62328"},"modified":"2020-10-12T15:16:21","modified_gmt":"2020-10-12T20:16:21","slug":"amlovers-vs-freena-fifis","status":"publish","type":"post","link":"https:\/\/lospoliticosveracruz.com.mx\/?p=62328","title":{"rendered":"Amlovers vs FREENA-fif\u00eds"},"content":{"rendered":"<p><strong>Avryl Castel\u00e1n*<\/strong><br \/>\nEn lugar de que ocuparan su tiempo, energ\u00eda y principalmente su Cerebro&#8230; para apoyar actividades m\u00e1s productivas en mi pa\u00eds, pero no, los llamados Amlovers o pejezombies hacen marchas y forman corazones en los z\u00f3calos como en mi ciudad, para demostrar el amor a su presidente y por otro lado, los fif\u00eds conservadores tambi\u00e9n canalizan sus pocas neuronas en hacer marchas para que renuncie este personaje&#8230;<br \/>\nCu\u00e1nto desperdicio!<br \/>\nSiempre defendiendo y apoyando la parte m\u00e1s est\u00fapida de la humanidad&#8230; hagan marchas para ayudar a la poblaci\u00f3n \u00bfo cu\u00e1les marchas? Hagan mejor actividad social para el desarrollo correcto del humano, ya que esta gran poblaci\u00f3n es el postre de los pol\u00edticos que brincan de partido en partido y nos gobiernan siempre los mismos, los mismos ricos y poderosos, tambi\u00e9n dir\u00eda el presidente.<br \/>\nEncuestas como las que hace no se preguntan&#8230; c\u00f3mo preguntar si queremos que se juzguen a los expresidentes que han robado tanto, eso no se pregunta \u00a1h\u00e1galo! No se quitan programas, se reestructuran y se hacen funcionar&#8230; y qu\u00e9 decir de mi estado&#8230; mejor guardo silencio.<br \/>\nNecesitamos gente con cerebro y coraz\u00f3n para gobernar ya que esto har\u00e1 que empleen la consciencia; no s\u00f3lo que pongan amistades a las cuales favorecen en puestos en los que no sirven; estos puestos podr\u00edan ocuparlos gente capaz.<br \/>\nEs triste saber qui\u00e9nes nos gobiernan y que personajes toman las riendas de los pa\u00edses en el mundo&#8230;<br \/>\nDejen la indignaci\u00f3n por ver gente que se esfuerza y no la apoyan, no porque atacan o dicen a quienes apoyan (oposici\u00f3n siempre va a existir y si lo est\u00e1s haciendo bien, \u00bfqu\u00e9 te preocupa? \u00e9sos se reflejar\u00e1 en los hechos).<br \/>\nEspero que estas luchas est\u00fapidas de defensa a personas o partidos se transforme en cambios y trabajos por desarrollar mejores pa\u00edses y as\u00ed hacer un mejor mundo.<\/p>\n<p>*Escritora de 14 a\u00f1os de Edad<\/p>\n","protected":false},"excerpt":{"rendered":"<p>Avryl Castel\u00e1n* En lugar de que ocuparan su tiempo, energ\u00eda y principalmente su Cerebro&#8230; para apoyar actividades m\u00e1s productivas en mi pa\u00eds, pero no, los llamados Amlovers o pejezombies hacen marchas y forman corazones en los z\u00f3calos como en mi ciudad, para demostrar el amor a su presidente y por otro lado, los fif\u00eds conservadores [&hellip;]<\/p>\n","protected":false},"author":2,"featured_media":0,"comment_status":"open","ping_status":"open","sticky":false,"template":"","format":"standard","meta":{"_jetpack_newsletter_access":"","_jetpack_dont_email_post_to_subs":false,"_jetpack_newsletter_tier_id":0,"_jetpack_memberships_contains_paywalled_content":false,"_jetpack_memberships_contains_paid_content":false,"footnotes":""},"categories":[70],"tags":[5125,20353,20352,186,600,22394,3877],"class_list":["post-62328","post","type-post","status-publish","format-standard","hentry","category-de-opinion","tag-corazones","tag-enjuiciar-a-expresidentes","tag-expresidentes","tag-marchas","tag-oposicion","tag-pejezombies","tag-politicos"],"jetpack_featured_media_url":"","jetpack_sharing_enabled":true,"jetpack_shortlink":"https:\/\/wp.me\/p4Qcd3-gdi","_links":{"self":[{"href":"https:\/\/lospoliticosveracruz.com.mx\/index.php?rest_route=\/wp\/v2\/posts\/62328","targetHints":{"allow":["GET"]}}],"collection":[{"href":"https:\/\/lospoliticosveracruz.com.mx\/index.php?rest_route=\/wp\/v2\/posts"}],"about":[{"href":"https:\/\/lospoliticosveracruz.com.mx\/index.php?rest_route=\/wp\/v2\/types\/post"}],"author":[{"embeddable":true,"href":"https:\/\/lospoliticosveracruz.com.mx\/index.php?rest_route=\/wp\/v2\/users\/2"}],"replies":[{"embeddable":true,"href":"https:\/\/lospoliticosveracruz.com.mx\/index.php?rest_route=%2Fwp%2Fv2%2Fcomments&post=62328"}],"version-history":[{"count":1,"href":"https:\/\/lospoliticosveracruz.com.mx\/index.php?rest_route=\/wp\/v2\/posts\/62328\/revisions"}],"predecessor-version":[{"id":62330,"href":"https:\/\/lospoliticosveracruz.com.mx\/index.php?rest_route=\/wp\/v2\/posts\/62328\/revisions\/62330"}],"wp:attachment":[{"href":"https:\/\/lospoliticosveracruz.com.mx\/index.php?rest_route=%2Fwp%2Fv2%2Fmedia&parent=62328"}],"wp:term":[{"taxonomy":"category","embeddable":true,"href":"https:\/\/lospoliticosveracruz.com.mx\/index.php?rest_route=%2Fwp%2Fv2%2Fcategories&post=62328"},{"taxonomy":"post_tag","embeddable":true,"href":"https:\/\/lospoliticosveracruz.com.mx\/index.php?rest_route=%2Fwp%2Fv2%2Ftags&post=62328"}],"curies":[{"name":"wp","href":"https:\/\/api.w.org\/{rel}","templated":true}]}}