{"id":62362,"date":"2020-10-13T08:46:57","date_gmt":"2020-10-13T13:46:57","guid":{"rendered":"http:\/\/www.lospoliticosveracruz.com.mx\/?p=62362"},"modified":"2020-10-13T12:23:43","modified_gmt":"2020-10-13T17:23:43","slug":"conflicto-en-casa-tuxpena","status":"publish","type":"post","link":"https:\/\/lospoliticosveracruz.com.mx\/?p=62362","title":{"rendered":"Conflicto en casa tuxpe\u00f1a"},"content":{"rendered":"<p><strong>Ricardo Ch\u00faa<\/strong><br \/>\n<em>Sale y Vale<\/em><\/p>\n<p>&nbsp;<\/p>\n<p>PEPE&#8230; El ex senador y ex candidato a gobernador, Pepe Yunes, seguramente NO ser\u00e1 candidato a diputado local por el distrito de Perote, por PODEMOS, al menos, que la busque v\u00eda federal por el PRI&#8230; Lo que s\u00ed ser\u00e1 un hecho, es que intentar\u00e1, colocar a muchos de sus otrora aliados y personajes cercanos a \u00e9l, como aspirantes a cargos de elecci\u00f3n popular en el proceso local de Veracruz para el 2021, en el partido estatal que preside, Francisco Garrido&#8230; Es decir, \u00abPodemos\u00bb&#8230; Dif\u00edcilmente el perote\u00f1o dejar\u00e1 de ser tricolor&#8230;<\/p>\n<p>&nbsp;<a href=\"https:\/\/www.facebook.com\/notaria61veracruz\/\"><img decoding=\"async\" src=\"http:\/\/www.lospoliticosveracruz.com.mx\/wp-content\/uploads\/2020\/07\/CINTILLO-Armando.jpg\" alt=\"\" \/><\/a><\/p>\n<p>Adem\u00e1s conociendo su actuar&#8230; Tambi\u00e9n ser\u00eda FALSO que se lance a buscarla a trav\u00e9s de \u00abpadrinazgos\u00bb v\u00eda plurinominal&#8230; Si el ex senador quiere ser diputado por su distrito, lo ser\u00e1 por elecci\u00f3n, su propia historia no le permitir\u00eda esa \u00abcomodidad\u00bb&#8230; Pepe Yunes siempre ha sido un pol\u00edtico muy pero muy fr\u00edo de mente y \u00abechado para adelante\u00bb&#8230; Sabe qu\u00e9 para volver al ruedo de la pol\u00edtica en Veracruz, lo tiene que hacer de esta manera, no le queda de otra&#8230;. Se la tiene que \u00abjugar\u00bb, es su historia y prestigio&#8230; \u00bfIr\u00e1?&#8230;<\/p>\n<p>CAZAR\u00cdN, EL GASTO EXCESIVO&#8230; Luego de que se ha hablado mucho de los recortes a fideicomisos y programas de gobierno por la austeridad que se deben manejar los funcionarios p\u00fablicos, ahora con estos tiempos de crisis y pandemias sanitarias&#8230; La sociedad debe \u00abecharle un ojo\u00bb al Congreso Local de Veracruz, donde al menos, para 50 diputados estatales que lo conforman.. Hay un promedio de 14 trabajadores en este recinto legislativo para cada diputado&#8230; \u00bfCu\u00e1l ahorro?&#8230;<br \/>\nDe lo que tanto se jact\u00f3 Juan Javier G\u00f3mez Cazar\u00edn, de que cuando le quitaron dinero a los partidos pol\u00edticos con el tema de la Reforma Electoral, pues, de qu\u00e9 sirve, si un legislador tiene m\u00e1s de 14 personas, nom\u00e1s para \u00e9l&#8230;. El Congreso Local tiene una plantilla laboral de casi 700 personas y s\u00f3lo son 50 legisladores&#8230; Una buena medida, ser\u00eda revisar si todo este personal es necesario para el manejo de la misma c\u00e1mara legislativa&#8230; Y si no ser\u00eda suficiente, que con la mitad de estos trabajadores, puedan sacar toda la labor en este sitio&#8230;<br \/>\nPero si lo hacen, entonces, Cazar\u00edn estar\u00eda \u00abechando\u00bb encima a todos los diputados locales de su partido MORENA&#8230; Que han sido acusados por su compa\u00f1ero legislador, Maleno Rosales, de que todos ellos tienen parientes en la n\u00f3mina del Congreso Local y que les pagan muy buenos sueldos&#8230; As\u00ed que esa situaci\u00f3n de ahorro de recursos p\u00fablicos, tiene que darse en otro lado, ya sea en el gobierno o desapareciendo fideicomisos&#8230; Pero, no se toca, el presupuesto del Congreso Local, los diputados Morenos lo necesitan para mantener a su familia&#8230; AMEN..<\/p>\n<p>TUXPAN, MISI\u00d3N IMPOSIBLE&#8230; El tema Tuxpan, el PAN y los Mancha contin\u00faa siendo una \u00abbomba de tiempo\u00bb para ese grupo pol\u00edtico familiar en el municipio y distrito&#8230; Ya es un dato conocido que el actual alcalde y primo de Pepe Mancha, Juan Antonio Aguilar Mancha, NO APOYA la decisi\u00f3n de que su prima \u00abpol\u00edtica\u00bb, Monserrat Ortega Ruiz, sea la aspirante de este partido a ser su sucesora&#8230; Y eso, \u00abalborot\u00f3\u00bb al \u00abavispero\u00bb pol\u00edtico tuxpe\u00f1o&#8230;<br \/>\nYa que nos cuentan all\u00e1 en el puerto de los \u00abbellos atardeceres\u00bb&#8230; De que esa situaci\u00f3n, hizo explotar la noticia de que tampoco Aguilar Mancha va a apoyar para que su primo Pepe, sea el candidato a diputado local plurinominal por el PAN&#8230; \u00abQue si quiere, que la busque y la gane\u00bb, dicen que se oye por el palacio municipal tuxpe\u00f1o&#8230; Pero EL GRAVE PROBLEMA de los Macha y su familia, es que no traen como ganar, ni el municipio, ni el distrito, menos la nominaci\u00f3n plurinominal&#8230; UUFFFF&#8230;<br \/>\nQuiz\u00e1s para los Mancha&#8230; Este sea el PEQUE\u00d1O pero EL GRAN PROBLEMA de los dos&#8230; El cual, no les da para ganar&#8230; Ni a la diputada local para ser alcaldesa, ni al ex dirigente estatal del PAN para lograr una curul en la futura conformaci\u00f3n del Congreso del Estado&#8230; M\u00e1s si el alcalde tuxpe\u00f1o, no acepta apoyarlos con todo, pues, menos son sus posibilidades&#8230;. Ser\u00e1, entonces, una MISI\u00d3N IMPOSIBLE&#8230; Pepe no es Tom&#8230; Mancha en nada, se parece a Cruise&#8230; JA JA JA&#8230;<\/p>\n<p>CUITL\u00c1HUAC Y SUS NUEVOS ALIADOS.. Ya su caminar a lado de Porfirio Mu\u00f1oz Ledo, en estas \u00faltimas semanas, en busca de la dirigencia nacional de MORENA, le ha dado \u00abfrutos\u00bb al gobernador, Cuitl\u00e1huac Garc\u00eda Jim\u00e9nez&#8230; Debido a que le ha ido sentando a actores pol\u00edticos, que si bien, no estaban en su contra&#8230; Tampoco quer\u00edan interactuar con \u00e9l o su gobierno en Veracruz.. Y es el caso de los senadores de MORENA: Gloria S\u00e1nchez y Ricardo Ahued&#8230; Los dos trabajando ya con Cuitl\u00e1huac&#8230;<br \/>\nHay que recordar que en Veracruz, Gloria S\u00e1nchez y el propio Ricardo Ahued, aunque los nieguen, bajo el mando de Ricardo Monreal, como su l\u00edder en el Senado, tampoco interactuaban mucho con el gobernador&#8230; Este los manten\u00eda alejados de todo el grupo pol\u00edtico que manda en el Estado&#8230; Pero como Porfirio, le ha dicho que en esto se \u00absuma en vez de restar\u00bb&#8230; Ah\u00ed est\u00e1n los resultados&#8230; Ya el mandatario se re\u00fane con los senadores veracruzanos&#8230;. Eso es operar&#8230; Ese es Porfirio&#8230; AMEN&#8230;<\/p>\n","protected":false},"excerpt":{"rendered":"<p>Ricardo Ch\u00faa Sale y Vale &nbsp; PEPE&#8230; El ex senador y ex candidato a gobernador, Pepe Yunes, seguramente NO ser\u00e1 candidato a diputado local por el distrito de Perote, por PODEMOS, al menos, que la busque v\u00eda federal por el PRI&#8230; Lo que s\u00ed ser\u00e1 un hecho, es que intentar\u00e1, colocar a muchos de sus [&hellip;]<\/p>\n","protected":false},"author":2,"featured_media":0,"comment_status":"open","ping_status":"open","sticky":false,"template":"","format":"standard","meta":{"_jetpack_newsletter_access":"","_jetpack_dont_email_post_to_subs":false,"_jetpack_newsletter_tier_id":0,"_jetpack_memberships_contains_paywalled_content":false,"_jetpack_memberships_contains_paid_content":false,"footnotes":""},"categories":[70],"tags":[12951,1563,13336,16134,12695,7471,1026,22429,570,148,1025,251,1414,876,203,195],"class_list":["post-62362","post","type-post","status-publish","format-standard","hentry","category-de-opinion","tag-congreso-local-de-veracruz","tag-cuitlahuac-garcia-jimenez","tag-gloria-sanchez","tag-juan-antonio-aguilar-mancha","tag-juan-javier-gomez-cazarin","tag-monserrat-ortega-ruiz","tag-morena","tag-pan-pepe-mancha","tag-pepe-yunes","tag-perote","tag-porfirio-munoz-ledo","tag-pri","tag-reforma-electoral","tag-ricardo-ahued","tag-tuxpan","tag-veracruz"],"jetpack_featured_media_url":"","jetpack_sharing_enabled":true,"jetpack_shortlink":"https:\/\/wp.me\/p4Qcd3-gdQ","_links":{"self":[{"href":"https:\/\/lospoliticosveracruz.com.mx\/index.php?rest_route=\/wp\/v2\/posts\/62362","targetHints":{"allow":["GET"]}}],"collection":[{"href":"https:\/\/lospoliticosveracruz.com.mx\/index.php?rest_route=\/wp\/v2\/posts"}],"about":[{"href":"https:\/\/lospoliticosveracruz.com.mx\/index.php?rest_route=\/wp\/v2\/types\/post"}],"author":[{"embeddable":true,"href":"https:\/\/lospoliticosveracruz.com.mx\/index.php?rest_route=\/wp\/v2\/users\/2"}],"replies":[{"embeddable":true,"href":"https:\/\/lospoliticosveracruz.com.mx\/index.php?rest_route=%2Fwp%2Fv2%2Fcomments&post=62362"}],"version-history":[{"count":2,"href":"https:\/\/lospoliticosveracruz.com.mx\/index.php?rest_route=\/wp\/v2\/posts\/62362\/revisions"}],"predecessor-version":[{"id":62387,"href":"https:\/\/lospoliticosveracruz.com.mx\/index.php?rest_route=\/wp\/v2\/posts\/62362\/revisions\/62387"}],"wp:attachment":[{"href":"https:\/\/lospoliticosveracruz.com.mx\/index.php?rest_route=%2Fwp%2Fv2%2Fmedia&parent=62362"}],"wp:term":[{"taxonomy":"category","embeddable":true,"href":"https:\/\/lospoliticosveracruz.com.mx\/index.php?rest_route=%2Fwp%2Fv2%2Fcategories&post=62362"},{"taxonomy":"post_tag","embeddable":true,"href":"https:\/\/lospoliticosveracruz.com.mx\/index.php?rest_route=%2Fwp%2Fv2%2Ftags&post=62362"}],"curies":[{"name":"wp","href":"https:\/\/api.w.org\/{rel}","templated":true}]}}