{"id":62418,"date":"2020-10-14T07:43:40","date_gmt":"2020-10-14T12:43:40","guid":{"rendered":"http:\/\/www.lospoliticosveracruz.com.mx\/?p=62418"},"modified":"2020-10-14T07:43:40","modified_gmt":"2020-10-14T12:43:40","slug":"nos-sembraron-miedo-nos-crecieron-alas","status":"publish","type":"post","link":"https:\/\/lospoliticosveracruz.com.mx\/?p=62418","title":{"rendered":"Nos sembraron miedo, nos crecieron alas"},"content":{"rendered":"<p><strong>Maricarmen Garc\u00eda El\u00edas<\/strong><\/p>\n<p><em>Animalia<\/em><\/p>\n<p>Elideth Fern\u00e1ndez reconocida activista por los Derechos Animales en M\u00e9xico, fue acreedora del segundo lugar en el Sexto Concurso Nacional de Fotograf\u00eda \u00bb Los Derechos Humanos \u00ab, convocado por la Secretar\u00eda de Cultura Federal, la Secretar\u00eda de Cultura del Gobierno del Estado de Coahuila de Zaragoza, en colaboraci\u00f3n con Cuartoscuro, la Fundaci\u00f3n Pedro Valtierra, A.C., y la Academia Interamericana de Derechos Humanos.<\/p>\n<p>Elideth Fern\u00e1ndez naci\u00f3 en la Ciudad de M\u00e9xico, curs\u00f3 la licenciatura en Historia del Arte y realiz\u00f3 estudios de fotograf\u00eda y artes visuales. Hace 10 a\u00f1os se adentr\u00f3 en el tema de la liberaci\u00f3n animal, mismo que ella considera el movimiento social m\u00e1s importante de este siglo. Desde el a\u00f1o 2003 que inici\u00f3 con la fotograf\u00eda retratando a su hija, ha obtenido varios reconocimientos y premios por concursos fotogr\u00e1ficos convocados por diversos medios e instituciones p\u00fablicas y privadas, y ha participado en m\u00faltiples exposiciones colectivas e individuales con tem\u00e1ticas diversas. Sin embargo, sostiene que ha sido su trabajo por los Derechos Animales, lo que le ha dado sentido a su quehacer fotogr\u00e1fico.<br \/>\nEl fot\u00f3grafo Enrique Villase\u00f1or, presidente del Consejo Mexicano de Fotograf\u00eda y coordinador de seis bienales de fotoperiodismo en M\u00e9xico, se ha referido as\u00ed sobre la obra de Elideth Fern\u00e1ndez: \u00bb Violencia, abuso, indefensi\u00f3n y crueldad como elementos colectivos, tem\u00e1ticos, est\u00e9ticos y pol\u00edticos considerados y abordados hacia la conformaci\u00f3n de una categor\u00eda fotogr\u00e1fica perfectamente delineada que gracias a las aportaciones de Elideth Fern\u00e1ndez podr\u00eda ser utilizado por grupos comunitarios, espacios educativos, culturales o solidarios como un g\u00e9nero fotogr\u00e1fico documental y art\u00edstico hacia la defensa de los derechos de los animales. \u00bb<br \/>\n\u00abNos sembraron miedo, nos crecieron alas \u00bb es el t\u00edtulo de la serie de im\u00e1genes que present\u00e9 en este certamen. Tom\u00e9 prestada la frase de una estrofa de \u00bb Canci\u00f3n Sin Miedo \u00ab, letra y m\u00fasica de la cantautora coahuilense Vivir Quintana, quien hizo estremecer, al un\u00edsono con el extraordinario coro El Palomar, a decenas de miles de mujeres que escuchamos, por primera vez la canci\u00f3n, en el concierto de Mon Laferte que tuvo lugar en el Z\u00f3calo de la Ciudad de M\u00e9xico, un d\u00eda previo al 8 de marzo de 2020, coment\u00f3 Elideth posterior a ser premiada.<br \/>\nElideth Fern\u00e1ndez se describe como una persona apasionada del arte y volcada a defender los derechos humanos y animales: \u00abSoy FEMINISTA, ANTITAURINA y ARTIVISTA por los Derechos de los Animales, no quiero perder la oportunidad para llamar a la reflexi\u00f3n y no olvidar que todas las luchas sociales tienen puntos b\u00e1sicos de encuentro, est\u00e1n interconectadas. En este sentido, el movimiento por los Derechos Animales y el movimiento por los Derechos de las Mujeres igualmente luchan contra la opresi\u00f3n, la dominaci\u00f3n y la discriminaci\u00f3n, que reducen al otro a mero objeto de explotaci\u00f3n y consumo. \u00bb<br \/>\nEn 2016 la artista public\u00f3 un libro digital titulado, ANIMALES: CONCIENCIA Y DERECHOS, a trav\u00e9s de Movimiento Consciencia &#8211; Fundaci\u00f3n Internacional por el Reconocimiento de la Consciencia y los Derechos de los Animales- a la cual pertenezco y donde me acompa\u00f1aron con un texto, la escritora Elena Poniatowska, el escritor e historietista Eduardo el Rio, RIUS, (QEPD), el poeta Homero Aridjis, la escritora Francesca Gargallo, la historiadora de arte y fil\u00f3sofa Tatiana Espinasa, el poeta Filiberto Cruz y el escritor animalista espa\u00f1ol Julio Ortega. Se puede ver en l\u00ednea y cuenta con cien im\u00e1genes.<br \/>\nElideth tambi\u00e9n particip\u00f3 en la construcci\u00f3n de la agenda legislativa animalista de Veracruz en 2014, en la actualidad Villegas Fern\u00e1ndez coordina con la curadora y promotora cultural Gloria Maldonado Ans\u00f3 la \u00bb Red de artistas e intelectuales por la abolici\u00f3n de la tauromaquia \u00ab, la cual est\u00e1 integrada por personajes ic\u00f3nicos de la cultura en M\u00e9xico, conscientes de la importancia del tema y de la necesidad de condenar las corridas de toros como cualquier otra forma de exaltaci\u00f3n y normalizaci\u00f3n de la violencia pues resulta indispensable subrayar que este tipo de tradiciones de extrema crueldad traen consigo graves consecuencias sociales, culturales y pol\u00edticas. Adem\u00e1s del sufrimiento innecesario de un individuo con capacidad de sentir. \u00a1Muchas felicidades por este merecido premio Elideth y gran trabajo a favor de los animales!<\/p>\n<p>Envenenan perros en Coatepec<br \/>\nEn el fraccionamiento Hacienda Cafetales del municipio de Coatepec, vecinos denuncian que perros han sido asesinados con bistecs de pollo envenenados. En el lugar conocido tambi\u00e9n como Casas Geo, los vecinos se\u00f1alan que tambi\u00e9n han encontrado aves y gatos muertos que han consumido estas trampas. Luego de estos hechos, una vecina acudi\u00f3 a la Fiscal\u00eda a interponer una denuncia formal, esperemos act\u00faen pronto las autoridades pues la gente que hace estas cosas no piensa que un ni\u00f1o o alguna persona en situaci\u00f3n de calle tambi\u00e9n podr\u00edan entrar en contacto con el veneno y tener graves consecuencias en su salud.<\/p>\n<p>gaem80@gmail.com<\/p>\n","protected":false},"excerpt":{"rendered":"<p>Maricarmen Garc\u00eda El\u00edas Animalia Elideth Fern\u00e1ndez reconocida activista por los Derechos Animales en M\u00e9xico, fue acreedora del segundo lugar en el Sexto Concurso Nacional de Fotograf\u00eda \u00bb Los Derechos Humanos \u00ab, convocado por la Secretar\u00eda de Cultura Federal, la Secretar\u00eda de Cultura del Gobierno del Estado de Coahuila de Zaragoza, en colaboraci\u00f3n con Cuartoscuro, la [&hellip;]<\/p>\n","protected":false},"author":2,"featured_media":0,"comment_status":"open","ping_status":"open","sticky":false,"template":"","format":"standard","meta":{"_jetpack_newsletter_access":"","_jetpack_dont_email_post_to_subs":false,"_jetpack_newsletter_tier_id":0,"_jetpack_memberships_contains_paywalled_content":false,"_jetpack_memberships_contains_paid_content":false,"footnotes":""},"categories":[6451],"tags":[22464,18154,22465,16506,195,463],"class_list":["post-62418","post","type-post","status-publish","format-standard","hentry","category-historias_de_amigos","tag-derechos-animales-en-mexico","tag-elideth-fernandez","tag-fundacion-pedro-valtierra","tag-indefension","tag-veracruz","tag-violencia"],"jetpack_featured_media_url":"","jetpack_sharing_enabled":true,"jetpack_shortlink":"https:\/\/wp.me\/p4Qcd3-geK","_links":{"self":[{"href":"https:\/\/lospoliticosveracruz.com.mx\/index.php?rest_route=\/wp\/v2\/posts\/62418","targetHints":{"allow":["GET"]}}],"collection":[{"href":"https:\/\/lospoliticosveracruz.com.mx\/index.php?rest_route=\/wp\/v2\/posts"}],"about":[{"href":"https:\/\/lospoliticosveracruz.com.mx\/index.php?rest_route=\/wp\/v2\/types\/post"}],"author":[{"embeddable":true,"href":"https:\/\/lospoliticosveracruz.com.mx\/index.php?rest_route=\/wp\/v2\/users\/2"}],"replies":[{"embeddable":true,"href":"https:\/\/lospoliticosveracruz.com.mx\/index.php?rest_route=%2Fwp%2Fv2%2Fcomments&post=62418"}],"version-history":[{"count":1,"href":"https:\/\/lospoliticosveracruz.com.mx\/index.php?rest_route=\/wp\/v2\/posts\/62418\/revisions"}],"predecessor-version":[{"id":62422,"href":"https:\/\/lospoliticosveracruz.com.mx\/index.php?rest_route=\/wp\/v2\/posts\/62418\/revisions\/62422"}],"wp:attachment":[{"href":"https:\/\/lospoliticosveracruz.com.mx\/index.php?rest_route=%2Fwp%2Fv2%2Fmedia&parent=62418"}],"wp:term":[{"taxonomy":"category","embeddable":true,"href":"https:\/\/lospoliticosveracruz.com.mx\/index.php?rest_route=%2Fwp%2Fv2%2Fcategories&post=62418"},{"taxonomy":"post_tag","embeddable":true,"href":"https:\/\/lospoliticosveracruz.com.mx\/index.php?rest_route=%2Fwp%2Fv2%2Ftags&post=62418"}],"curies":[{"name":"wp","href":"https:\/\/api.w.org\/{rel}","templated":true}]}}