{"id":62431,"date":"2020-10-14T08:32:43","date_gmt":"2020-10-14T13:32:43","guid":{"rendered":"http:\/\/www.lospoliticosveracruz.com.mx\/?p=62431"},"modified":"2020-10-14T08:32:43","modified_gmt":"2020-10-14T13:32:43","slug":"cuic-pone-en-jaque-a-manuel","status":"publish","type":"post","link":"https:\/\/lospoliticosveracruz.com.mx\/?p=62431","title":{"rendered":"Cuic pone en jaque a Manuel!"},"content":{"rendered":"<p>&nbsp;<\/p>\n<p><strong>Ricardo Ch\u00faa<\/strong><br \/>\n<em>Sale y Vale<\/em><\/p>\n<p>&nbsp;<\/p>\n<p>EL LECTOR&#8230;. En cualquier medio de comunicaci\u00f3n del mundo, el lector es lo m\u00e1s importante&#8230; Por eso, congratula saber a trav\u00e9s de redes sociales, que hay personas que todos los d\u00edas del a\u00f1o, leen, critican y analizan la labor period\u00edstica que se realiza en donde laboras&#8230; Tal es el caso de Do\u00f1a Charo y Don \u00c1ngel, dos personas con toda la experiencia de la vida, porte\u00f1os, que cada d\u00eda, leen el NOTIVER y no se lo pierden&#8230; Fieles lectores desde que naci\u00f3&#8230; Y que pese a la pandemia del COVID, ellos siguen siendo leales&#8230;<\/p>\n<p>&nbsp;<a href=\"https:\/\/www.facebook.com\/notaria61veracruz\/\"><img decoding=\"async\" src=\"http:\/\/www.lospoliticosveracruz.com.mx\/wp-content\/uploads\/2020\/07\/CINTILLO-Armando.jpg\" alt=\"\" \/><\/a><\/p>\n<p>Do\u00f1a Charo y Don \u00c1ngel son esa clase de personas para los que los periodistas deben de escribir&#8230; Son parte de una sociedad civil, que le apuesta a la informaci\u00f3n objetiva&#8230; Y, eso, les ha dado \u00abfrutos\u00bb&#8230; Dado que una de sus nietas, Natalia Lagunes, es alumna predilecta de la \u00abVecina\u00bb Luz Mar\u00eda Rivera, \u00abLa Diabla\u00bb, en su digital \u00abEl Mercurio\u00bb, ah\u00ed tiene tiempo trabajando como periodista&#8230; Para seguir los pasos del orgullo literario de la Cuenca del Papaloapan&#8230; Todo ello, gracias a sus abuelos, que le inculcaron a su nieta, el h\u00e1bito de la lectura en NOTIVER&#8230;<br \/>\nEstos dos lectores siempre van de la mano, leyendo cada una de las notas y columnas que se publican en NOTIVER&#8230; Desde muy temprano, esperan que les llegue el peri\u00f3dico y no se detienen hasta leer \u00abSucesos\u00bb&#8230; Por personas as\u00ed, no nos queda m\u00e1s, que seguir adelante&#8230; Gracias por su preferencia.. Ah por cierto, Do\u00f1a Charo y Don \u00c1ngel tambi\u00e9n son admiradores del trabajo fotogr\u00e1fico del nuevo \u00abagregado\u00bb cultura\u00bb de EU en NOTIVER, Hugo Garrido Montiel&#8230; Buenas noticias en d\u00edas tan dif\u00edciles.. GRACIAS&#8230;<\/p>\n<p>MATANGA.. Pase lo que pase en la elecci\u00f3n interna de MORENA a dirigente nacional entre Porfirio Mu\u00f1oz Ledo y Mario Delgado Carrillo&#8230; Lean bien, gane quien gane, la dirigencia estatal de este partido de los Morenos en Veracruz, se queda en manos, de la gente cercana a Cuitl\u00e1huac Garc\u00eda Jim\u00e9nez&#8230; Ayer por la tarde, se inform\u00f3 que el gobernador, le dio la \u00ab\u00faltima estocada\u00bb pol\u00edtica al equipo del delegado del gobierno federal en Veracruz, Manuel Huerta, que aun mantiene el control de este organismo pol\u00edtico en la entidad&#8230;<br \/>\nDe esa forma, Cuitl\u00e1huac Garc\u00eda por alguna extra\u00f1a raz\u00f3n y \u00abmetamorfosis\u00bb pol\u00edtica.. Se est\u00e1 adue\u00f1ando de MORENA en Veracruz.. De sus estructuras y de los grupos que no le eran tan leales a Manuel Huerta&#8230; De qu\u00e9 pueda servir esto, de que el gobernador tome el control del partido, en materia de acci\u00f3n pol\u00edtica, eso si qui\u00e9n sabe, pero deja en claro, que como en los tiempos del viejo PRI&#8230; El que manda en el Estado, es el gobernador con una \u00abfe ciega\u00bb al Presidente de M\u00e9xico en turno&#8230; Nada cambi\u00f3&#8230; S\u00f3lo los jugadores&#8230;<br \/>\nS\u00f3lo como dato.. Para nadie es un secreto en Veracruz y MORENA&#8230; Que el personaje que m\u00e1s conoc\u00eda las entra\u00f1as del partido y que ten\u00eda referencia real de la militancia y grupos pol\u00edticos de Morenos, era Manuel Huerta.. Nadie m\u00e1s que \u00e9l&#8230; Ni siquiera Cuitl\u00e1huac ten\u00eda tanta informaci\u00f3n de lo que se mueve en el organismo pol\u00edtico&#8230; Este \u00abgolpe\u00bb de confirmarse&#8230; Ser\u00eda demoledor para Huerta y sus aspiraciones al 2021&#8230; No s\u00f3lo la de \u00e9l sino la de su equipo&#8230; Esto es pol\u00edtica, no \u00abjuego de matatena\u00bb&#8230; Y el poder es el poder.. AMEN.. REQUIEM&#8230;<\/p>\n<p>LA APERTURA&#8230; Despu\u00e9s de que mucho se critic\u00f3 que el gobierno de Fernando Yunes permitiera la apertura del Centro Hist\u00f3rico del puerto de Veracruz y la zona de Los Portales&#8230; Pese a la contingencia sanitaria del Coronavirus, que aun se vive, pero que los estragos econ\u00f3micos hac\u00edan que estos sitios no siguieran cerrados porque la debacle financiera, ser\u00eda irreversible&#8230; La Asociaci\u00f3n Nacional del Consejo de Participaci\u00f3n Ciudadana, dio el aval al alcalde porte\u00f1o.. No por \u00abgrillas\u00bb sino por necesidad de reactivaci\u00f3n econ\u00f3mica&#8230;<br \/>\nAlgo inteligente que se ha dicho, sobre el tema, lo se\u00f1al\u00f3, Angello Matiello, y, que, es bueno reproducirlo, donde se\u00f1ala que si siguen los protocolos sanitarios, el uso de cubrebocas y la sana distancia, estos eventos se pueden realizar.. Sin caer, en \u00abgrillas\u00bb pol\u00edticas entre gobiernos municipal y estatal, por estos \u00abfines de semana de reapertura\u00bb&#8230; En pocas palabras, p\u00f3nganse a trabajar cuidando protocolos de salud, haciendo conciencia en la sociedad que sino se cuida, se enferma y que salgan a gastar en negocios locales para reactivar econom\u00eda..<br \/>\nPor fin, algo sensato&#8230; La crisis econ\u00f3mica est\u00e1 afectando a todos.. Hay que salir, pero con precauci\u00f3n&#8230; Al final de cuentas, lo que deber\u00edan hacer las autoridades estatales y municipales para tener un mayor control&#8230; Es establecer operativos en estos sitios para sancionar a todas aquellas personas que no respeten los protocolos sanitarios para que vean a lo que se atienen y con ello, se pueda reabrir m\u00e1s zonas que generen el desarrollo econ\u00f3mico, detenido por el COVID&#8230; BUENA IDEA Matiello..<\/p>\n","protected":false},"excerpt":{"rendered":"<p>&nbsp; Ricardo Ch\u00faa Sale y Vale &nbsp; EL LECTOR&#8230;. En cualquier medio de comunicaci\u00f3n del mundo, el lector es lo m\u00e1s importante&#8230; Por eso, congratula saber a trav\u00e9s de redes sociales, que hay personas que todos los d\u00edas del a\u00f1o, leen, critican y analizan la labor period\u00edstica que se realiza en donde laboras&#8230; Tal es [&hellip;]<\/p>\n","protected":false},"author":2,"featured_media":0,"comment_status":"open","ping_status":"open","sticky":false,"template":"","format":"standard","meta":{"_jetpack_newsletter_access":"","_jetpack_dont_email_post_to_subs":false,"_jetpack_newsletter_tier_id":0,"_jetpack_memberships_contains_paywalled_content":false,"_jetpack_memberships_contains_paid_content":false,"footnotes":""},"categories":[70],"tags":[1563,19718,535,22330,20170,1026,1225,16929,1025,22473,195],"class_list":["post-62431","post","type-post","status-publish","format-standard","hentry","category-de-opinion","tag-cuitlahuac-garcia-jimenez","tag-delegado-manuel-huerta-ladron-de-guevara","tag-fernando-yunes","tag-hugo-garrido-montiel","tag-mario-delgado-carrillo","tag-morena","tag-notiver","tag-pandemia","tag-porfirio-munoz-ledo","tag-reapertura","tag-veracruz"],"jetpack_featured_media_url":"","jetpack_sharing_enabled":true,"jetpack_shortlink":"https:\/\/wp.me\/p4Qcd3-geX","_links":{"self":[{"href":"https:\/\/lospoliticosveracruz.com.mx\/index.php?rest_route=\/wp\/v2\/posts\/62431","targetHints":{"allow":["GET"]}}],"collection":[{"href":"https:\/\/lospoliticosveracruz.com.mx\/index.php?rest_route=\/wp\/v2\/posts"}],"about":[{"href":"https:\/\/lospoliticosveracruz.com.mx\/index.php?rest_route=\/wp\/v2\/types\/post"}],"author":[{"embeddable":true,"href":"https:\/\/lospoliticosveracruz.com.mx\/index.php?rest_route=\/wp\/v2\/users\/2"}],"replies":[{"embeddable":true,"href":"https:\/\/lospoliticosveracruz.com.mx\/index.php?rest_route=%2Fwp%2Fv2%2Fcomments&post=62431"}],"version-history":[{"count":1,"href":"https:\/\/lospoliticosveracruz.com.mx\/index.php?rest_route=\/wp\/v2\/posts\/62431\/revisions"}],"predecessor-version":[{"id":62433,"href":"https:\/\/lospoliticosveracruz.com.mx\/index.php?rest_route=\/wp\/v2\/posts\/62431\/revisions\/62433"}],"wp:attachment":[{"href":"https:\/\/lospoliticosveracruz.com.mx\/index.php?rest_route=%2Fwp%2Fv2%2Fmedia&parent=62431"}],"wp:term":[{"taxonomy":"category","embeddable":true,"href":"https:\/\/lospoliticosveracruz.com.mx\/index.php?rest_route=%2Fwp%2Fv2%2Fcategories&post=62431"},{"taxonomy":"post_tag","embeddable":true,"href":"https:\/\/lospoliticosveracruz.com.mx\/index.php?rest_route=%2Fwp%2Fv2%2Ftags&post=62431"}],"curies":[{"name":"wp","href":"https:\/\/api.w.org\/{rel}","templated":true}]}}