{"id":62459,"date":"2020-10-14T18:35:29","date_gmt":"2020-10-14T23:35:29","guid":{"rendered":"http:\/\/www.lospoliticosveracruz.com.mx\/?p=62459"},"modified":"2020-10-14T18:35:29","modified_gmt":"2020-10-14T23:35:29","slug":"necesarios-mas-y-mejores-liderazgos-femeninos-diaz-tablada","status":"publish","type":"post","link":"https:\/\/lospoliticosveracruz.com.mx\/?p=62459","title":{"rendered":"Necesarios, m\u00e1s y mejores liderazgos femeninos: D\u00edaz Tablada"},"content":{"rendered":"<p>&nbsp;<br \/>\nLa Magistrada Presidenta del Tribunal Electoral de Veracruz (TEV) y Presidenta del Observatorio de Participaci\u00f3n Pol\u00edtica de las Mujeres en Veracruz, Claudia D\u00edaz Tablada, afirm\u00f3 que \u201cel voto femenino ha sido determinante en la modernizaci\u00f3n de nuestra sociedad que hoy precisa de m\u00e1s y mejores liderazgos pol\u00edticos femeninos que vigilen que se respeten los derechos pol\u00edticos de las mujeres y contribuyan a erradicar la violencia pol\u00edtica en raz\u00f3n de g\u00e9nero\u201d.<br \/>\nLo anterior al participar en el Conversatorio Virtual: \u201cVoto Femenino y la Participaci\u00f3n Pol\u00edtica de las Mujeres\u201d, organizado por el Instituto Veracruzano de las Mujeres (IVM), el Organismo P\u00fablico Local Electoral (OPLE) y el Tribunal Electoral de Veracruz.<br \/>\nEn el evento virtual en el que participaron Mar\u00eda del Roc\u00edo Villafuerte Mart\u00ednez, del IVM; Ivonne Trujillo Ortiz, Diputada Local del Congreso de Veracruz; Martha Mendoza Parissi y Namiko Matzumoto Ben\u00edtez, Presidenta de la Comisi\u00f3n Estatal de Derechos Humanos y las titulares de las diversas Unidades de G\u00e9nero del Estado, se determin\u00f3 que el Observatorio de Participaci\u00f3n Pol\u00edtica de las Mujeres en Veracruz trabaja por estos objetivos y busca consolidar voluntades, frentes comunes, ideales y una misma l\u00ednea de conocimientos y esfuerzos conjuntos.<br \/>\nIvonne Trujillo Ort\u00edz enfatiz\u00f3 que para el 2021 ser\u00e1 una elecci\u00f3n hist\u00f3rica porque se llevar\u00e1 a cabo una paridad sustantiva, adem\u00e1s el reto para el pr\u00f3ximo proceso electoral es alcanzar la paridad en todo y garantizar la participaci\u00f3n igualitaria de las mujeres.<br \/>\n\u201cEl a\u00f1o 2021 es la votaci\u00f3n m\u00e1s esperada de las mujeres y actualmente se aprob\u00f3 en el Congreso la violencia digital, ya que por temas del Covid, en las redes sociales la violencia se ha disparado de forma significativa y por ello fue necesario actuar y as\u00ed garantizar una protecci\u00f3n real\u201d.<br \/>\nMartha Mendoza Parissi, se\u00f1al\u00f3 la importancia de la participaci\u00f3n de las mujeres en la pol\u00edtica y los fuertes obst\u00e1culos que d\u00eda d\u00eda enfrentan, indic\u00f3 que lamentablemente se han generado a partir de los privilegios establecidos hacia los hombres y al sentirse desplazados generan violencia pol\u00edtica.<br \/>\n\u201cActualmente es momento de las mujeres y existe una mayor participaci\u00f3n de ellas en diversos puntos estrat\u00e9gicos, pero se lograr\u00e1 consolidar si se genera una red de mujeres con la cual se apoye y genere un bloque en com\u00fan para impulsar a m\u00e1s compa\u00f1eras a ser part\u00edcipes en puestos de toma de decisiones\u201d.<\/p>\n","protected":false},"excerpt":{"rendered":"<p>&nbsp; La Magistrada Presidenta del Tribunal Electoral de Veracruz (TEV) y Presidenta del Observatorio de Participaci\u00f3n Pol\u00edtica de las Mujeres en Veracruz, Claudia D\u00edaz Tablada, afirm\u00f3 que \u201cel voto femenino ha sido determinante en la modernizaci\u00f3n de nuestra sociedad que hoy precisa de m\u00e1s y mejores liderazgos pol\u00edticos femeninos que vigilen que se respeten los [&hellip;]<\/p>\n","protected":false},"author":2,"featured_media":0,"comment_status":"open","ping_status":"open","sticky":false,"template":"","format":"standard","meta":{"_jetpack_newsletter_access":"","_jetpack_dont_email_post_to_subs":false,"_jetpack_newsletter_tier_id":0,"_jetpack_memberships_contains_paywalled_content":false,"_jetpack_memberships_contains_paid_content":false,"footnotes":""},"categories":[73],"tags":[15924,4506,17829,13408,22502,22504,22501,3272,22505,8317,6753],"class_list":["post-62459","post","type-post","status-publish","format-standard","hentry","category-de-boleto","tag-claudia-diaz-tablada","tag-comision-estatal-de-derechos-humanos","tag-covid","tag-ivonne-trujillo-ortiz","tag-martha-mendoza-parissi-y-namiko-matzumoto-benitez","tag-mujeres-en-veracruz","tag-observatorio-de-participacion-politica-de-las-mujeres","tag-ople","tag-participacion-politica","tag-tev","tag-tribunal-electoral-de-veracruz"],"jetpack_featured_media_url":"","jetpack_sharing_enabled":true,"jetpack_shortlink":"https:\/\/wp.me\/p4Qcd3-gfp","_links":{"self":[{"href":"https:\/\/lospoliticosveracruz.com.mx\/index.php?rest_route=\/wp\/v2\/posts\/62459","targetHints":{"allow":["GET"]}}],"collection":[{"href":"https:\/\/lospoliticosveracruz.com.mx\/index.php?rest_route=\/wp\/v2\/posts"}],"about":[{"href":"https:\/\/lospoliticosveracruz.com.mx\/index.php?rest_route=\/wp\/v2\/types\/post"}],"author":[{"embeddable":true,"href":"https:\/\/lospoliticosveracruz.com.mx\/index.php?rest_route=\/wp\/v2\/users\/2"}],"replies":[{"embeddable":true,"href":"https:\/\/lospoliticosveracruz.com.mx\/index.php?rest_route=%2Fwp%2Fv2%2Fcomments&post=62459"}],"version-history":[{"count":1,"href":"https:\/\/lospoliticosveracruz.com.mx\/index.php?rest_route=\/wp\/v2\/posts\/62459\/revisions"}],"predecessor-version":[{"id":62461,"href":"https:\/\/lospoliticosveracruz.com.mx\/index.php?rest_route=\/wp\/v2\/posts\/62459\/revisions\/62461"}],"wp:attachment":[{"href":"https:\/\/lospoliticosveracruz.com.mx\/index.php?rest_route=%2Fwp%2Fv2%2Fmedia&parent=62459"}],"wp:term":[{"taxonomy":"category","embeddable":true,"href":"https:\/\/lospoliticosveracruz.com.mx\/index.php?rest_route=%2Fwp%2Fv2%2Fcategories&post=62459"},{"taxonomy":"post_tag","embeddable":true,"href":"https:\/\/lospoliticosveracruz.com.mx\/index.php?rest_route=%2Fwp%2Fv2%2Ftags&post=62459"}],"curies":[{"name":"wp","href":"https:\/\/api.w.org\/{rel}","templated":true}]}}