{"id":62489,"date":"2020-10-15T08:41:50","date_gmt":"2020-10-15T13:41:50","guid":{"rendered":"http:\/\/www.lospoliticosveracruz.com.mx\/?p=62489"},"modified":"2020-10-15T08:45:39","modified_gmt":"2020-10-15T13:45:39","slug":"es-yunes-el-bueno","status":"publish","type":"post","link":"https:\/\/lospoliticosveracruz.com.mx\/?p=62489","title":{"rendered":"Es Yunes, el bueno!"},"content":{"rendered":"<p>&nbsp;<\/p>\n<p><strong>Ricardo Ch\u00faa<\/strong><br \/>\n<em>Sale y Vale<\/em><\/p>\n<p>OJO&#8230; Nuestro \u00abChambero\u00bb xalape\u00f1o nos informa que existe una \u00abgran\u00bb posibilidad que el empresario constructor, \u00bfpanista? y ex diputado federal, Rafael Acosta Croda, al que todos dicen \u00abEl loco\u00bb Croda, sea postulado para buscar la alcald\u00eda de Veracruz puerto para el 2021&#8230; Por el partido de formaci\u00f3n estatal \u00abPODEMOS\u00bb&#8230; Ya que ayer en un sitio de la capital del Estado, Francisco Garrido, el l\u00edder de este organismo en la entidad, sostuvo una reuni\u00f3n con este magnate de la obra p\u00fablica porte\u00f1a en los tiempos del PAN..<\/p>\n<p>&nbsp;<br \/>\n<a href=\"https:\/\/www.facebook.com\/notaria61veracruz\/\"><img decoding=\"async\" src=\"http:\/\/www.lospoliticosveracruz.com.mx\/wp-content\/uploads\/2020\/07\/CINTILLO-Armando.jpg\" alt=\"\" \/><\/a><br \/>\n&nbsp;<\/p>\n<p>Esto no ser\u00eda nada raro porque todos los partidos tanto de MORENA como de oposici\u00f3n.. Est\u00e1n buscando cuadros pol\u00edticos reales y confiables para lanzarlos como sus candidatos a cargos de elecci\u00f3n popular que habr\u00e1 en el proceso local del 2021&#8230; Acosta Croda, con todos sus asegunes, siempre se manej\u00f3 independiente, y como ten\u00eda dinero propio para no dejarse \u00abmangonear\u00bb por nadie, pues, no se dej\u00f3&#8230; Ahora con Garrido buscar\u00eda ser una opci\u00f3n m\u00e1s para lograr la alcald\u00eda porte\u00f1a&#8230; Que lo nominen, puede ser&#8230; Que le alcance, es otra cosa&#8230;<\/p>\n<p>COATZA, SIN CAZAR\u00cdN PERO CON AMADO&#8230; Al final de cuentas, los diputados locales de MORENA: Juan Javier G\u00f3mez Cazar\u00edn y Amado Cruz Malpica, se quedaron como la canci\u00f3n de Jos\u00e9 Jos\u00e9: \u00abPayaso\u00bb&#8230; Donde se\u00f1ala que uno, no es lo que quiere sino lo que puede ser&#8230; Ya que finalmente, aunque \u00e9l no lo va a reconocer, el abogado sure\u00f1o ya fue informado que L\u00f3pez Obrador, lo desea como su candidato a diputado federal por ese distrito .. Amado va de legislador federal, no de alcalde&#8230;<\/p>\n<p>Misma decisi\u00f3n que no ser\u00e1 afectada, gane quien gane la dirigencia nacional de MORENA: Porfirio Mu\u00f1oz Ledo o Mario Delgado&#8230; Ya que Amado Cruz mantiene buenas relaciones con ambos y adem\u00e1s es un \u00abporfiriista\u00bb declarado.. Pero en Palacio Nacional lo tienen calificado como uno de los 6 aspirantes a diputados federales en el pa\u00eds, de los 300 que postular\u00e1n los Morenos, que m\u00e1s amplio conocimiento tienen del debate parlamentario&#8230; Algo que le urge a AMLO&#8230; Un \u00abMini-Porfirio\u00bb&#8230; Gan\u00f3, perdiendo&#8230; Coatza puede esperar&#8230; LA 4T NO&#8230;<\/p>\n<p>Por otro lado, es un \u00absecreto a voces\u00bb que Juan Javier G\u00f3mez Cazar\u00edn, l\u00edder de la bancada de MORENA en el Congreso del Estado, no ser\u00e1 CANDIDATO a la alcald\u00eda de Coatzacoalcos&#8230; Le dice BYE BYE a la aspiraci\u00f3n de gobernar esa ciudad&#8230; Obvio que el de Hueyapan de Ocampo, sabe muy bien, qui\u00e9n y c\u00f3mo lo empinaron para \u00abbloquearle\u00bb su precandidatura&#8230; A d\u00f3nde hicieron llegar la informaci\u00f3n y el por qu\u00e9&#8230; Debe tener ya la pel\u00edcula completa&#8230; Sin pretenderlo, era el m\u00e1s fuerte y con m\u00e1s posibilidades&#8230; Pero se le \u00abderrumb\u00f3\u00bb&#8230;<\/p>\n<p>Si bien es cierto, los excesos cometidos como diputado y todo lo hecho p\u00fablico con su vida privada&#8230; Su \u00abtren de vida\u00bb y el etc\u00e9tera correspondiente, pudo abonar a que esta aspiraci\u00f3n personal fuera fallida&#8230; Lo que es un hecho, es que en MORENA eso no importa mucho cuando est\u00e1s bien \u00abamarrado\u00bb&#8230; Al menos, que seas \u00abficha de cambio\u00bb por otra personaje que tambi\u00e9n pronto va a caer&#8230; Entre Veracruz y Palacio Nacional decidieron las \u00abdos ca\u00eddas\u00bb, uno se va y el otro, no va&#8230; EL QUE ENTENDI\u00d3, ENTENDI\u00d3&#8230;<\/p>\n<p>CEAPP, EL OTRO \u00abTAPADO\u00bb&#8230; Bien dec\u00eda Fernando Guti\u00e9rrez Barrios, que en esta vida como en la pol\u00edtica. todo tiene su tiempo y momento&#8230; A lo mejor es t\u00fa tiempo, pero no t\u00fa momento y viceversa&#8230; Pero cuando ambas se juntan, hay que aprovecharlas porque qui\u00e9n sabe si tengas otra oportunidad&#8230;. Y cuando todo parec\u00eda que el periodista, Mario Lozano Carbonell, ser\u00eda el ELEGIDO para quedarse con la Presidencia de la Comisi\u00f3n Estatal de Atenci\u00f3n de Protecci\u00f3n a Periodistas (CEAPP)&#8230; PUM&#8230; Que le surge otro \u00abtapado\u00bb&#8230;<\/p>\n<p>Por lo cual, todo parece indicar, que en estos d\u00edas aciagos donde se \u00abfiltraron\u00bb nombres, manejaron posturas, buscaron reuniones entre grupos de periodistas para quedarse con el cargo que en unas semanas deja la \u00abvecina\u00bb, Ana Laura P\u00e9rez Mendoza, se \u00abaceleraron\u00bb los tiempos como en aquellos a\u00f1os del PRI, cuando se hac\u00eda todo un \u00abritual\u00bb del juego sucesorio Presidencial sexenal y empezaban los \u00abdestapes\u00bb&#8230; Aqu\u00ed para la CEAPP, no sucedi\u00f3 lo contrario&#8230; Hubo \u00abdestapes\u00bb, pronunciamientos y hasta descalificaciones&#8230; Pero ya hab\u00eda un \u00abtapado\u00bb&#8230;<\/p>\n<p>As\u00ed que, quiz\u00e1s, tambi\u00e9n, \u00abacelerados\u00bb por la \u00abola\u00bb de opiniones medi\u00e1ticas que salieron del tema&#8230; Es que LOS QUE DECIDEN sobre el asunto&#8230; Que tienen el mismo cargo, que los que decidieron en a\u00f1os anteriores&#8230; Al parecer, ya han tomado una decisi\u00f3n sobre ello y, seg\u00fan la persona m\u00e1s informada del caso&#8230; Ya hay \u00abHUMO BLANCO\u00bb sobre qui\u00e9n podr\u00eda quedarse en este sitio.. Siempre y cuando, \u00e9ste acepte la propuesta&#8230; Obvio del \u00abplato a la boca\u00bb&#8230; Pero todo indica, que \u00e9l ser\u00e1 el elegido&#8230;<\/p>\n<p>Hasta ayer por la tarde, repetimos, el que llevaba la \u00abdelantera\u00bb era Mario Lozano&#8230; Hasta pronunciamientos a favor tuvo en redes sociales en d\u00edas pasados.. Pero esto no se decide por simpat\u00edas sino por cercan\u00edas&#8230; Ayer por la tarde, algo sucedi\u00f3 que se decidi\u00f3 un cambio de estafeta, por un compa\u00f1ero de el mismo Lozano, que trabaja en la televisora estatal donde \u00e9l labora: \u00abTvM\u00e1s\u00bb&#8230; Y el \u00abtapado\u00bb es nada menos que; Ramses Yunes Zorrilla&#8230; As\u00ed o m\u00e1s claro&#8230;<\/p>\n<p>Los apellidos lo dicen todo, familia de origen con poder pol\u00edtico y empresarial&#8230; Oriundos de Perote&#8230; Pero Rams\u00e9s, con nombre de fara\u00f3n, lleva toda la vida dedicado al periodismo, ahora quiz\u00e1s, la CEAPP se convertir\u00e1 en su nuevo \u00abEgipto\u00bb&#8230; Un profesional en la radio como en televisi\u00f3n&#8230; Es un periodista serio, de actuar sobrio y sin esc\u00e1ndalos&#8230; As\u00ed que si no pasa nada, en las pr\u00f3ximas semanas, porque es una decisi\u00f3n tambi\u00e9n pol\u00edtica&#8230; Posiblemente Yunes Zorrilla puede ser el que se quede al frente de la CEAPP&#8230;<\/p>\n<p>De esa manera, se acaba de una vez por todas, los rumores y se\u00f1alamientos que se han hecho entorno a esta comisi\u00f3n, que los diputados locales de MORENA ten\u00edan la intenci\u00f3n de desaparecer&#8230; Bien lo se\u00f1alamos en espacios anteriores, esto lo decide, quien lo tiene que decidir, no hay que buscarle m\u00e1s&#8230; Siempre ha sido as\u00ed y lo dem\u00e1s es falacia&#8230; Ahora s\u00f3lo queda esperar si Ramses decide aceptar o que por ah\u00ed surja otro \u00abtapado\u00bb&#8230; Ya no se sabe&#8230; Todo puede suceder&#8230; AMEN&#8230;<\/p>\n","protected":false},"excerpt":{"rendered":"<p>&nbsp; Ricardo Ch\u00faa Sale y Vale OJO&#8230; Nuestro \u00abChambero\u00bb xalape\u00f1o nos informa que existe una \u00abgran\u00bb posibilidad que el empresario constructor, \u00bfpanista? y ex diputado federal, Rafael Acosta Croda, al que todos dicen \u00abEl loco\u00bb Croda, sea postulado para buscar la alcald\u00eda de Veracruz puerto para el 2021&#8230; Por el partido de formaci\u00f3n estatal \u00abPODEMOS\u00bb&#8230; [&hellip;]<\/p>\n","protected":false},"author":2,"featured_media":0,"comment_status":"open","ping_status":"open","sticky":false,"template":"","format":"standard","meta":{"_jetpack_newsletter_access":"","_jetpack_dont_email_post_to_subs":false,"_jetpack_newsletter_tier_id":0,"_jetpack_memberships_contains_paywalled_content":false,"_jetpack_memberships_contains_paid_content":false,"footnotes":""},"categories":[70],"tags":[5618,618,4476,3610,22529,12695,1003,12596,22528,1026,266,1025,2776,6772],"class_list":["post-62489","post","type-post","status-publish","format-standard","hentry","category-de-opinion","tag-amado-cruz-malpica","tag-andres-manuel-lopez-obrador","tag-ceapp","tag-francisco-garrido","tag-humo-blanco","tag-juan-javier-gomez-cazarin","tag-lopez-obrador","tag-mario-delgado","tag-mario-lozano-carbonell","tag-morena","tag-pan","tag-porfirio-munoz-ledo","tag-rafael-acosta-croda","tag-ramses-yunes-zorrilla"],"jetpack_featured_media_url":"","jetpack_sharing_enabled":true,"jetpack_shortlink":"https:\/\/wp.me\/p4Qcd3-gfT","_links":{"self":[{"href":"https:\/\/lospoliticosveracruz.com.mx\/index.php?rest_route=\/wp\/v2\/posts\/62489","targetHints":{"allow":["GET"]}}],"collection":[{"href":"https:\/\/lospoliticosveracruz.com.mx\/index.php?rest_route=\/wp\/v2\/posts"}],"about":[{"href":"https:\/\/lospoliticosveracruz.com.mx\/index.php?rest_route=\/wp\/v2\/types\/post"}],"author":[{"embeddable":true,"href":"https:\/\/lospoliticosveracruz.com.mx\/index.php?rest_route=\/wp\/v2\/users\/2"}],"replies":[{"embeddable":true,"href":"https:\/\/lospoliticosveracruz.com.mx\/index.php?rest_route=%2Fwp%2Fv2%2Fcomments&post=62489"}],"version-history":[{"count":2,"href":"https:\/\/lospoliticosveracruz.com.mx\/index.php?rest_route=\/wp\/v2\/posts\/62489\/revisions"}],"predecessor-version":[{"id":62492,"href":"https:\/\/lospoliticosveracruz.com.mx\/index.php?rest_route=\/wp\/v2\/posts\/62489\/revisions\/62492"}],"wp:attachment":[{"href":"https:\/\/lospoliticosveracruz.com.mx\/index.php?rest_route=%2Fwp%2Fv2%2Fmedia&parent=62489"}],"wp:term":[{"taxonomy":"category","embeddable":true,"href":"https:\/\/lospoliticosveracruz.com.mx\/index.php?rest_route=%2Fwp%2Fv2%2Fcategories&post=62489"},{"taxonomy":"post_tag","embeddable":true,"href":"https:\/\/lospoliticosveracruz.com.mx\/index.php?rest_route=%2Fwp%2Fv2%2Ftags&post=62489"}],"curies":[{"name":"wp","href":"https:\/\/api.w.org\/{rel}","templated":true}]}}