{"id":62747,"date":"2020-10-20T12:45:22","date_gmt":"2020-10-20T17:45:22","guid":{"rendered":"http:\/\/www.lospoliticosveracruz.com.mx\/?p=62747"},"modified":"2020-10-20T12:45:22","modified_gmt":"2020-10-20T17:45:22","slug":"vacunan-a-alito","status":"publish","type":"post","link":"https:\/\/lospoliticosveracruz.com.mx\/?p=62747","title":{"rendered":"Vacunan a Alito!"},"content":{"rendered":"<p>&nbsp;<\/p>\n<p>A fin de contribuir a mitigar los riesgos de enfermedades respiratorias en esta \u00e9poca de invierno, el Comit\u00e9 Ejecutivo Nacional del Partido Revolucionario Institucional (PRI) inici\u00f3 la \u00abCampa\u00f1a de Vacunaci\u00f3n Contra la Influenza\u00bb, aplicando la primer dosis a su Presidente, Alejandro Moreno.<br \/>\nLa campa\u00f1a de inmunizaci\u00f3n es organizada por la Secretar\u00eda Nacional de Gesti\u00f3n Social, en las instalaciones de la sede nacional, por lo que convoc\u00f3 a los militantes para que acudan este 19 y 20 de octubre al servicio m\u00e9dico del CEN del PRI.<br \/>\nDe acuerdo con Lorena Pi\u00f1\u00f3n Rivera, Secretaria de Gesti\u00f3n Social, la meta es que estos dos d\u00edas sean de beneficio para la salud de los priistas, antes de que inicie el invierno y que el cambio de clima provoque el incremento de enfermedades estacionales.<br \/>\nExhort\u00f3 tambi\u00e9n a seguir las medidas preventivas para evitar el contagio de Covid-19, tales como el lavado frecuente de manos, mantener la sana distancia, utilizar cubrebocas, quedarse en casa en lo posible, no exponerse a cambios bruscos de temperatura y llevar una sana alimentaci\u00f3n con el consumo de alimentos ricos en vitamina C.<br \/>\nPi\u00f1\u00f3n Rivera record\u00f3 que, de acuerdo con la Organizaci\u00f3n Mundial de la Salud (OMS) y la Organizaci\u00f3n Panamericana de la Salud (OPS), la influenza es una infecci\u00f3n v\u00edrica que afecta principalmente a la nariz, la garganta, los bronquios y ocasionalmente los pulmones. Por lo que, dijo, es necesario tomar las medidas necesarias para evitar que, en medio de la pandemia, se propague esta enfermedad.<\/p>\n","protected":false},"excerpt":{"rendered":"<p>&nbsp; A fin de contribuir a mitigar los riesgos de enfermedades respiratorias en esta \u00e9poca de invierno, el Comit\u00e9 Ejecutivo Nacional del Partido Revolucionario Institucional (PRI) inici\u00f3 la \u00abCampa\u00f1a de Vacunaci\u00f3n Contra la Influenza\u00bb, aplicando la primer dosis a su Presidente, Alejandro Moreno. La campa\u00f1a de inmunizaci\u00f3n es organizada por la Secretar\u00eda Nacional de Gesti\u00f3n [&hellip;]<\/p>\n","protected":false},"author":2,"featured_media":0,"comment_status":"open","ping_status":"open","sticky":false,"template":"","format":"standard","meta":{"_jetpack_newsletter_access":"","_jetpack_dont_email_post_to_subs":false,"_jetpack_newsletter_tier_id":0,"_jetpack_memberships_contains_paywalled_content":false,"_jetpack_memberships_contains_paid_content":false,"footnotes":""},"categories":[73],"tags":[14170,22764,22763,1186,16673,4770,14850,6369,19008,251,22765],"class_list":["post-62747","post","type-post","status-publish","format-standard","hentry","category-de-boleto","tag-alejandro-moreno","tag-campana-de-inmunizacion","tag-campana-de-vacunacion-contra-la-influenza","tag-cen-del-pri","tag-covid-19","tag-lorena-pinon-rivera","tag-militantes","tag-oms","tag-ops","tag-pri","tag-sede-nacional"],"jetpack_featured_media_url":"","jetpack_sharing_enabled":true,"jetpack_shortlink":"https:\/\/wp.me\/p4Qcd3-gk3","_links":{"self":[{"href":"https:\/\/lospoliticosveracruz.com.mx\/index.php?rest_route=\/wp\/v2\/posts\/62747","targetHints":{"allow":["GET"]}}],"collection":[{"href":"https:\/\/lospoliticosveracruz.com.mx\/index.php?rest_route=\/wp\/v2\/posts"}],"about":[{"href":"https:\/\/lospoliticosveracruz.com.mx\/index.php?rest_route=\/wp\/v2\/types\/post"}],"author":[{"embeddable":true,"href":"https:\/\/lospoliticosveracruz.com.mx\/index.php?rest_route=\/wp\/v2\/users\/2"}],"replies":[{"embeddable":true,"href":"https:\/\/lospoliticosveracruz.com.mx\/index.php?rest_route=%2Fwp%2Fv2%2Fcomments&post=62747"}],"version-history":[{"count":1,"href":"https:\/\/lospoliticosveracruz.com.mx\/index.php?rest_route=\/wp\/v2\/posts\/62747\/revisions"}],"predecessor-version":[{"id":62750,"href":"https:\/\/lospoliticosveracruz.com.mx\/index.php?rest_route=\/wp\/v2\/posts\/62747\/revisions\/62750"}],"wp:attachment":[{"href":"https:\/\/lospoliticosveracruz.com.mx\/index.php?rest_route=%2Fwp%2Fv2%2Fmedia&parent=62747"}],"wp:term":[{"taxonomy":"category","embeddable":true,"href":"https:\/\/lospoliticosveracruz.com.mx\/index.php?rest_route=%2Fwp%2Fv2%2Fcategories&post=62747"},{"taxonomy":"post_tag","embeddable":true,"href":"https:\/\/lospoliticosveracruz.com.mx\/index.php?rest_route=%2Fwp%2Fv2%2Ftags&post=62747"}],"curies":[{"name":"wp","href":"https:\/\/api.w.org\/{rel}","templated":true}]}}