{"id":62762,"date":"2020-10-20T16:46:27","date_gmt":"2020-10-20T21:46:27","guid":{"rendered":"http:\/\/www.lospoliticosveracruz.com.mx\/?p=62762"},"modified":"2020-10-20T16:46:27","modified_gmt":"2020-10-20T21:46:27","slug":"enroques-en-los-30-caballeros","status":"publish","type":"post","link":"https:\/\/lospoliticosveracruz.com.mx\/?p=62762","title":{"rendered":"Enroques en los 30 Caballeros"},"content":{"rendered":"<p>Maximino Garc\u00eda Guzm\u00e1n fue nombrado como nuevo titular de la Jefatura de Atenci\u00f3n Ciudadana del Ayuntamiento de C\u00f3rdoba mientras que Iv\u00e1n Antonio Espinoza Hermida fue designado como encargado de despacho de la Direcci\u00f3n de Comercio.<\/p>\n<p>La presidenta Leticia L\u00f3pez Landero indic\u00f3 que estos movimientos tienen como finalidad eficientar la calidad de los servicios prestados a la ciudadan\u00eda, as\u00ed como reforzar los trabajos de la administraci\u00f3n municipal a favor del desarrollo de C\u00f3rdoba.<br \/>\nL\u00f3pez Landero encarg\u00f3 a Garc\u00eda Guzm\u00e1n impulsar la implementaci\u00f3n del Programa de Calidad de Atenci\u00f3n Ciudadana (PCAC) que la administraci\u00f3n municipal llevar\u00e1 a cabo en coordinaci\u00f3n con el \u00d3rgano de Fiscalizaci\u00f3n Superior del estado de Veracruz (ORFIS)<br \/>\nAgradeci\u00f3 al reci\u00e9n designado su labor al frente de la Direcci\u00f3n de Comercio desde la cual promovi\u00f3 acciones y programas de fortalecimiento del consumo local, la atenci\u00f3n a la emergencia sanitaria, la promulgaci\u00f3n del Reglamento de Comercio municipal, adem\u00e1s de mantener un dialogo constante y fluido con los locatarios del mercado Revoluci\u00f3n, las C\u00e1maras y el comercio establecido.<br \/>\nLa Mun\u00edcipe convoc\u00f3 a Espinoza Hermida a mantener la din\u00e1mica que tiene la Direcci\u00f3n de Comercio y a procurar la mejora de procesos que permitan consolidar la confianza ciudadana en este sector.<br \/>\nL\u00f3pez Landero dijo que los cambios en su administraci\u00f3n buscan fortalecer la gesti\u00f3n publica municipal a fin de brindar un servicio \u00e9tico, eficaz y transparente.<\/p>\n","protected":false},"excerpt":{"rendered":"<p>Maximino Garc\u00eda Guzm\u00e1n fue nombrado como nuevo titular de la Jefatura de Atenci\u00f3n Ciudadana del Ayuntamiento de C\u00f3rdoba mientras que Iv\u00e1n Antonio Espinoza Hermida fue designado como encargado de despacho de la Direcci\u00f3n de Comercio. La presidenta Leticia L\u00f3pez Landero indic\u00f3 que estos movimientos tienen como finalidad eficientar la calidad de los servicios prestados a [&hellip;]<\/p>\n","protected":false},"author":2,"featured_media":0,"comment_status":"open","ping_status":"open","sticky":false,"template":"","format":"standard","meta":{"_jetpack_newsletter_access":"","_jetpack_dont_email_post_to_subs":false,"_jetpack_newsletter_tier_id":0,"_jetpack_memberships_contains_paywalled_content":false,"_jetpack_memberships_contains_paid_content":false,"footnotes":""},"categories":[73],"tags":[19188,22787,22786,7641,19187,22784,22785],"class_list":["post-62762","post","type-post","status-publish","format-standard","hentry","category-de-boleto","tag-direccion-de-comercio","tag-ivan-antonio-espinoza-hermida","tag-jefatura-de-atencion-ciudadana","tag-leticia-lopez-landero","tag-maximino-garcia-guzman","tag-pcac","tag-programa-de-calidad-de-atencion-ciudadana"],"jetpack_featured_media_url":"","jetpack_sharing_enabled":true,"jetpack_shortlink":"https:\/\/wp.me\/p4Qcd3-gki","_links":{"self":[{"href":"https:\/\/lospoliticosveracruz.com.mx\/index.php?rest_route=\/wp\/v2\/posts\/62762","targetHints":{"allow":["GET"]}}],"collection":[{"href":"https:\/\/lospoliticosveracruz.com.mx\/index.php?rest_route=\/wp\/v2\/posts"}],"about":[{"href":"https:\/\/lospoliticosveracruz.com.mx\/index.php?rest_route=\/wp\/v2\/types\/post"}],"author":[{"embeddable":true,"href":"https:\/\/lospoliticosveracruz.com.mx\/index.php?rest_route=\/wp\/v2\/users\/2"}],"replies":[{"embeddable":true,"href":"https:\/\/lospoliticosveracruz.com.mx\/index.php?rest_route=%2Fwp%2Fv2%2Fcomments&post=62762"}],"version-history":[{"count":1,"href":"https:\/\/lospoliticosveracruz.com.mx\/index.php?rest_route=\/wp\/v2\/posts\/62762\/revisions"}],"predecessor-version":[{"id":62763,"href":"https:\/\/lospoliticosveracruz.com.mx\/index.php?rest_route=\/wp\/v2\/posts\/62762\/revisions\/62763"}],"wp:attachment":[{"href":"https:\/\/lospoliticosveracruz.com.mx\/index.php?rest_route=%2Fwp%2Fv2%2Fmedia&parent=62762"}],"wp:term":[{"taxonomy":"category","embeddable":true,"href":"https:\/\/lospoliticosveracruz.com.mx\/index.php?rest_route=%2Fwp%2Fv2%2Fcategories&post=62762"},{"taxonomy":"post_tag","embeddable":true,"href":"https:\/\/lospoliticosveracruz.com.mx\/index.php?rest_route=%2Fwp%2Fv2%2Ftags&post=62762"}],"curies":[{"name":"wp","href":"https:\/\/api.w.org\/{rel}","templated":true}]}}