{"id":62904,"date":"2020-10-23T14:06:07","date_gmt":"2020-10-23T19:06:07","guid":{"rendered":"http:\/\/www.lospoliticosveracruz.com.mx\/?p=62904"},"modified":"2020-10-23T14:06:07","modified_gmt":"2020-10-23T19:06:07","slug":"van-8-obras-mas","status":"publish","type":"post","link":"https:\/\/lospoliticosveracruz.com.mx\/?p=62904","title":{"rendered":"Van 8 obras m\u00e1s!"},"content":{"rendered":"<p>Por unanimidad de votos, las y los integrantes del Consejo de Desarrollo Municipal de C\u00f3rdoba aprobaron el tercer paquete de obras del 2020 en el que se invertir\u00e1n 22 millones 559 mil 769 pesos provenientes del Fondo de Aportaciones para la Infraestructura Social Municipal (FISM).<\/p>\n<p>Durante la tercera Sesi\u00f3n del Consejo de Desarrollo Municipal, el arquitecto Antonio Morales Salinas, director de obras p\u00fablicas del Ayuntamiento de C\u00f3rdoba, detall\u00f3 que este paquete incluye ocho obras, de las que tres son pavimentaci\u00f3n hidr\u00e1ulica, cuatro son pavimentaci\u00f3n asf\u00e1ltica y una rehabilitaci\u00f3n de alumbrado p\u00fablico.<\/p>\n<p>Expuso que las obras a ejecutar en el \u00faltimo trimestre del 2020 est\u00e1n distribuidas en la zona rural y urbana del municipio, tal y como lo instruy\u00f3 la presidenta municipal Leticia L\u00f3pez Landero con el objetivo de propiciar el desarrollo generalizado de C\u00f3rdoba.<\/p>\n<p>De igual forma, por mayor\u00eda de votos, las y los integrantes del Consejo de Desarrollo Municipal aprobaron modificaciones al Programa General de Inversi\u00f3n de Obras y Acciones aprobadas con recursos del Fondo de Aportaciones para la Infraestructura Social Municipal (FISM), en cuanto a montos, metas y descripciones.<\/p>\n","protected":false},"excerpt":{"rendered":"<p>Por unanimidad de votos, las y los integrantes del Consejo de Desarrollo Municipal de C\u00f3rdoba aprobaron el tercer paquete de obras del 2020 en el que se invertir\u00e1n 22 millones 559 mil 769 pesos provenientes del Fondo de Aportaciones para la Infraestructura Social Municipal (FISM). Durante la tercera Sesi\u00f3n del Consejo de Desarrollo Municipal, el [&hellip;]<\/p>\n","protected":false},"author":2,"featured_media":0,"comment_status":"open","ping_status":"open","sticky":false,"template":"","format":"standard","meta":{"_jetpack_newsletter_access":"","_jetpack_dont_email_post_to_subs":false,"_jetpack_newsletter_tier_id":0,"_jetpack_memberships_contains_paywalled_content":false,"_jetpack_memberships_contains_paid_content":false,"footnotes":""},"categories":[73],"tags":[17674,751,6378,7641],"class_list":["post-62904","post","type-post","status-publish","format-standard","hentry","category-de-boleto","tag-consejo-de-desarrollo-municipal","tag-cordoba","tag-fism","tag-leticia-lopez-landero"],"jetpack_featured_media_url":"","jetpack_sharing_enabled":true,"jetpack_shortlink":"https:\/\/wp.me\/p4Qcd3-gmA","_links":{"self":[{"href":"https:\/\/lospoliticosveracruz.com.mx\/index.php?rest_route=\/wp\/v2\/posts\/62904","targetHints":{"allow":["GET"]}}],"collection":[{"href":"https:\/\/lospoliticosveracruz.com.mx\/index.php?rest_route=\/wp\/v2\/posts"}],"about":[{"href":"https:\/\/lospoliticosveracruz.com.mx\/index.php?rest_route=\/wp\/v2\/types\/post"}],"author":[{"embeddable":true,"href":"https:\/\/lospoliticosveracruz.com.mx\/index.php?rest_route=\/wp\/v2\/users\/2"}],"replies":[{"embeddable":true,"href":"https:\/\/lospoliticosveracruz.com.mx\/index.php?rest_route=%2Fwp%2Fv2%2Fcomments&post=62904"}],"version-history":[{"count":1,"href":"https:\/\/lospoliticosveracruz.com.mx\/index.php?rest_route=\/wp\/v2\/posts\/62904\/revisions"}],"predecessor-version":[{"id":62906,"href":"https:\/\/lospoliticosveracruz.com.mx\/index.php?rest_route=\/wp\/v2\/posts\/62904\/revisions\/62906"}],"wp:attachment":[{"href":"https:\/\/lospoliticosveracruz.com.mx\/index.php?rest_route=%2Fwp%2Fv2%2Fmedia&parent=62904"}],"wp:term":[{"taxonomy":"category","embeddable":true,"href":"https:\/\/lospoliticosveracruz.com.mx\/index.php?rest_route=%2Fwp%2Fv2%2Fcategories&post=62904"},{"taxonomy":"post_tag","embeddable":true,"href":"https:\/\/lospoliticosveracruz.com.mx\/index.php?rest_route=%2Fwp%2Fv2%2Ftags&post=62904"}],"curies":[{"name":"wp","href":"https:\/\/api.w.org\/{rel}","templated":true}]}}