{"id":62980,"date":"2020-10-26T08:44:25","date_gmt":"2020-10-26T14:44:25","guid":{"rendered":"http:\/\/www.lospoliticosveracruz.com.mx\/?p=62980"},"modified":"2020-10-26T08:45:10","modified_gmt":"2020-10-26T14:45:10","slug":"exsome-resucito","status":"publish","type":"post","link":"https:\/\/lospoliticosveracruz.com.mx\/?p=62980","title":{"rendered":"Exsome, resucit\u00f3!"},"content":{"rendered":"<p><strong>Ricardo Ch\u00faa<\/strong><br \/>\n<em>Sale y Vale<\/em><\/p>\n<p>Ahora que el INE ratific\u00f3 el triunfo de Mario Delgado como dirigente nacional de MORENA&#8230; Muchos creen que el diputado federal veracruzano, m\u00e1s cercano al nuevo presidente, es el papanteco, Jaime Humberto P\u00e9rez Bernab\u00e9&#8230; PERO NO&#8230; Resulta que el mejor AMIGO del nuevo l\u00edder de los Morenos en el pa\u00eds&#8230; Se llama Ricardo y se apellida, Exsome&#8230; As\u00ed como lo leen, respiren hondo porque hace dos semanas todos lo daban por perdido&#8230; Ahora ha resucitado&#8230;<\/p>\n<p>&nbsp;<br \/>\n<a href=\"https:\/\/www.facebook.com\/notaria61veracruz\/\"><img decoding=\"async\" src=\"http:\/\/www.lospoliticosveracruz.com.mx\/wp-content\/uploads\/2020\/07\/CINTILLO-Armando.jpg\" alt=\"\" \/><\/a><br \/>\n&nbsp;<\/p>\n<p>Al final de cuentas, por esa cercan\u00eda y por las \u00abgrillas\u00bb en contra.. Exsome, les gan\u00f3 la partida en esta lucha por la presidencia.. A todos los \u00abNONATOS\u00bb pol\u00edticos de MORENA en Veracruz&#8230; Que le apostaron a Mu\u00f1oz Ledo y que se sent\u00edan \u00abJuan Camaney\u00bb&#8230; Ahora todo cambi\u00f3 con la llegada de Delgado Carrillo, al mando de este partido en M\u00e9xico&#8230; Tanto as\u00ed, que por esa cercan\u00eda Exsome fue ungido, el fin de semana como el \u00fanico interlocutor con Delgado para temas pol\u00edticos electorales en Veracruz para el 2021&#8230; MOCOS PETRA&#8230;<\/p>\n<p>Esto a pesar de que P\u00e9rez Bernab\u00e9 puede ser uno de los personajes para quedarse con el comit\u00e9 estatal de MORENA en Veracruz&#8230; Esto es una posibilidad, que a\u00fan est\u00e1 por verse porque es obvio que Delgado tendr\u00e1 que \u00abnegociar\u00bb con Cuitl\u00e1huac Garc\u00eda esa posici\u00f3n&#8230; Por eso, de ah\u00ed a que el diputado por Papantla, se quede con la dirigencia en la entidad.. No es a\u00fan una seguridad&#8230; Del \u00abplato a la boca\u00bb&#8230; Miren a Exsome sin tanto \u00abbrinco\u00bb ahora resulta que ser\u00e1 uno de los operadores electorales de Mario Delgado en Veracruz&#8230; AMEN&#8230;<\/p>\n<p>LAS HERENCIAS&#8230; Desde hace tiempo han comentado que el PRI en Veracruz estaba en riesgo&#8230; Algunos dicen que est\u00e1 \u00abbalcanizado\u00bb por H\u00e9ctor, Pepe, Marl\u00f3n y lo que a\u00fan queda de las \u00abherencias\u00bb de Fidel Herrera y Javier Duarte&#8230; Pero como se coment\u00f3 en este espacio&#8230; El PRI y PAN, junto con el PRD son los \u00fanicos partidos con estructura en M\u00e9xico y en Veracruz&#8230; No tiene porque ser diferente&#8230; M\u00e1s cuando MORENA sigue demostrando ser solo un movimiento, no una organizaci\u00f3n pol\u00edtica en la entidad y el pa\u00eds&#8230;<\/p>\n<p>Por eso, el PRI en Veracruz est\u00e1 buscando \u00abresurgir de sus cenizas\u00bb despu\u00e9s de la elecci\u00f3n del 2018&#8230; Apoy\u00e1ndose por liderazgos regionales para fortalecerse&#8230; Sobre todo despu\u00e9s de los triunfos de Coahuila e Hidalgo&#8230; Apostando, con una alianza opositora, pero tambi\u00e9n sabiendo que en 2021, el partido MORENA pueda tener un serio rev\u00e9s electoral&#8230; No controlando ya, el Congreso Local y perdiendo la mayor\u00eda de las alcald\u00edas&#8230;<\/p>\n<p>En pocas palabras&#8230; Los priistas esperan salir fortalecidos de esa elecci\u00f3n, como el PAN y PRD&#8230; Y con ello, volver apostar pol\u00edticamente que en 2024&#8230; MORENA ya no \u00abexistir\u00e1\u00bb como organismo poderoso, despu\u00e9s que ser\u00e1 el \u00faltimo a\u00f1o de gobierno de L\u00f3pez Obrador&#8230; Vean los abucheos que ayer le propinaron al Presidente en Tamaulipas&#8230; Ya la sociedad y sus organizaciones est\u00e1n en contra de su gobierno.. Lo enfrentan y le han perdido el medio&#8230; Porque ya no tienen nada que perder&#8230;<\/p>\n<p>Por eso, ayer en este espacio tambi\u00e9n se tocaba el tema de los Yunes Azules que buscan retornar en 2024 con la figura de Fernando Yunes&#8230; Ellos \u00ableyeron\u00bb la situaci\u00f3n que podr\u00eda presentarse y se adelantan con el tema sucesorio familiar&#8230; Ahora vendr\u00e1 el pol\u00edtico&#8230; Por eso, el PAN sus disputas son al interior, pero se van a arreglar para el 2021&#8230; El comit\u00e9 de Joaqu\u00edn Guzm\u00e1n Avil\u00e9s tendr\u00e1 el poder y ceder\u00e1 espacios a los Yunes&#8230; Tal como lo hizo Marlon en el PRI a grupos regionales y Sergio Cadena en el PRD&#8230; Y se acabaron los conflictos&#8230;<\/p>\n<p>Ante toda esa situaci\u00f3n&#8230; Y debido a que la sociedad veracruzana les dio la \u00abespalda\u00bb por ese motivo&#8230; Es que este PRI intenta de cualquier manera&#8230; \u00abSACUDIRSE\u00bb la \u00abHERENCIA MALDITA\u00bb que les dej\u00f3 en su momento, los gobiernos de Fidel Herrera y Javier Duarte&#8230; Que si bien es cierto, en materia social, tuvieron muchos aciertos&#8230; Lo malo es que la opini\u00f3n p\u00fablica, no pens\u00f3 lo mismo a la hora de ir a depositar su voto en 2016 y 2018&#8230; Ahora este comit\u00e9 estatal priista tiene que \u00abremar\u00bb contra esa corriente&#8230;<\/p>\n<p>Es un \u00abhandicap\u00bb muy complicado porque Veracruz no es Hidalgo&#8230; Ni Coahuila&#8230; Ahora se ver\u00eda con esos hechos, que el PRI local no tiene posibilidades&#8230; Pero en pol\u00edtica nadie est\u00e1 \u00abmuerto\u00bb sino todo lo contrario&#8230; Miren a Mario Delgado, hace una semana estaba \u00abdesahuciado\u00bb y ahora es el dirigente nacional de MORENA&#8230; Ante estos hechos, lo \u00fanico seguro es que no habr\u00e1 \u00abPRIMOR\u00bb en Veracruz en 2021.. El PRI va a buscar lo suyo en la entidad y retener lo que tiene y quedarse con lo que viene&#8230; .<\/p>\n<p>A pesar de que esa \u00abHERENCIA\u00bb es con la que tienen que luchar ante la opini\u00f3n p\u00fablica para quitarse se\u00f1alamientos al respecto por esos 12 a\u00f1os&#8230; Que dejaron pobreza social, una econom\u00eda \u00abpodrida\u00bb, deuda y bursatilizaci\u00f3n, sin posibilidades para que la gente salga de esa pobreza&#8230; Seguridad p\u00fablica deca\u00edda&#8230; Con una clase pol\u00edtica durante esos a\u00f1os posteriores, incapaz de imaginar c\u00f3mo salir de esta situaci\u00f3n, hasta el 2019, que todo cambi\u00f3 en el comit\u00e9 estatal priista&#8230;<\/p>\n<p>Esa fue una \u00abherencia\u00bb que le toc\u00f3 lidiar a Yunes Linares y finalmente no pudo resolver, quiz\u00e1s por eso perdi\u00f3 el PAN en 2016 y gan\u00f3 MORENA.. Ahora el poder lo tienen los Morenos&#8230; Ya se ver\u00e1 en 2021 como lo califica la ciudadan\u00eda con su voto&#8230; Ya que Veracruz, sigue viviendo una crisis, a\u00fan con el nuevo gobierno, econ\u00f3mica, social, educativa, salud y de seguridad p\u00fablica&#8230; Que no se ha podido superar&#8230; Ya la crisis pol\u00edtica, es lo de menos&#8230; Ah\u00ed es donde ve la oportunidad el PRI&#8230; NADIE SABE PARA QUI\u00c9N TRABAJA&#8230;<\/p>\n<p>OTROS REGRESOS&#8230; Tanto as\u00ed es el caso anterior, que ayer domingo hubo un desayuno en la sede del PRI de Boca del R\u00edo, despu\u00e9s de muchos a\u00f1os, Rodolfo LLorente, el l\u00edder local fue el anfitri\u00f3n del comit\u00e9 estatal priista &#8230; Se vieron caras de siempre, nuevas y hasta empresarios&#8230; Algo impensable del 2015 a la fecha&#8230; Pero despu\u00e9s del gobierno de AMLO y los triunfos priistas en Coahuila e Hidalgo, han empezado a regresar&#8230; Bien dicen que los triunfos tienen muchos padres y la derrota, no tiene \u00abmauser\u00bb&#8230; El PRI digamos est\u00e1 en d\u00edas festivos&#8230; AMEN<\/p>\n","protected":false},"excerpt":{"rendered":"<p>Ricardo Ch\u00faa Sale y Vale Ahora que el INE ratific\u00f3 el triunfo de Mario Delgado como dirigente nacional de MORENA&#8230; Muchos creen que el diputado federal veracruzano, m\u00e1s cercano al nuevo presidente, es el papanteco, Jaime Humberto P\u00e9rez Bernab\u00e9&#8230; PERO NO&#8230; Resulta que el mejor AMIGO del nuevo l\u00edder de los Morenos en el pa\u00eds&#8230; [&hellip;]<\/p>\n","protected":false},"author":2,"featured_media":0,"comment_status":"open","ping_status":"open","sticky":false,"template":"","format":"standard","meta":{"_jetpack_newsletter_access":"","_jetpack_dont_email_post_to_subs":false,"_jetpack_newsletter_tier_id":0,"_jetpack_memberships_contains_paywalled_content":false,"_jetpack_memberships_contains_paid_content":false,"footnotes":""},"categories":[70],"tags":[1681,22956,79,22957,22961,16032,162,3288,22963,1026,21060,266,22962,22960,107,251,22964,20045,14721,22959,161],"class_list":["post-62980","post","type-post","status-publish","format-standard","hentry","category-de-opinion","tag-cuitlahuac-garcia","tag-diputado-federal-veracruzano","tag-fidel-herrera","tag-grillas","tag-hector","tag-jaime-humberto-perez-bernabe","tag-javier-duarte","tag-joaquin-guzman-aviles","tag-marlon","tag-morena","tag-munoz-ledo","tag-pan","tag-pepe","tag-perez-bernabe","tag-prd","tag-pri","tag-pri-de-boca-del-rio","tag-pri-en-veracruz","tag-ricardo-exsome","tag-temas-politicos-electorales","tag-yunes-linares"],"jetpack_featured_media_url":"","jetpack_sharing_enabled":true,"jetpack_shortlink":"https:\/\/wp.me\/p4Qcd3-gnO","_links":{"self":[{"href":"https:\/\/lospoliticosveracruz.com.mx\/index.php?rest_route=\/wp\/v2\/posts\/62980","targetHints":{"allow":["GET"]}}],"collection":[{"href":"https:\/\/lospoliticosveracruz.com.mx\/index.php?rest_route=\/wp\/v2\/posts"}],"about":[{"href":"https:\/\/lospoliticosveracruz.com.mx\/index.php?rest_route=\/wp\/v2\/types\/post"}],"author":[{"embeddable":true,"href":"https:\/\/lospoliticosveracruz.com.mx\/index.php?rest_route=\/wp\/v2\/users\/2"}],"replies":[{"embeddable":true,"href":"https:\/\/lospoliticosveracruz.com.mx\/index.php?rest_route=%2Fwp%2Fv2%2Fcomments&post=62980"}],"version-history":[{"count":2,"href":"https:\/\/lospoliticosveracruz.com.mx\/index.php?rest_route=\/wp\/v2\/posts\/62980\/revisions"}],"predecessor-version":[{"id":62983,"href":"https:\/\/lospoliticosveracruz.com.mx\/index.php?rest_route=\/wp\/v2\/posts\/62980\/revisions\/62983"}],"wp:attachment":[{"href":"https:\/\/lospoliticosveracruz.com.mx\/index.php?rest_route=%2Fwp%2Fv2%2Fmedia&parent=62980"}],"wp:term":[{"taxonomy":"category","embeddable":true,"href":"https:\/\/lospoliticosveracruz.com.mx\/index.php?rest_route=%2Fwp%2Fv2%2Fcategories&post=62980"},{"taxonomy":"post_tag","embeddable":true,"href":"https:\/\/lospoliticosveracruz.com.mx\/index.php?rest_route=%2Fwp%2Fv2%2Ftags&post=62980"}],"curies":[{"name":"wp","href":"https:\/\/api.w.org\/{rel}","templated":true}]}}