{"id":63197,"date":"2020-10-30T09:07:00","date_gmt":"2020-10-30T15:07:00","guid":{"rendered":"http:\/\/www.lospoliticosveracruz.com.mx\/?p=63197"},"modified":"2020-10-30T09:08:06","modified_gmt":"2020-10-30T15:08:06","slug":"canibalismo-mediatico-por-la-ceapp","status":"publish","type":"post","link":"https:\/\/lospoliticosveracruz.com.mx\/?p=63197","title":{"rendered":"Canibalismo medi\u00e1tico por la Ceapp"},"content":{"rendered":"<p>&nbsp;<\/p>\n<p><strong>Ricardo Ch\u00faa<\/strong><br \/>\n<em>Sale y Vale<\/em><\/p>\n<p>&nbsp;<\/p>\n<p>LA DECISI\u00d3N&#8230; En espacios pasados&#8230; Se ha tocado el tema de la Comisi\u00f3n Estatal Para la Protecci\u00f3n a Periodistas (CEAPP) y de la elecci\u00f3n de su nuevo presidente, secretario Ejecutivo y comisionados de este organismo aut\u00f3nomo&#8230; Por desgracia. la idea de luchar por quedarse con la comisi\u00f3n, por diversos grupos de periodistas, s\u00f3lo ha dejado en estas \u00faltimas semanas, muchos se\u00f1alamientos y difamaciones en contra del gremio realizadas por los propios periodistas&#8230; Se perdi\u00f3 el respeto entre nosotros&#8230; En una acci\u00f3n de \u00abCANIBALISMO\u00bb MEDI\u00c1TICO&#8230;<\/p>\n<p>&nbsp;<a href=\"https:\/\/www.facebook.com\/notaria61veracruz\/\"><img decoding=\"async\" src=\"http:\/\/www.lospoliticosveracruz.com.mx\/wp-content\/uploads\/2020\/07\/CINTILLO-Armando.jpg\" alt=\"\" \/><\/a><\/p>\n<p>Pareciera que ocupan la t\u00e1ctica de: \u00abTu difama que algo queda\u00bb&#8230; Es lo de hoy, entre el gremio de los comunicadores&#8230;. Muchos est\u00e1n demostrando que han sucumbido por las ansias de poder&#8230; Y por eso atacan a sus compa\u00f1eros&#8230; Ya NO HAY HONOR&#8230; No los se\u00f1alan por falta de m\u00e9ritos profesionales o logros acad\u00e9micos&#8230; NO&#8230; Los difaman por su vida privada&#8230; Eso es lo indigno porque todos, como seres humanos tienen intereses&#8230; Qui\u00e9n est\u00e9 libre de pecado, que tire la primera piedra&#8230; \u00bfQui\u00e9n es el valiente?&#8230;<br \/>\nAyer la \u00abvecina\u00bb Adriana Mu\u00f1oz ha hecho la aseveraci\u00f3n m\u00e1s sensata, de estas semanas a la fecha, donde \u00abtundes\u00bb y sus grupos est\u00e1n peleando por quedarse con la Presidencia&#8230; Pero Mu\u00f1oz, lo dice bien: \u00abLos estatutos de este organismo facultan s\u00f3lo al gobernador de Veracruz para presentar una terna ante el Congreso del Estado, se vota y ah\u00ed sale qui\u00e9n ser\u00e1 la persona que se quedar\u00e1 con la CEAPP\u00bb&#8230; No hay m\u00e1s&#8230; Hagan lo que hagan, la decisi\u00f3n es de Cuitl\u00e1huac&#8230;<br \/>\nPor eso, no se entiende a quienes se \u00abcortan las venas\u00bb por el tema, aduciendo que CEAPP ser\u00e1 tomada por \u00abtundes\u00bb aliados a la 4T&#8230; Atacando a sus propios compa\u00f1eros&#8230;. Acusando a mujeres periodistas de \u00abmuchas linduras\u00bb, no dignas de caballeros&#8230; Mujeres se\u00f1alando a periodistas varones, acus\u00e1ndolos de todo&#8230; Pero, no presentan pruebas.. S\u00f3lo se\u00f1alan de ser y no ser parte de grupos pol\u00edticos en el poder&#8230; Estrategia utilizada como \u00abgolpeteo\u00bb, con el \u00fanico fin de volver a encumbrar al grupo de poder de su conveniencia&#8230;. Ese es todo el inter\u00e9s&#8230;<br \/>\nAs\u00ed que como dijo Adriana Mu\u00f1oz y que hicimos patente en d\u00edas anteriores&#8230; Que la decisi\u00f3n de qui\u00e9n se quede en el poder de la CEAPP&#8230; Ya est\u00e1 tomada&#8230; Legalmente es facultad del gobernador y de nadie m\u00e1s&#8230; As\u00ed pataleen&#8230; Lo mismo hicieron Miguel Angel Yunes, Javier Duarte y Gina Dom\u00ednguez&#8230; Ellos tomaron la decisi\u00f3n de qui\u00e9n ser\u00eda el Presidente, \u00abrecomendaron\u00bb a los comisionados, entonces, por qu\u00e9 ahora tendr\u00eda que ser diferente&#8230; Si la ley es muy clara&#8230; \u00c9XITO PARA LOS QUE ASPIRAN&#8230;<br \/>\nOJO&#8230; El \u00abchambero\u00bb nos confirm\u00f3 que es una mujer la que ocupar\u00e1 la Presidencia de la CEAPP y que el nuevo secretario Ejecutivo, no tendr\u00e1 nada que ver con grupos de periodistas en el Estado&#8230; Nos dicen que es un personaje con mucho conocimiento acad\u00e9mico y que su rollo es netamente educativo&#8230; UFFF&#8230; De lo comisionados que se\u00f1al\u00f3 Adriana Mu\u00f1oz, s\u00f3lo uno est\u00e1 CONFIRMADO&#8230; De la presidencia aunque ser\u00e1 mujer a\u00fan no se confirma qui\u00e9n ocupar\u00e1 este sitio&#8230; Hasta ahora s\u00f3lo son especulaciones&#8230; YA NO SE MADREEN&#8230; AMEN&#8230;<\/p>\n<p>EL \u00abAPRET\u00d3N\u00bb&#8230; Vaya situaci\u00f3n que est\u00e1n por vivir algunos alcaldes veracruzanos, sobre todo los de municipios con m\u00e1s territorio y que son cabeceras de su distrito&#8230; Ya que hay versiones al interior del Palacio de Gobierno de Veracruz&#8230; Que est\u00e1n preparando una estrategia para hacer que esos mun\u00edcipes en unos meses puedan OPERAR con MORENA sin problema alguno.. Para la elecci\u00f3n del 2021&#8230; \u00abCOPELAN\u00bb O&#8230;<br \/>\nDicen que altos funcionarios del gobierno estatal PRESUNTAMENTE intentan que los alcaldes se \u00abcuadren\u00bb con ellos.. Para operar a favor de los Morenos en las pr\u00f3ximas campa\u00f1as pol\u00edticas en Veracruz&#8230; Con la \u00absentencia\u00bb que si no lo hacen, les har\u00e1n algo de su \u00abvida\u00bb pol\u00edtica \u00abcansada\u00bb&#8230; Ya que a trav\u00e9s del \u00d3rgano de Fiscalizaci\u00f3n Superior, les har\u00e1n la llamada pertinente para que entiendan qui\u00e9n y como manda&#8230; Sino la auditor\u00eda a su administraci\u00f3n municipal por delante&#8230; \u00bfAcaso hay otra forma?&#8230;<br \/>\nAs\u00ed que esto no tiene mucha ciencia&#8230; Los alcaldes ser\u00e1n \u00abcuadrados\u00bb ha fuerza&#8230; Si se niegan, viene el \u00abapret\u00f3n\u00bb y ah\u00ed no hay nadie que se resista con una auditor\u00eda del ORFIS y m\u00e1s que la misma, podr\u00eda tener una tendencia nada favorable a la administraci\u00f3n municipal y a su alcalde&#8230; Y, pues, como en Veracruz s\u00f3lo no se sabe, lo que no ha ocurrido&#8230; Uno de los presidentes municipales se\u00f1alados es el de San Andr\u00e9s Tuxtla: Octavio P\u00e9rez Garay&#8230; Se le vienen \u00abtardes negras\u00bb para \u00abLos Tuxtlas\u00bb&#8230;<br \/>\nAl alcalde de ese municipio, Tavo P\u00e9rez Garay&#8230; No le tienen confianza los Morenos&#8230; Por eso, no se le ve que haya pactado pol\u00edticamente con Cuitl\u00e1huac, Eric Cisneros o Juan Javier G\u00f3mez Cazar\u00edn&#8230; A pesar de que esa ciudad, representa el 60 por ciento de la votaci\u00f3n de todo su distrito&#8230; Ni as\u00ed, Cazar\u00edn le ha pedido ayuda&#8230; M\u00e1s cuando, se sabe que va de nuevo como candidato a diputado local por este distrito&#8230; Ya no hay alcald\u00eda de Coatza&#8230; Por ello, es raro que no haya pactado&#8230;<br \/>\nAdem\u00e1s el supuesto se\u00f1alamiento contra el alcalde independiente&#8230;. Es PRESUNTAMENTE por un DA\u00d1O PATRIMONIAL a su administraci\u00f3n municipal en a\u00f1os anteriores de m\u00e1s de 10 millones de pesos&#8230; Mismos que se supone, no han sido aclarados en su cuenta p\u00fablica&#8230; Y que es ah\u00ed, donde el ORFIS toma la \u00abbatuta\u00bb de la situaci\u00f3n y realiza el trabajo \u00aboscuro\u00bb, que se supone fue ordenado por un personaje a\u00fan m\u00e1s \u00aboscuro\u00bb&#8230;.<br \/>\nObvio que Tavo P\u00e9rez no ser\u00e1 el \u00fanico alcalde se\u00f1alado&#8230; Habr\u00e1 otros&#8230; Pero a ellos, \u00e9l les interesa en demas\u00eda&#8230; M\u00e1s cuando el ayuntamiento controla el municipio con m\u00e1s poder en el distrito&#8230; Por eso, otros mun\u00edcipes que han ido al ORFIS han mencionado que hasta los EXPEDIENTES les esconden para presionarlos.. Una t\u00e1ctica que no es muy novedosa en Veracruz, ya que tambi\u00e9n este tipo de acciones las ocupaban otros ex gobernadores&#8230; La lucha electoral ya empez\u00f3 y se van a valer de todo&#8230; El primero en la mira es Tavp P\u00e9rez Garay&#8230; AMEN&#8230;<\/p>\n","protected":false},"excerpt":{"rendered":"<p>&nbsp; Ricardo Ch\u00faa Sale y Vale &nbsp; LA DECISI\u00d3N&#8230; En espacios pasados&#8230; Se ha tocado el tema de la Comisi\u00f3n Estatal Para la Protecci\u00f3n a Periodistas (CEAPP) y de la elecci\u00f3n de su nuevo presidente, secretario Ejecutivo y comisionados de este organismo aut\u00f3nomo&#8230; Por desgracia. la idea de luchar por quedarse con la comisi\u00f3n, por [&hellip;]<\/p>\n","protected":false},"author":2,"featured_media":0,"comment_status":"open","ping_status":"open","sticky":false,"template":"","format":"standard","meta":{"_jetpack_newsletter_access":"","_jetpack_dont_email_post_to_subs":false,"_jetpack_newsletter_tier_id":0,"_jetpack_memberships_contains_paywalled_content":false,"_jetpack_memberships_contains_paid_content":false,"footnotes":""},"categories":[70],"tags":[17426,23135,23134,4476,23133,12686,12695,135,1947,23137,8533],"class_list":["post-63197","post","type-post","status-publish","format-standard","hentry","category-de-opinion","tag-4t","tag-adriana-munoz","tag-canibalismo-mediatico","tag-ceapp","tag-comision-estatal-para-la-proteccion-a-periodistas","tag-eric-cisneros","tag-juan-javier-gomez-cazarin","tag-orfis","tag-organo-de-fiscalizacion-superior","tag-palacio-de-gobierno-de-veracruz","tag-tavo-perez-garay"],"jetpack_featured_media_url":"","jetpack_sharing_enabled":true,"jetpack_shortlink":"https:\/\/wp.me\/p4Qcd3-grj","_links":{"self":[{"href":"https:\/\/lospoliticosveracruz.com.mx\/index.php?rest_route=\/wp\/v2\/posts\/63197","targetHints":{"allow":["GET"]}}],"collection":[{"href":"https:\/\/lospoliticosveracruz.com.mx\/index.php?rest_route=\/wp\/v2\/posts"}],"about":[{"href":"https:\/\/lospoliticosveracruz.com.mx\/index.php?rest_route=\/wp\/v2\/types\/post"}],"author":[{"embeddable":true,"href":"https:\/\/lospoliticosveracruz.com.mx\/index.php?rest_route=\/wp\/v2\/users\/2"}],"replies":[{"embeddable":true,"href":"https:\/\/lospoliticosveracruz.com.mx\/index.php?rest_route=%2Fwp%2Fv2%2Fcomments&post=63197"}],"version-history":[{"count":2,"href":"https:\/\/lospoliticosveracruz.com.mx\/index.php?rest_route=\/wp\/v2\/posts\/63197\/revisions"}],"predecessor-version":[{"id":63200,"href":"https:\/\/lospoliticosveracruz.com.mx\/index.php?rest_route=\/wp\/v2\/posts\/63197\/revisions\/63200"}],"wp:attachment":[{"href":"https:\/\/lospoliticosveracruz.com.mx\/index.php?rest_route=%2Fwp%2Fv2%2Fmedia&parent=63197"}],"wp:term":[{"taxonomy":"category","embeddable":true,"href":"https:\/\/lospoliticosveracruz.com.mx\/index.php?rest_route=%2Fwp%2Fv2%2Fcategories&post=63197"},{"taxonomy":"post_tag","embeddable":true,"href":"https:\/\/lospoliticosveracruz.com.mx\/index.php?rest_route=%2Fwp%2Fv2%2Ftags&post=63197"}],"curies":[{"name":"wp","href":"https:\/\/api.w.org\/{rel}","templated":true}]}}